{"id":628942,"date":"2025-12-30T02:34:04","date_gmt":"2025-12-30T02:34:04","guid":{"rendered":"https:\/\/www.europesays.com\/fr\/628942\/"},"modified":"2025-12-30T02:34:04","modified_gmt":"2025-12-30T02:34:04","slug":"stage-de-survie-pres-de-strasbourg-67-aventure-ingwiller-date-horaires-tarifs","status":"publish","type":"post","link":"https:\/\/www.europesays.com\/fr\/628942\/","title":{"rendered":"Stage de survie pr\u00e8s de Strasbourg (67), Aventure Ingwiller : date, horaires, tarifs"},"content":{"rendered":"<p class=\"fw-bold font-size-16 my-1\"> . . | <a href=\"https:\/\/www.jds.fr\/strasbourg\/ingwiller-733_V\" target=\"_blank\" rel=\"noopener\">Ingwiller<\/a><\/p>\n<p class=\"fw-bold font-size-16 my-1\"> Stage de survie, Prix \/ personne : 189\u00a0\u20ac <\/p>\n<ul class=\"list-unstyled d-flex flex-wrap mt-2\">\n<li class=\"me-2 mb-2\">aventure<\/li>\n<li class=\"me-2 mb-2\">\u00e9ducatif<\/li>\n<li class=\"me-2 mb-2\">nature<\/li>\n<li class=\"me-2 mb-2\">ados<\/li>\n<li class=\"me-2 mb-2\">adultes<\/li>\n<li class=\"me-2 mb-2\">plein air<\/li>\n<li class=\"me-2 mb-2\">site naturel\u00a0<\/li>\n<li class=\"me-2 mb-2\">journ\u00e9e enti\u00e8re\u00a0<\/li>\n<li class=\"me-2 mb-2\">nature<\/li>\n<li class=\"me-2 mb-2\">sport<\/li>\n<\/ul>\n<p><a class=\"btn btn-lg shadow-lg btn-primary rounded-pill fnac_link\" data-fnac=\"haut\" href=\"https:\/\/lb.affilae.com\/r\/?p=5f7dd9b02760126e01e487b3&amp;af=628&amp;lp=https%3A%2F%2Fwww.funbooker.com%2Ffr%2Fannonce%2Fstage-de-survie-pres-de-strasbourg-67%2Fvoir%3Futm_source%3Daffilae%26utm_medium%3Djds\" target=\"_blank\" rel=\"nofollow noopener\"> Acheter des billets<\/a><\/p>\n<p>Vous avez toujours r\u00eav\u00e9 de vous prendre pour un aventurier de Koh-Lanta ou pour Mike Horn et de d\u00e9velopper vos capacit\u00e9s de survie pour une exp\u00e9dition\u00a0? <strong>\u00c9l\u00e9onore<\/strong> et son \u00e9quipe de moniteurs vous proposent un stage de survie dans l\u2019Ain, \u00e0 proximit\u00e9 de Lyon.<\/p>\n<p><a data-lightbox=\"article\" data-title=\"Stage de survie pr\u00e8s de Strasbourg (67) DR\" class=\"image detail fullwidth  position-relative d-block\" href=\"https:\/\/www.jds.fr\/medias\/image\/stage-de-survie-pres-de-strasbourg-67-807208-920-0-F.webp\" title=\"Stage de survie pr\u00e8s de Strasbourg (67) DR\" target=\"_blank\" rel=\"noopener\"><br \/>\n<img decoding=\"async\" loading=\"lazy\" src=\"https:\/\/www.europesays.com\/fr\/wp-content\/uploads\/2025\/12\/stage-de-survie-pres-de-strasbourg-67-807208-1200-0.webp.webp\"   width=\"685\" alt=\"Stage de survie pr\u00e8s de Strasbourg (67)\" class=\"border\"\/><br \/>\nDR<br \/>\nStage de survie pr\u00e8s de Strasbourg (67)<br \/>\n<\/a><\/p>\n<p><strong>Votre stage de survie pr\u00e8s de Strasbourg<\/strong><\/p>\n<p><strong>Dur\u00e9e\u00a0:<\/strong> 2 jours \/ 1 nuit &#8211; \u00c0 partir de 16 ans &#8211; Pas de condition physique particuli\u00e8re<\/p>\n<p><strong>Votre guide\u00a0:<\/strong> vous serez accompagn\u00e9s par \u00c9l\u00e9onore ou un membre de son \u00e9quipe. Les moniteurs sont dipl\u00f4m\u00e9s dans diverses sp\u00e9cialit\u00e9s (AEM, guide de haute montagne, CQP randonn\u00e9e, BPJEPS, ma\u00eetre-nageur) et sont s\u00e9lectionn\u00e9s pour leurs qualit\u00e9s p\u00e9dagogiques.<\/p>\n<p><strong>Vous apprendrez\u00a0:<\/strong><\/p>\n<ul>\n<li><strong>Eau &amp; nourriture\u00a0:<\/strong> comment trouver des points d\u2019eau, les purifier, quelles plantes sauvages sont comestibles, quels insectes vous pouvez manger, comment cr\u00e9er et installer des pi\u00e8ges.<\/li>\n<li><strong>Abri\u00a0:<\/strong> comment construire un abri pour passer une nuit correcte dans votre bivouac.<\/li>\n<li><strong>R\u00e9gulation thermique\u00a0:<\/strong> appr\u00e9hender les probl\u00e9matiques de froid et de chaud, d\u00e9marrer un feu en conditions d\u00e9grad\u00e9es.<\/li>\n<li><strong>D\u00e9placement\u00a0:<\/strong> franchir des obstacles avec des n\u0153uds adapt\u00e9s, s\u2019orienter avec ou sans mat\u00e9riel.<\/li>\n<\/ul>\n<p>\u00c0 l\u2019issue du week-end, vous aurez les bases pour pr\u00e9parer vos premiers bivouacs dans la grande majorit\u00e9 des environnements et s\u00e9curiser vos sorties en autonomie. Cette activit\u00e9 est id\u00e9ale pour les aventuriers en herbe ou pour des personnes souhaitant tester leurs limites\u00a0!<\/p>\n<p>            Renseignements<\/p>\n<p><strong class=\"font-size-18\">O\u00f9\u00a0:<\/strong><br \/> . .<a class=\"mt-1 d-block ps-4\" href=\"https:\/\/www.jds.fr\/strasbourg\/ingwiller-733_V\" target=\"_blank\" rel=\"noopener\"> 67340 Ingwiller<\/a><\/p>\n<p>Tarifs et billetterie\u00a0: <\/p>\n<p>Stage de survie, Prix \/ personne : 189\u00a0\u20ac<\/p>\n<p>Les actualit\u00e9s \u00e0 Strasbourg<\/p>\n<ul class=\"mt-3 list-unstyled list-articles-v2\" id=\"liste-dates-69533a17753a8\">\n<li class=\"col-12 pt-4\" data-view-id-type=\"1\" data-view-id=\"1289835\" data-view-bc=\"0\"><a class=\"image\" href=\"https:\/\/www.jds.fr\/strasbourg\/magazine\/actu-magazine\/cahier-d-activites-en-alsacien-pour-enfants-le-feriespass-de-l-olca-1289835_A\" target=\"_blank\" rel=\"noopener\"><img decoding=\"async\" loading=\"lazy\" src=\"https:\/\/www.europesays.com\/fr\/wp-content\/uploads\/2025\/12\/cahier-d-activites-en-alsacien-pour-enfants-le-fer-796676-180-180.webp.webp\" width=\"180\" height=\"180\" alt=\"Cahier d'activit\u00e9s en alsacien pour enfants : le Feriesp\u00e0ss de l'OLCA\" class=\"border\"\/><\/a><\/li>\n<li class=\"col-12 pt-4\" data-view-id-type=\"1\" data-view-id=\"1283751\" data-view-bc=\"0\"><a class=\"image\" href=\"https:\/\/www.jds.fr\/strasbourg\/magazine\/actu-magazine\/noel-solidaire-a-strasbourg-l-armee-du-salut-relance-ses-marmites-de-noel-1283751_A\" target=\"_blank\" rel=\"noopener\"><img decoding=\"async\" loading=\"lazy\" src=\"https:\/\/www.europesays.com\/fr\/wp-content\/uploads\/2025\/12\/marmites-de-noel-de-l-armee-du-salut-a-strasbourg-793634-180-180.webp.webp\" width=\"180\" height=\"180\" alt=\"No\u00ebl solidaire \u00e0 Strasbourg : l\u2019Arm\u00e9e du Salut relance ses Marmites de No\u00ebl\" class=\"border\"\/><\/a><\/li>\n<li class=\"col-12 pt-4\" data-view-id-type=\"1\" data-view-id=\"1281506\" data-view-bc=\"0\"><a class=\"image\" href=\"https:\/\/www.jds.fr\/strasbourg\/magazine\/actu-magazine\/5-pieces-de-theatre-a-voir-a-strasbourg-en-janvier-pour-bien-commencer-l-annee-2026-1281506_A\" target=\"_blank\" rel=\"noopener\"><img decoding=\"async\" loading=\"lazy\" src=\"https:\/\/www.europesays.com\/fr\/wp-content\/uploads\/2025\/12\/5-pieces-de-theatre-a-voir-a-strasbourg-en-janvier-791597-180-180.webp.webp\" width=\"180\" height=\"180\" alt=\"5 pi\u00e8ces de th\u00e9\u00e2tre \u00e0 voir \u00e0 Strasbourg en janvier pour bien commencer l'ann\u00e9e 2026\" class=\"border\"\/><\/a><\/li>\n<\/ul>\n<p><a href=\"https:\/\/www.jds.fr\/strasbourg\/magazine\/\" class=\"btn btn-outline-primary py-2 px-4\" target=\"_blank\" rel=\"noopener\">Voir toutes les actualit\u00e9s \u00e0 Strasbourg<\/a><\/p>\n<p class=\"mt-0 mb-3 h2\">Newsletter JDS Strasbourg<\/p>\n<p class=\"font-size-18 fw-normal lh-sm\">Pr\u00eat pour un week-end de folie\u00a0? Chaque jeudi tous les bons plans sorties<\/p>\n","protected":false},"excerpt":{"rendered":". . | Ingwiller Stage de survie, Prix \/ personne : 189\u00a0\u20ac aventure \u00e9ducatif nature ados adultes plein&hellip;\n","protected":false},"author":2,"featured_media":628943,"comment_status":"","ping_status":"","sticky":false,"template":"","format":"standard","meta":{"footnotes":""},"categories":[2820],"tags":[1111,11,1777,674,1011,27,775,12,25,640],"class_list":{"0":"post-628942","1":"post","2":"type-post","3":"status-publish","4":"format-standard","5":"has-post-thumbnail","7":"category-strasbourg","8":"tag-actu","9":"tag-actualites","10":"tag-eu","11":"tag-europe","12":"tag-fr","13":"tag-france","14":"tag-grand-est","15":"tag-news","16":"tag-republique-francaise","17":"tag-strasbourg"},"share_on_mastodon":{"url":"https:\/\/pubeurope.com\/@fr\/115806186166456118","error":""},"_links":{"self":[{"href":"https:\/\/www.europesays.com\/fr\/wp-json\/wp\/v2\/posts\/628942","targetHints":{"allow":["GET"]}}],"collection":[{"href":"https:\/\/www.europesays.com\/fr\/wp-json\/wp\/v2\/posts"}],"about":[{"href":"https:\/\/www.europesays.com\/fr\/wp-json\/wp\/v2\/types\/post"}],"author":[{"embeddable":true,"href":"https:\/\/www.europesays.com\/fr\/wp-json\/wp\/v2\/users\/2"}],"replies":[{"embeddable":true,"href":"https:\/\/www.europesays.com\/fr\/wp-json\/wp\/v2\/comments?post=628942"}],"version-history":[{"count":0,"href":"https:\/\/www.europesays.com\/fr\/wp-json\/wp\/v2\/posts\/628942\/revisions"}],"wp:featuredmedia":[{"embeddable":true,"href":"https:\/\/www.europesays.com\/fr\/wp-json\/wp\/v2\/media\/628943"}],"wp:attachment":[{"href":"https:\/\/www.europesays.com\/fr\/wp-json\/wp\/v2\/media?parent=628942"}],"wp:term":[{"taxonomy":"category","embeddable":true,"href":"https:\/\/www.europesays.com\/fr\/wp-json\/wp\/v2\/categories?post=628942"},{"taxonomy":"post_tag","embeddable":true,"href":"https:\/\/www.europesays.com\/fr\/wp-json\/wp\/v2\/tags?post=628942"}],"curies":[{"name":"wp","href":"https:\/\/api.w.org\/{rel}","templated":true}]}}