{"id":628944,"date":"2025-12-30T02:35:13","date_gmt":"2025-12-30T02:35:13","guid":{"rendered":"https:\/\/www.europesays.com\/fr\/628944\/"},"modified":"2025-12-30T02:35:13","modified_gmt":"2025-12-30T02:35:13","slug":"previsions-du-mardi-30-decembre-2025-3","status":"publish","type":"post","link":"https:\/\/www.europesays.com\/fr\/628944\/","title":{"rendered":"pr\u00e9visions du mardi 30 d\u00e9cembre 2025"},"content":{"rendered":"<p>Cette journ\u00e9e rimera avec grand soleil pour Strasbourg. L&rsquo;hiver se fait sentir : les temp\u00e9ratures afficheront entre -2 et 3\u00b0C. Les Strasbourgeois vont avoir froid le matin : les temp\u00e9ratures ne vont pas d\u00e9passer 3\u00b0C. Les valeurs seront de 1\u00b0C. Une l\u00e9g\u00e8re brise de nord soufflera. Les Strasbourgeois vont avoir froid l&rsquo;apr\u00e8s-midi : les temp\u00e9ratures ne vont pas d\u00e9passer 3\u00b0C. L&rsquo;hiver s&rsquo;est d\u00e9finitivement install\u00e9 puisque les temp\u00e9ratures s&rsquo;\u00e9chelonneront de 0 \u00e0 3\u00b0C. Des \u00e9claircies sont attendues : on passera une soir\u00e9e agr\u00e9able. Il va faire -1\u00b0C en moyenne. On pr\u00e9voit une nuit claire entre mardi et mercredi.<\/p>\n<p>C&rsquo;est un soleil splendide qui va briller demain sur Strasbourg. Une baisse des temp\u00e9ratures est pr\u00e9vue rappelant l&rsquo;hiver aux bons souvenirs des habitants. On anticipe des valeurs avoisinant -1\u00b0C. Les Strasbourgeois vont avoir froid le matin : les temp\u00e9ratures ne vont pas d\u00e9passer 0\u00b0C. Les maximales iront jusqu&rsquo;\u00e0 0\u00b0C tandis que les minimales seront de -3\u00b0C : un temps de saison. Un vent de nord-est rafra\u00eechira l\u00e9g\u00e8rement l&rsquo;atmosph\u00e8re. Les Strasbourgeois vont avoir froid demain apr\u00e8s-midi : les temp\u00e9ratures ne vont pas d\u00e9passer 1\u00b0C. Les valeurs seront comprises entre -2\u00b0C et 1\u00b0C, rappelant l&rsquo;hiver au bon souvenir des habitants. Le ciel va s&rsquo;\u00e9claircir au cours de la soir\u00e9e. Un modeste vent de nord-est sera ressenti par les habitants.<\/p>\n<p>Les conditions m\u00e9t\u00e9orologiques des jours suivants vont \u00e9voluer peu \u00e0 peu. La m\u00e9t\u00e9o perdurera jeudi mais une d\u00e9gradation s&rsquo;ensuivra vendredi.<\/p>\n<p><\/p>\n","protected":false},"excerpt":{"rendered":"Cette journ\u00e9e rimera avec grand soleil pour Strasbourg. L&rsquo;hiver se fait sentir : les temp\u00e9ratures afficheront entre -2&hellip;\n","protected":false},"author":2,"featured_media":628945,"comment_status":"","ping_status":"","sticky":false,"template":"","format":"standard","meta":{"footnotes":""},"categories":[2820],"tags":[1111,11,1777,674,1011,27,775,12,2119,25,640],"class_list":{"0":"post-628944","1":"post","2":"type-post","3":"status-publish","4":"format-standard","5":"has-post-thumbnail","7":"category-strasbourg","8":"tag-actu","9":"tag-actualites","10":"tag-eu","11":"tag-europe","12":"tag-fr","13":"tag-france","14":"tag-grand-est","15":"tag-news","16":"tag-previsions-meteo","17":"tag-republique-francaise","18":"tag-strasbourg"},"share_on_mastodon":{"url":"https:\/\/pubeurope.com\/@fr\/115806189818027691","error":""},"_links":{"self":[{"href":"https:\/\/www.europesays.com\/fr\/wp-json\/wp\/v2\/posts\/628944","targetHints":{"allow":["GET"]}}],"collection":[{"href":"https:\/\/www.europesays.com\/fr\/wp-json\/wp\/v2\/posts"}],"about":[{"href":"https:\/\/www.europesays.com\/fr\/wp-json\/wp\/v2\/types\/post"}],"author":[{"embeddable":true,"href":"https:\/\/www.europesays.com\/fr\/wp-json\/wp\/v2\/users\/2"}],"replies":[{"embeddable":true,"href":"https:\/\/www.europesays.com\/fr\/wp-json\/wp\/v2\/comments?post=628944"}],"version-history":[{"count":0,"href":"https:\/\/www.europesays.com\/fr\/wp-json\/wp\/v2\/posts\/628944\/revisions"}],"wp:featuredmedia":[{"embeddable":true,"href":"https:\/\/www.europesays.com\/fr\/wp-json\/wp\/v2\/media\/628945"}],"wp:attachment":[{"href":"https:\/\/www.europesays.com\/fr\/wp-json\/wp\/v2\/media?parent=628944"}],"wp:term":[{"taxonomy":"category","embeddable":true,"href":"https:\/\/www.europesays.com\/fr\/wp-json\/wp\/v2\/categories?post=628944"},{"taxonomy":"post_tag","embeddable":true,"href":"https:\/\/www.europesays.com\/fr\/wp-json\/wp\/v2\/tags?post=628944"}],"curies":[{"name":"wp","href":"https:\/\/api.w.org\/{rel}","templated":true}]}}