{"id":628948,"date":"2025-12-30T02:40:15","date_gmt":"2025-12-30T02:40:15","guid":{"rendered":"https:\/\/www.europesays.com\/fr\/628948\/"},"modified":"2025-12-30T02:40:15","modified_gmt":"2025-12-30T02:40:15","slug":"nantes-en-pince-pour-un-ancien-crack-de-ligue-1","status":"publish","type":"post","link":"https:\/\/www.europesays.com\/fr\/628948\/","title":{"rendered":"Nantes en pince pour un ancien crack de Ligue 1"},"content":{"rendered":"<p>Un visage bien connu de la <a href=\"https:\/\/www.onzemondial.com\/ligue-1\" target=\"_blank\" rel=\"noopener\">Ligue 1<\/a> pourrait faire son retour en France dans les prochaines semaines. Zakaria Aboukhlal, ancien joueur du Toulouse FC entre 2022 et 2025 et international marocain aux 22 capes avec les Lions de l\u2019Atlas, serait proche de s\u2019engager avec le FC Nantes. Une destination particuli\u00e8re, tant les relations entre les deux clubs sont devenues tendues ces derni\u00e8res saisons, et qui donnerait \u00e0 ce retour un parfum tr\u00e8s sp\u00e9cial lors de leur prochain affrontement.<\/p>\n<p>Une arriv\u00e9e \u00e0 Nantes pour se refaire la cerise<\/p>\n<p>Selon des informations de Ouest-France, l\u2019attaquant de 25 ans chercherait avant tout \u00e0 se relancer, lui qui gal\u00e8re depuis son d\u00e9part de Toulouse. Recrut\u00e9 par le Torino l\u2019\u00e9t\u00e9 dernier, Aboukhlal peine \u00e0 s\u2019imposer en <a href=\"https:\/\/www.onzemondial.com\/etranger\/italie.html\" target=\"_blank\" rel=\"noopener\">Serie A<\/a>. Sur les 17 premi\u00e8res rencontres possibles de son \u00e9quipe, il n\u2019a \u00e9t\u00e9 utilis\u00e9 qu\u2019\u00e0 neuf reprises et n\u2019a plus connu la moindre titularisation depuis le 21 septembre, lors d\u2019une lourde d\u00e9faite face \u00e0 l\u2019Atalanta (3-0). Une situation compliqu\u00e9e qui l\u2019aurait pouss\u00e9 \u00e0 envisager un nouveau changement d\u2019air.<\/p>\n<p>Toujours selon les m\u00eames sources, le joueur serait en qu\u00eate de temps de jeu et aurait \u00e9t\u00e9 s\u00e9duit \u00e0 l\u2019id\u00e9e de rejoindre la Loire-Atlantique. Des discussions auraient d\u00e9j\u00e0 eu lieu avec Ahmed Kantari, l\u2019entra\u00eeneur nantais, et un accord de principe aurait \u00e9t\u00e9 trouv\u00e9 entre les diff\u00e9rentes parties. Il s\u2019agirait d\u2019un pr\u00eat assorti d\u2019une option d\u2019achat, comme le pr\u00e9cise L\u2019\u00c9quipe, avec un salaire int\u00e9gralement pris en charge par le FC Nantes.<\/p>\n<p>\u00c0 lire aussi :Des pol\u00e9miques \u00e0 venir en cas de transfert<\/p>\n<p>Ce possible transfert ne manquerait pas de faire r\u00e9agir, notamment \u00e0 Toulouse. Les rapports entre supporters toulousains et nantais sont tendus depuis plusieurs ann\u00e9es. En 2022, un tag insultant envers la m\u00e9moire de Brice Taton, supporter du TFC assassin\u00e9 en 2009 \u00e0 Belgrade, avait \u00e9t\u00e9 d\u00e9couvert dans les couloirs du stade de La Beaujoire, abimant les relations entre les deux clubs.<\/p>\n<p>Le passage de Zakaria Aboukhlal \u00e0 Toulouse a, lui aussi, laiss\u00e9 un souvenir contrast\u00e9. Sur le plan sportif, l\u2019ailier marocain a \u00e9t\u00e9 r\u00e9guli\u00e8rement utilis\u00e9 et s\u2019est montr\u00e9 d\u00e9cisif. En trois saisons sous le maillot violet, il a disput\u00e9 83 rencontres, inscrit 25 buts et d\u00e9livr\u00e9 neuf passes d\u00e9cisives. En dehors du terrain, son image s\u2019est toutefois brouill\u00e9e. Son refus de porter le maillot arc-en-ciel contre l\u2019homophobie en 2023, ainsi que des soup\u00e7ons de propos d\u00e9plac\u00e9s envers Laurence Arribag\u00e9, alors adjointe au maire de Toulouse, ont marqu\u00e9 les esprits.<\/p>\n<p>   Partagez cette info avec vos amis et vos proches en cliquant ici<br \/> Pour r\u00e9sumer<\/p>\n<p>En difficult\u00e9 au Torino, Zakaria Aboukhlal pourrait revenir en Ligue 1 du c\u00f4t\u00e9 de Nantes sous la forme d\u2019un pr\u00eat avec option d\u2019achat. L\u2019ancien Toulousain cherche du temps de jeu. En cas d\u2019arriv\u00e9e du joueur avec les Canaris, le prochain duel contre le T\u00e9f\u00e9c\u00e9 sera \u00e9lectrique.<\/p>\n<p>R\u00e9dacteur<\/p>\n<p><img decoding=\"async\" width=\"76\" height=\"76\" loading=\"lazy\" src=\"https:\/\/www.europesays.com\/fr\/wp-content\/uploads\/2025\/04\/avatar-onze.webp.webp\" alt=\"J\u00e9r\u00e9my lhostis\"\/><\/p>\n","protected":false},"excerpt":{"rendered":"Un visage bien connu de la Ligue 1 pourrait faire son retour en France dans les prochaines semaines.&hellip;\n","protected":false},"author":2,"featured_media":628949,"comment_status":"","ping_status":"","sticky":false,"template":"","format":"standard","meta":{"footnotes":""},"categories":[2818],"tags":[1111,11,1777,674,1011,27,66,766,12,2636,25,10662],"class_list":{"0":"post-628948","1":"post","2":"type-post","3":"status-publish","4":"format-standard","5":"has-post-thumbnail","7":"category-nantes","8":"tag-actu","9":"tag-actualites","10":"tag-eu","11":"tag-europe","12":"tag-fr","13":"tag-france","14":"tag-ligue-1","15":"tag-nantes","16":"tag-news","17":"tag-pays-de-la-loire","18":"tag-republique-francaise","19":"tag-transferts"},"share_on_mastodon":{"url":"https:\/\/pubeurope.com\/@fr\/115806209584489064","error":""},"_links":{"self":[{"href":"https:\/\/www.europesays.com\/fr\/wp-json\/wp\/v2\/posts\/628948","targetHints":{"allow":["GET"]}}],"collection":[{"href":"https:\/\/www.europesays.com\/fr\/wp-json\/wp\/v2\/posts"}],"about":[{"href":"https:\/\/www.europesays.com\/fr\/wp-json\/wp\/v2\/types\/post"}],"author":[{"embeddable":true,"href":"https:\/\/www.europesays.com\/fr\/wp-json\/wp\/v2\/users\/2"}],"replies":[{"embeddable":true,"href":"https:\/\/www.europesays.com\/fr\/wp-json\/wp\/v2\/comments?post=628948"}],"version-history":[{"count":0,"href":"https:\/\/www.europesays.com\/fr\/wp-json\/wp\/v2\/posts\/628948\/revisions"}],"wp:featuredmedia":[{"embeddable":true,"href":"https:\/\/www.europesays.com\/fr\/wp-json\/wp\/v2\/media\/628949"}],"wp:attachment":[{"href":"https:\/\/www.europesays.com\/fr\/wp-json\/wp\/v2\/media?parent=628948"}],"wp:term":[{"taxonomy":"category","embeddable":true,"href":"https:\/\/www.europesays.com\/fr\/wp-json\/wp\/v2\/categories?post=628948"},{"taxonomy":"post_tag","embeddable":true,"href":"https:\/\/www.europesays.com\/fr\/wp-json\/wp\/v2\/tags?post=628948"}],"curies":[{"name":"wp","href":"https:\/\/api.w.org\/{rel}","templated":true}]}}