{"id":628950,"date":"2025-12-30T02:41:20","date_gmt":"2025-12-30T02:41:20","guid":{"rendered":"https:\/\/www.europesays.com\/fr\/628950\/"},"modified":"2025-12-30T02:41:20","modified_gmt":"2025-12-30T02:41:20","slug":"a-bordeaux-ils-veulent-etre-elus-au-conseil-municipal-pour-mieux-demissionner","status":"publish","type":"post","link":"https:\/\/www.europesays.com\/fr\/628950\/","title":{"rendered":"\u00c0 Bordeaux, ils veulent \u00eatre \u00e9lus au conseil municipal pour\u2026 mieux d\u00e9missionner"},"content":{"rendered":"<p>                    Par<br \/>\n        <strong><br \/>\n            <a href=\"https:\/\/actu.fr\/auteur\/juliette-cardinale\" title=\"Consulter tous les articles de Juliette Cardinale\" target=\"_blank\" rel=\"noopener\">Juliette Cardinale<\/a><br \/>\n                    <\/strong><\/p>\n<p>        Publi\u00e9 le<\/p>\n<p>            28 d\u00e9c. 2025 \u00e0 18h04        <\/p>\n<p>Ils \u00e9taient les premiers \u00e0 <strong>se d\u00e9clarer candidats,<\/strong> plus d\u2019un an avant les \u00e9lections municipales de 2026. La liste <a href=\"https:\/\/actu.fr\/bordeaux\/\" target=\"_blank\" rel=\"noopener\">Bordeaux<\/a> en luttes est form\u00e9e de figures des gilets jaunes et de la gauche radicale, aujourd\u2019hui repr\u00e9sent\u00e9s par Myriam Eckert au conseil municipal. Fort de cette exp\u00e9rience, le collectif esp\u00e8re\u00a0<strong>obtenir plus de si\u00e8ges d\u2019\u00e9lus\u00a0<\/strong>en mars prochain. Au c\u0153ur de leur programme\u2009: augmenter la d\u00e9mocratie directe, et pour cela, instaurer <strong>un mandat tournant.<\/strong><\/p>\n<p>Un mandat tournant<\/p>\n<p class=\" wall-content\">\u00ab\u2009On est tenus par les r\u00e8gles de fonctionnement d\u2019un conseil municipal, mais ce qu\u2019on aimerait faire c\u2019est que la plupart des gens puissent participer directement. Une voie possible, c\u2019est <strong>celle du mandat tournant, <\/strong>explique Bruno Bouyer, l\u2019un des membres du collectif. C\u2019est un peu un d\u00e9voiement de la voie \u00e9lectorale, mais \u00e7a existe. C\u2019est \u00e0 peu pr\u00e8s ce qu\u2019il s\u2019est pass\u00e9 <a href=\"https:\/\/actu.fr\/nouvelle-aquitaine\/bordeaux_33063\/a-bordeaux-philippe-poutou-est-accuse-d-avoir-placardise-une-collaboratrice_47409192.html\" target=\"_blank\" rel=\"noopener\">avec la d\u00e9mission d\u2019Antoine Boudinet,<\/a> <strong>le suivant sur la liste prend le relais.\u2009\u00bb<\/strong><\/p>\n<p class=\" wall-content\">Ce que veut le collectif, c\u2019est \u00ab\u2009surtout <strong>donner la parole aux citoyens<\/strong>\u00a0sur le terrain\u2009\u00bb. Pour ce faire, il a particip\u00e9 aux rencontres nationales des listes citoyennes et participatives \u00e0 Poitiers. \u00ab\u2009Il y a plus de 360 listes qui se pr\u00e9sentent en France et elles sont d\u00e9termin\u00e9es\u2009\u00bb, affirme Myriam Eckert.<\/p>\n<p class=\" wall-content\">Le mandat tournant permettrait \u00ab\u2009d\u2019avoir un maximum de gens form\u00e9s en passant par le conseil municipal et de <strong>redonner confiance<\/strong> dans le collectif et le politique\u00a0\u00bb. Les candidats s\u2019engagent aussi \u00e0 <strong>laisser le si\u00e8ge<\/strong> au collectif s\u2019ils veulent le quitter par la suite.<\/p>\n<p class=\" wall-content\">Un principe qui n\u00e9cessite d\u2019avoir <strong>beaucoup de personnes<\/strong> pr\u00eates \u00e0 si\u00e9ger sur la liste. Si celle-ci n\u2019est pas encore arr\u00eat\u00e9e, elle ne devrait pas afficher de partis politiques. On y trouvera des figures du mouvement des gilets jaunes comme Myriam Eckert ou Antoine Boudinet.<\/p>\n<p>\u00ab\u2009Toutes nos id\u00e9es sont discutables\u2009\u00bb<\/p>\n<p class=\" wall-content\"><a href=\"https:\/\/www.facebook.com\/bordeauxenluttes\" target=\"_blank\" rel=\"noopener\">Via sa page Facebook,<\/a> le collectif trace depuis des mois les\u00a0<strong>grandes id\u00e9es de son programme<\/strong>\u2009: des r\u00e9quisitions massives de logements vacants \u00ab\u2009sans spoliation\u2009\u00bb, un soutien plus fort aux maraudes, le d\u00e9sarmement de la police municipale\u2026 Mais \u00ab\u2009\u00e0 partir du moment o\u00f9 on met au centre la d\u00e9mocratie directe, <strong>toutes nos id\u00e9es sont discutables<\/strong>\u00a0m\u00eame si on a des convictions tr\u00e8s fortes\u2009\u00bb, souligne Myriam Eckert.<\/p>\n<p class=\" wall-content\">\u00ab\u2009Aujourd\u2019hui, la d\u00e9mocratie participative consiste essentiellement \u00e0 aller sur internet pour participer \u00e0 des concertations o\u00f9 on n\u2019est pas d\u00e9cisionnaire ou participer \u00e0 des r\u00e9unions o\u00f9 <strong>tout est d\u00e9j\u00e0 jou\u00e9 d\u2019avance,<\/strong> d\u00e9taille la conseill\u00e8re municipale. C\u2019est l\u00e0 qu\u2019on voit <strong>les limites<\/strong>\u2009: si les gens au pouvoir ont d\u00e9cid\u00e9 de faire quelque chose, ils le font, m\u00eame si on leur propose de meilleurs contre-projets.\u2009\u00bb<\/p>\n<p>Votre r\u00e9gion, votre actu !<\/p>\n<p>Recevez chaque jour les infos qui comptent pour vous.<\/p>\n<p>\t<a href=\"https:\/\/actu.fr\/newsletter\" class=\"ac-btn ac-btn--corner ac-btn--medium ac-btn--blue800\" target=\"_blank\" rel=\"noopener\">S&rsquo;incrire<\/a><\/p>\n<p class=\" wall-content\">Alors pour \u00ab\u2009reprendre la main localement\u2009\u00bb et obtenir les si\u00e8ges suppl\u00e9mentaires, Bordeaux en luttes\u00a0esp\u00e8re aller puiser dans la r\u00e9serve de voix des <strong>abstentionnistes<\/strong>. Mais aussi \u00ab\u2009les militants qui ne votent plus en se disant que \u00e7a ne sert \u00e0 rien\u2009\u00bb, souligne Myriam Eckert.<\/p>\n<p class=\" wall-content\">\u00ab\u2009Si au cours d\u2019un mandat on arrive \u00e0 faire en sorte que tous les citoyens se sentent concern\u00e9s par ce qui leur arrive, on n\u2019aura peut \u00eatre pas construit un grand pont, mais on aura bien avanc\u00e9 dans le <strong>fonctionnement d\u00e9mocratique d\u2019une cit\u00e9\u2009\u00bb<\/strong>, assure Bruno Bouyer.<\/p>\n<p class=\" wall-content\">Personnalisez votre actualit\u00e9 en ajoutant vos villes et m\u00e9dias en favori avec <a href=\"https:\/\/moncompte.actu.fr\" title=\"D\u00e9couvez Mon Actu\" rel=\"nofollow noopener\" data-trk=\"{&quot;cta&quot;:{&quot;action&quot;:&quot;https:\\\/\\\/moncompte.actu.fr&quot;,&quot;category&quot;:&quot;mon compte&quot;,&quot;from&quot;:&quot;article footer&quot;,&quot;name&quot;:&quot;Mon actu&quot;,&quot;type&quot;:&quot;cta&quot;}}\" target=\"_blank\">Mon Actu<\/a>.<\/p>\n","protected":false},"excerpt":{"rendered":"Par Juliette Cardinale Publi\u00e9 le 28 d\u00e9c. 2025 \u00e0 18h04 Ils \u00e9taient les premiers \u00e0 se d\u00e9clarer candidats,&hellip;\n","protected":false},"author":2,"featured_media":628951,"comment_status":"","ping_status":"","sticky":false,"template":"","format":"standard","meta":{"footnotes":""},"categories":[2817],"tags":[1111,11,1997,4188,1777,674,1011,27,3434,12,2219,316,25],"class_list":{"0":"post-628950","1":"post","2":"type-post","3":"status-publish","4":"format-standard","5":"has-post-thumbnail","7":"category-bordeaux","8":"tag-actu","9":"tag-actualites","10":"tag-bordeaux","11":"tag-elections-municipales","12":"tag-eu","13":"tag-europe","14":"tag-fr","15":"tag-france","16":"tag-municipales-2026","17":"tag-news","18":"tag-nouvelle-aquitaine","19":"tag-politique","20":"tag-republique-francaise"},"share_on_mastodon":{"url":"https:\/\/pubeurope.com\/@fr\/115806213541609025","error":""},"_links":{"self":[{"href":"https:\/\/www.europesays.com\/fr\/wp-json\/wp\/v2\/posts\/628950","targetHints":{"allow":["GET"]}}],"collection":[{"href":"https:\/\/www.europesays.com\/fr\/wp-json\/wp\/v2\/posts"}],"about":[{"href":"https:\/\/www.europesays.com\/fr\/wp-json\/wp\/v2\/types\/post"}],"author":[{"embeddable":true,"href":"https:\/\/www.europesays.com\/fr\/wp-json\/wp\/v2\/users\/2"}],"replies":[{"embeddable":true,"href":"https:\/\/www.europesays.com\/fr\/wp-json\/wp\/v2\/comments?post=628950"}],"version-history":[{"count":0,"href":"https:\/\/www.europesays.com\/fr\/wp-json\/wp\/v2\/posts\/628950\/revisions"}],"wp:featuredmedia":[{"embeddable":true,"href":"https:\/\/www.europesays.com\/fr\/wp-json\/wp\/v2\/media\/628951"}],"wp:attachment":[{"href":"https:\/\/www.europesays.com\/fr\/wp-json\/wp\/v2\/media?parent=628950"}],"wp:term":[{"taxonomy":"category","embeddable":true,"href":"https:\/\/www.europesays.com\/fr\/wp-json\/wp\/v2\/categories?post=628950"},{"taxonomy":"post_tag","embeddable":true,"href":"https:\/\/www.europesays.com\/fr\/wp-json\/wp\/v2\/tags?post=628950"}],"curies":[{"name":"wp","href":"https:\/\/api.w.org\/{rel}","templated":true}]}}