{"id":628960,"date":"2025-12-30T02:47:13","date_gmt":"2025-12-30T02:47:13","guid":{"rendered":"https:\/\/www.europesays.com\/fr\/628960\/"},"modified":"2025-12-30T02:47:13","modified_gmt":"2025-12-30T02:47:13","slug":"gad-elmaleh-booster-de-lhumour-marseillais","status":"publish","type":"post","link":"https:\/\/www.europesays.com\/fr\/628960\/","title":{"rendered":"Gad Elmaleh, booster de l&rsquo;humour marseillais"},"content":{"rendered":"<p>\tGad Elmaleh, booster de l&rsquo;humour marseillais &#8211; Toutma<\/p>\n<p>&#13;<br \/>\n&#13;<\/p>\n<p>&#13;<br \/>\n\t\t&#13;<\/p>\n<p>Nous utilisons des cookies pour vous garantir la meilleure exp\u00e9rience sur notre site web. Si vous continuez \u00e0 utiliser ce site, nous supposerons que vous en \u00eates satisfait.OK<\/p>\n<p>\t\t&#13;<\/p>\n","protected":false},"excerpt":{"rendered":"Gad Elmaleh, booster de l&rsquo;humour marseillais &#8211; Toutma &#13; &#13; &#13; &#13; Nous utilisons des cookies pour vous&hellip;\n","protected":false},"author":2,"featured_media":628961,"comment_status":"","ping_status":"","sticky":false,"template":"","format":"standard","meta":{"footnotes":""},"categories":[2814],"tags":[1111,11,1777,674,1011,27,4545,884,12,882,25,73837,73838,66357,7492,73839],"class_list":{"0":"post-628960","1":"post","2":"type-post","3":"status-publish","4":"format-standard","5":"has-post-thumbnail","7":"category-marseille","8":"tag-actu","9":"tag-actualites","10":"tag-eu","11":"tag-europe","12":"tag-fr","13":"tag-france","14":"tag-gad-elmaleh","15":"tag-marseille","16":"tag-news","17":"tag-provence-alpes-cote-dazur","18":"tag-republique-francaise","19":"tag-sortie-marseille","20":"tag-sortir-a-marseille","21":"tag-spectacle-marseille","22":"tag-stand-up","23":"tag-stand-up-marseille"},"share_on_mastodon":{"url":"https:\/\/pubeurope.com\/@fr\/115806237105182117","error":""},"_links":{"self":[{"href":"https:\/\/www.europesays.com\/fr\/wp-json\/wp\/v2\/posts\/628960","targetHints":{"allow":["GET"]}}],"collection":[{"href":"https:\/\/www.europesays.com\/fr\/wp-json\/wp\/v2\/posts"}],"about":[{"href":"https:\/\/www.europesays.com\/fr\/wp-json\/wp\/v2\/types\/post"}],"author":[{"embeddable":true,"href":"https:\/\/www.europesays.com\/fr\/wp-json\/wp\/v2\/users\/2"}],"replies":[{"embeddable":true,"href":"https:\/\/www.europesays.com\/fr\/wp-json\/wp\/v2\/comments?post=628960"}],"version-history":[{"count":0,"href":"https:\/\/www.europesays.com\/fr\/wp-json\/wp\/v2\/posts\/628960\/revisions"}],"wp:featuredmedia":[{"embeddable":true,"href":"https:\/\/www.europesays.com\/fr\/wp-json\/wp\/v2\/media\/628961"}],"wp:attachment":[{"href":"https:\/\/www.europesays.com\/fr\/wp-json\/wp\/v2\/media?parent=628960"}],"wp:term":[{"taxonomy":"category","embeddable":true,"href":"https:\/\/www.europesays.com\/fr\/wp-json\/wp\/v2\/categories?post=628960"},{"taxonomy":"post_tag","embeddable":true,"href":"https:\/\/www.europesays.com\/fr\/wp-json\/wp\/v2\/tags?post=628960"}],"curies":[{"name":"wp","href":"https:\/\/api.w.org\/{rel}","templated":true}]}}