{"id":628964,"date":"2025-12-30T02:49:16","date_gmt":"2025-12-30T02:49:16","guid":{"rendered":"https:\/\/www.europesays.com\/fr\/628964\/"},"modified":"2025-12-30T02:49:16","modified_gmt":"2025-12-30T02:49:16","slug":"110-places-durgence-ouvertes-a-lyon","status":"publish","type":"post","link":"https:\/\/www.europesays.com\/fr\/628964\/","title":{"rendered":"110 places d\u2019urgence ouvertes \u00e0 Lyon"},"content":{"rendered":"<p class=\"gmail-Paragraph gmail-SCXW194584138 gmail-BCX0\" lang=\"FR-FR\">Face \u00e0 la chute des temp\u00e9ratures,\u00a0M\u00e9t\u00e9o France a d\u00e9clench\u00e9 une vigilance jaune \u00ab\u00a0grand froid\u00a0\u00bb sur le d\u00e9partement du Rh\u00f4ne et la m\u00e9tropole de Lyon \u00e0 compter de ce lundi 29 d\u00e9cembre \u00e0 minuit. Dans ce contexte, la pr\u00e9f\u00e8te de la r\u00e9gion Auvergne-Rh\u00f4ne-Alpes, pr\u00e9f\u00e8te du Rh\u00f4ne,\u00a0Fabienne Buccio, a d\u00e9cid\u00e9 d\u2019activer le plan grand froid.\u00a0<\/p>\n<p class=\"gmail-Paragraph gmail-SCXW194584138 gmail-BCX0\" lang=\"FR-FR\">Selon la pr\u00e9fecture, cette activation intervient\u00a0\u00ab\u00a0apr\u00e8s avoir r\u00e9uni le comit\u00e9 de suivi &lsquo;grand froid&rsquo; associant les op\u00e9rateurs et les principales collectivit\u00e9s territoriales concern\u00e9es.\u00a0\u00bb Le plan prend\u00a0\u00ab\u00a0la forme d\u2019un dispositif renforc\u00e9 de veille sociale et de mise \u00e0 l\u2019abri.\u00a0\u00bb\u00a0<\/p>\n<p class=\"gmail-Paragraph gmail-SCXW194584138 gmail-BCX0\" lang=\"FR-FR\">\u00c0 compter du\u00a0mardi 30 d\u00e9cembre,\u00a0110 places de mise \u00e0 l\u2019abri, \u00e0 la nuit\u00e9e, seront ouvertes \u00e0 Lyon \u00ab\u00a0sur r\u00e9quisition de la pr\u00e9f\u00e8te,\u00a0\u00bb afin de \u00ab\u00a0prot\u00e9ger les m\u00e9nages (familles ou personne seule) les plus fragiles durant cette vague de froid.\u00a0\u00bb\u00a0<\/p>\n<p class=\"gmail-Paragraph gmail-SCXW194584138 gmail-BCX0\" lang=\"FR-FR\">Les personnes concern\u00e9es seront \u00ab\u00a0orient\u00e9es chaque jour, exclusivement, par le 115.\u00a0\u00bb\u00a0\u00a0Le dispositif fonctionnera\u00a0de 16h \u00e0 10h chaque jour,\u00a0jusqu\u2019au mercredi 7 janvier 2026, et sera\u00a0\u00ab\u00a0arm\u00e9 par la Croix-Rouge puis le Foyer Notre-Dame des Sans-Abri.\u00a0\u00bb\u00a0<\/p>\n<p class=\"gmail-Paragraph gmail-SCXW194584138 gmail-BCX0\" lang=\"FR-FR\">Les services de l&rsquo;\u00c9tat\u00a0pr\u00e9cisent que ces mesures s\u2019accompagnent d\u2019un\u00a0d\u2019un renforcement des maraudes professionnelles, \u00ab\u00a0avec des \u00e9quipages qui couvrent l\u2019int\u00e9gralit\u00e9 du d\u00e9partement 7j\/7\u00a0\u00bb, appuy\u00e9 par la mobilisation de trois \u00e9quipes chaque soir afin de r\u00e9pondre aux signalements \u00ab\u00a0jusqu\u2019\u00e0 1h du matin sur sollicitation du num\u00e9ro d\u2019urgence (115)\u00a0\u00bb. La pr\u00e9fecture \u00e9voque \u00e9galement l\u2019extension des horaires des accueils de jour, soutenue par \u00ab\u00a0un financement exceptionnel d\u2019un accueil de jour temporaire destin\u00e9 aux familles\u00a0\u00bb, ainsi qu\u2019une dotation exceptionnelle de 200 000 euros pour \u00ab\u00a0l\u2019achat massif et la distribution de couvertures et duvets.\u00a0\u00bb\u00a0<\/p>\n<p class=\"gmail-Paragraph gmail-SCXW194584138 gmail-BCX0\" lang=\"FR-FR\">\u00ab\u00a0La situation est r\u00e9\u00e9valu\u00e9e chaque jour, \u00e0 l\u2019appui des bulletins m\u00e9t\u00e9orologiques et des alertes de terrain\u00a0\u00bb, afin de faire \u00e9voluer le dispositif si n\u00e9cessaire.\u00a0Enfin, l\u2019\u00c9tat rappelle mobiliser\u00a027 000 places d\u2019h\u00e9bergement dans le Rh\u00f4ne, soit\u00a0\u00ab\u00a0+150 % en 10 ans\u00a0\u00bb, pour un\u00a0financement de 117 millions d\u2019euros en 2025,\u00a0\u00ab\u00a0+6 % par rapport \u00e0 2024.\u00a0\u00bb\u00a0<\/p>\n","protected":false},"excerpt":{"rendered":"Face \u00e0 la chute des temp\u00e9ratures,\u00a0M\u00e9t\u00e9o France a d\u00e9clench\u00e9 une vigilance jaune \u00ab\u00a0grand froid\u00a0\u00bb sur le d\u00e9partement du&hellip;\n","protected":false},"author":2,"featured_media":628965,"comment_status":"","ping_status":"","sticky":false,"template":"","format":"standard","meta":{"footnotes":""},"categories":[1889],"tags":[1111,11,2813,2190,2430,1109,251,1112,2811,1777,674,118,1011,27,1922,1110,1114,2428,2810,12,241,316,25,2812,517,800],"class_list":{"0":"post-628964","1":"post","2":"type-post","3":"status-publish","4":"format-standard","5":"has-post-thumbnail","7":"category-lyon","8":"tag-actu","9":"tag-actualites","10":"tag-article","11":"tag-asvel","12":"tag-auvergne-rhone-alpes","13":"tag-breves","14":"tag-culture","15":"tag-depeches","16":"tag-economique","17":"tag-eu","18":"tag-europe","19":"tag-faits-divers","20":"tag-fr","21":"tag-france","22":"tag-info","23":"tag-informations","24":"tag-infos","25":"tag-lyon","26":"tag-lyonmag","27":"tag-news","28":"tag-ol","29":"tag-politique","30":"tag-republique-francaise","31":"tag-sociale","32":"tag-sport","33":"tag-transports"},"share_on_mastodon":{"url":"https:\/\/pubeurope.com\/@fr\/115806244955574003","error":""},"_links":{"self":[{"href":"https:\/\/www.europesays.com\/fr\/wp-json\/wp\/v2\/posts\/628964","targetHints":{"allow":["GET"]}}],"collection":[{"href":"https:\/\/www.europesays.com\/fr\/wp-json\/wp\/v2\/posts"}],"about":[{"href":"https:\/\/www.europesays.com\/fr\/wp-json\/wp\/v2\/types\/post"}],"author":[{"embeddable":true,"href":"https:\/\/www.europesays.com\/fr\/wp-json\/wp\/v2\/users\/2"}],"replies":[{"embeddable":true,"href":"https:\/\/www.europesays.com\/fr\/wp-json\/wp\/v2\/comments?post=628964"}],"version-history":[{"count":0,"href":"https:\/\/www.europesays.com\/fr\/wp-json\/wp\/v2\/posts\/628964\/revisions"}],"wp:featuredmedia":[{"embeddable":true,"href":"https:\/\/www.europesays.com\/fr\/wp-json\/wp\/v2\/media\/628965"}],"wp:attachment":[{"href":"https:\/\/www.europesays.com\/fr\/wp-json\/wp\/v2\/media?parent=628964"}],"wp:term":[{"taxonomy":"category","embeddable":true,"href":"https:\/\/www.europesays.com\/fr\/wp-json\/wp\/v2\/categories?post=628964"},{"taxonomy":"post_tag","embeddable":true,"href":"https:\/\/www.europesays.com\/fr\/wp-json\/wp\/v2\/tags?post=628964"}],"curies":[{"name":"wp","href":"https:\/\/api.w.org\/{rel}","templated":true}]}}