{"id":628972,"date":"2025-12-30T02:54:20","date_gmt":"2025-12-30T02:54:20","guid":{"rendered":"https:\/\/www.europesays.com\/fr\/628972\/"},"modified":"2025-12-30T02:54:20","modified_gmt":"2025-12-30T02:54:20","slug":"rencontre-europeenne-de-taize-15-000-jeunes-reunis-a-paris","status":"publish","type":"post","link":"https:\/\/www.europesays.com\/fr\/628972\/","title":{"rendered":"Rencontre europ\u00e9enne de Taiz\u00e9, 15 000 jeunes r\u00e9unis \u00e0 Paris"},"content":{"rendered":"<p>Les jeunes, r\u00e9unis dans la capitale fran\u00e7aise du 28 d\u00e9cembre au 1er janvier, ont re\u00e7u des messages de plusieurs personnalit\u00e9s religieuses et politiques \u00e0 l\u2019instar du patriarche \u0153cum\u00e9nique Bartholom\u00e9e, du Conseil \u0153cum\u00e9nique des \u00c9glises ou du secr\u00e9taire g\u00e9n\u00e9ral de l&rsquo;ONU Antonio Guterres. Les participants, parmi lesquels un millier d&rsquo;Ukrainiens et une soixantaine de p\u00e8lerins d&rsquo;\u00c9gypte, sont accueillis en familles et en paroisses.<\/p>\n<p><b>Giovanni Zavatta \u2013 Cit\u00e9 du Vatican<\/b><\/p>\n<p>Plusieurs messages ont \u00e9t\u00e9 adress\u00e9s aux 15 000 jeunes qui, \u00e0 partir de ce dimanche 28 d\u00e9cembre, et jusqu&rsquo;au jeudi 1er janvier, se r\u00e9unissent \u00e0 Paris et en \u00cele-de-France pour la 48e rencontre europ\u00e9enne organis\u00e9e, comme chaque fin d&rsquo;ann\u00e9e, par la Communaut\u00e9 de Taiz\u00e9. Dans ses v\u0153ux aux participants \u00e0 l&rsquo;\u00e9v\u00e9nement, le patriarche \u0153cum\u00e9nique de Constantinople Bartholom\u00e9e a souhait\u00e9 ceci: \u00abChers jeunes, le monde a besoin de votre vision claire, de votre courage et de votre capacit\u00e9 d&rsquo;esp\u00e9rance. Il a besoin de jeunes artisans de paix, capables de r\u00e9sister \u00e0 la violence, \u00e0 l&rsquo;exclusion et au m\u00e9pris des autres. Il a besoin de t\u00e9moins d&rsquo;une foi humble, con\u00e7ue non comme un pouvoir mais comme un service. Dans la tradition orthodoxe, nous aimons rappeler que la v\u00e9ritable force des chr\u00e9tiens se manifeste dans l&rsquo;amour donn\u00e9 sans condition et dans la fid\u00e9lit\u00e9 \u00e0 son prochain\u00bb.<\/p>\n<p><b>\u00abQue cherchez-vous?\u00bb<\/b> <\/p>\n<p>Des mots ont \u00e9galement \u00e9t\u00e9 envoy\u00e9s par la secr\u00e9taire g\u00e9n\u00e9rale de la F\u00e9d\u00e9ration luth\u00e9rienne mondiale, Anne Burghardt, le secr\u00e9taire g\u00e9n\u00e9ral du Conseil \u0153cum\u00e9nique des \u00c9glises, Jerry Pillay, le pr\u00e9sident de la Conf\u00e9rence des \u00c9glises europ\u00e9ennes, l&rsquo;archev\u00eaque Nikitas, l&rsquo;archev\u00eaque d&rsquo;York, Stephen Cottrell, du secr\u00e9taire du Forum chr\u00e9tien mondial, Casely Baiden Essamuah, du secr\u00e9taire g\u00e9n\u00e9ral de l&rsquo;Alliance \u00e9vang\u00e9lique mondiale, Botrus Mansour, du secr\u00e9taire g\u00e9n\u00e9ral des Nations unies, Ant\u00f3nio Guterres, et de la pr\u00e9sidente de la Commission europ\u00e9enne, Ursula von der Leyen. Les textes rappellent le titre et le sens de la lettre pour 2026 \u00e9crite par le prieur de Taiz\u00e9, fr\u00e8re Matthew, qui reprend la question \u00abQue cherchez-vous?\u00bb pos\u00e9e par J\u00e9sus \u00e0 ses premiers disciples dans l\u2019\u00c9vangile de Jean 1, 38. Cette lettre sert de fil conducteur pendant les trois jours centraux de la rencontre (29-31 d\u00e9cembre).<\/p>\n<p>     <a href=\"https:\/\/www.vaticannews.va\/fr\/pape\/news\/2025-12\/pape-jeunes-rencontre-europeenne-fraternite-priere-partage-paris.html\" title=\"L\u00e9on XIV encourage les jeunes \u00e0 devenir \u00abartisans de paix et de r\u00e9conciliation\u00bb\" target=\"_blank\" rel=\"noopener\"><\/p>\n<p>        <img decoding=\"async\" src=\"data:image\/gif;base64,R0lGODlhAQABAIAAAAAAAP\/\/\/yH5BAEAAAAALAAAAAABAAEAAAIBRAA7\" data-original=\"https:\/\/www.vaticannews.va\/content\/dam\/vaticannews\/multimedia\/2025\/dicembre\/27\/qweqqaa.jpg\/_jcr_content\/renditions\/cq5dam.thumbnail.cropped.500.281.jpeg\" alt=\"L\u00e9on XIV encourage les jeunes \u00e0 devenir \u00abartisans de paix et de r\u00e9conciliation\u00bb\"\/><\/p>\n<p>      <\/a><\/p>\n<p>\n      \u00c0 la veille de la 48e Rencontre europ\u00e9enne de jeunes organis\u00e9e par la communaut\u00e9 \u0153cum\u00e9nique de Taiz\u00e9, le Pape L\u00e9on XIV a envoy\u00e9 un message sign\u00e9 du cardinal Pietro Parolin. \u00abQue &#8230;\n     <\/p>\n<p>\u00a0<br \/>\n<b>\u00c9couter la voix de ceux qui souffrent<\/b> <\/p>\n<p>Mais que recherchent les jeunes \u00e2g\u00e9s de 18 \u00e0 35 ans qui s&rsquo;appr\u00eatent \u00e0 participer \u00e0 cette 48e rencontre europ\u00e9enne? Dans sa lettre aux jeunes, fr\u00e8re Matthew r\u00e9pond en proposant quelques \u00e9l\u00e9ments essentiels et fondamentaux: le silence, une direction, la joie, un sens, un monde juste, une communaut\u00e9, la paix. \u00ab\u00c9coutez les voix de ceux qui souffrent \u00e0 cause des conflits meurtriers ou de la violence auxquels nous sommes confront\u00e9s dans nos soci\u00e9t\u00e9s\u00bb, \u00e9crit le prieur, qui fait suivre chaque r\u00e9flexion de suggestions et de conseils: \u00abRester en contact avec des personnes vivant dans des zones de guerre peut \u00eatre un moyen d&rsquo;y parvenir. Soutenez ceux qui luttent pour la justice dans des pays aux r\u00e9gimes oppressifs ou aux gouvernements bellicistes. Certaines de ces personnes seraient-elles dispos\u00e9es \u00e0 partager leur t\u00e9moignage? Organisez une veill\u00e9e de pri\u00e8re pour la paix et partagez certains de ces t\u00e9moignages\u00bb. Fr\u00e8re Matthew est ensuite revenu sur les \u00e9v\u00e9nements de l&rsquo;ann\u00e9e \u00e9coul\u00e9e: les visites \u00e0 Taiz\u00e9 de jeunes venus d&rsquo;Ukraine, de Palestine, du Liban, du Nicaragua, de Birmanie et d&rsquo;autres lieux de guerre et de conflit; les t\u00e9moignages de personnes qui travaillent \u00e0 Gaza ou qui ont des proches qui y vivent; le temps pass\u00e9 avec les fr\u00e8res des communaut\u00e9s du Br\u00e9sil et de Cuba. \u00abNotre monde est plein de beaut\u00e9, mais aussi d&rsquo;injustice. Quelle est ma place dans tout cela? Que m&rsquo;est-il demand\u00e9 de faire?\u00bb.<\/p>\n<p><b>Le programme des journ\u00e9es<\/b> <\/p>\n<p>Parmi les participants, un millier d&rsquo;Ukrainiens seront pr\u00e9sents; une soixantaine de p\u00e8lerins sont \u00e9galement attendus d&rsquo;\u00c9gypte. Tous seront accueillis dans des familles ou h\u00e9berg\u00e9s dans des paroisses. Le programme pr\u00e9voit la pri\u00e8re du matin suivie d&rsquo;un partage en petits groupes et d&rsquo;une rencontre avec les \u00abt\u00e9moins de l&rsquo;esp\u00e9rance\u00bb, la pri\u00e8re de midi dans les grandes \u00e9glises du centre de Paris -Notre-Dame, Saint-Sulpice, Saint-Germain-des-Pr\u00e9s, Saint-Ignace, Saint-Fran\u00e7ois-Xavier-, des ateliers th\u00e9matiques dans une cinquantaine de lieux, enfin la pri\u00e8re commune du soir \u00e0 l&rsquo;Accor Arena de Bercy avec les m\u00e9ditations du fr\u00e8re Matthew. Le soir du 31, veill\u00e9e suivie de la \u00abF\u00eate des Nations\u00bb.\u00a0La soir\u00e9e du r\u00e9veillon sera pour tous un moment de pri\u00e8re pour la paix et de rencontres interculturelles dans les paroisses d\u2019accueil \u2013une mani\u00e8re originale de c\u00e9l\u00e9brer le passage au nouvel an, dans un esprit de f\u00eate et de fraternit\u00e9.<\/p>\n","protected":false},"excerpt":{"rendered":"Les jeunes, r\u00e9unis dans la capitale fran\u00e7aise du 28 d\u00e9cembre au 1er janvier, ont re\u00e7u des messages de&hellip;\n","protected":false},"author":2,"featured_media":628973,"comment_status":"","ping_status":"","sticky":false,"template":"","format":"standard","meta":{"footnotes":""},"categories":[1888],"tags":[1111,1928,11,1927,73841,1777,674,1011,27,4074,12,1926,64010,626,1925,25],"class_list":{"0":"post-628972","1":"post","2":"type-post","3":"status-publish","4":"format-standard","5":"has-post-thumbnail","7":"category-paris","8":"tag-actu","9":"tag-actu-paris","10":"tag-actualites","11":"tag-actualites-paris","12":"tag-communaute-de-taize","13":"tag-eu","14":"tag-europe","15":"tag-fr","16":"tag-france","17":"tag-jeunes","18":"tag-news","19":"tag-news-paris","20":"tag-oecumenisme","21":"tag-paris","22":"tag-paris-news","23":"tag-republique-francaise"},"share_on_mastodon":{"url":"https:\/\/pubeurope.com\/@fr\/115806264824880769","error":""},"_links":{"self":[{"href":"https:\/\/www.europesays.com\/fr\/wp-json\/wp\/v2\/posts\/628972","targetHints":{"allow":["GET"]}}],"collection":[{"href":"https:\/\/www.europesays.com\/fr\/wp-json\/wp\/v2\/posts"}],"about":[{"href":"https:\/\/www.europesays.com\/fr\/wp-json\/wp\/v2\/types\/post"}],"author":[{"embeddable":true,"href":"https:\/\/www.europesays.com\/fr\/wp-json\/wp\/v2\/users\/2"}],"replies":[{"embeddable":true,"href":"https:\/\/www.europesays.com\/fr\/wp-json\/wp\/v2\/comments?post=628972"}],"version-history":[{"count":0,"href":"https:\/\/www.europesays.com\/fr\/wp-json\/wp\/v2\/posts\/628972\/revisions"}],"wp:featuredmedia":[{"embeddable":true,"href":"https:\/\/www.europesays.com\/fr\/wp-json\/wp\/v2\/media\/628973"}],"wp:attachment":[{"href":"https:\/\/www.europesays.com\/fr\/wp-json\/wp\/v2\/media?parent=628972"}],"wp:term":[{"taxonomy":"category","embeddable":true,"href":"https:\/\/www.europesays.com\/fr\/wp-json\/wp\/v2\/categories?post=628972"},{"taxonomy":"post_tag","embeddable":true,"href":"https:\/\/www.europesays.com\/fr\/wp-json\/wp\/v2\/tags?post=628972"}],"curies":[{"name":"wp","href":"https:\/\/api.w.org\/{rel}","templated":true}]}}