{"id":628978,"date":"2025-12-30T02:57:33","date_gmt":"2025-12-30T02:57:33","guid":{"rendered":"https:\/\/www.europesays.com\/fr\/628978\/"},"modified":"2025-12-30T02:57:33","modified_gmt":"2025-12-30T02:57:33","slug":"guerre-en-ukraine-trump-negocie-la-paix-avec-zelensky-et-poutine-la-russie-poursuit-son-offensive","status":"publish","type":"post","link":"https:\/\/www.europesays.com\/fr\/628978\/","title":{"rendered":"Guerre en Ukraine : Trump n\u00e9gocie la paix avec Zelensky et Poutine, la Russie poursuit son offensive"},"content":{"rendered":"<p class=\"mb-4 text-lg md:leading-8 break-words\"><strong>R\u00e9cap&rsquo; &#8211; \u00ab\u00a020 Minutes\u00a0\u00bb fait le point pour vous tous les soirs sur le conflit en Ukraine. Ce lundi 29\u00a0d\u00e9cembre, la Russie accuse l\u2019Ukraine d\u2019une attaque de drones contre la r\u00e9sidence de Poutine, Trump tente toujours de n\u00e9gocier la paix<\/strong><\/p>\n<p class=\"mb-4 text-lg md:leading-8 break-words\">Vous avez rat\u00e9 les derniers \u00e9v\u00e9nements sur la <a href=\"https:\/\/www.20minutes.fr\/monde\/ukraine\/?at_medium=RSS%20feed&amp;at_campaign=ynews&amp;utm_source=yahoo&amp;utm_medium=rss&amp;utm_campaign=news_feed&amp;utm_content=in_article_link\" rel=\"nofollow noopener\" target=\"_blank\" data-ylk=\"slk:guerre en Ukraine;elm:context_link;itc:0;sec:content-canvas\" class=\"link \">guerre en Ukraine<\/a>\u00a0? 20 Minutes fait le point pour vous tous les soirs. Voici l\u2019essentiel de ce lundi 29\u00a0d\u00e9cembre, au 1.405e jour du conflit.<\/p>\n<p>Le fait du jour<\/p>\n<p class=\"mb-4 text-lg md:leading-8 break-words\">La Russie a accus\u00e9 lundi l\u2019Ukraine d\u2019avoir <a href=\"https:\/\/www.20minutes.fr\/monde\/ukraine\/4193513-20251229-direct-guerre-ukraine-macron-annonce-reunion-allies-kiev-paris-debut-janvier?at_medium=RSS%20feed&amp;at_campaign=ynews&amp;utm_source=yahoo&amp;utm_medium=rss&amp;utm_campaign=news_feed&amp;utm_content=in_article_link\" rel=\"nofollow noopener\" target=\"_blank\" data-ylk=\"slk:lanc\u00e9 pendant la nuit 91 drones;elm:context_link;itc:0;sec:content-canvas\" class=\"link \">lanc\u00e9 pendant la nuit 91 drones<\/a> contre la r\u00e9sidence de <a href=\"https:\/\/www.20minutes.fr\/monde\/vladimir_poutine\/?at_medium=RSS%20feed&amp;at_campaign=ynews&amp;utm_source=yahoo&amp;utm_medium=rss&amp;utm_campaign=news_feed&amp;utm_content=in_article_link\" rel=\"nofollow noopener\" target=\"_blank\" data-ylk=\"slk:Vladimir Poutine;elm:context_link;itc:0;sec:content-canvas\" class=\"link \">Vladimir Poutine<\/a> dans la r\u00e9gion de Novgorod. Sur Telegram, le ministre russe des Affaires \u00e9trang\u00e8res, <a href=\"https:\/\/www.20minutes.fr\/monde\/serguei-lavrov\/?at_medium=RSS%20feed&amp;at_campaign=ynews&amp;utm_source=yahoo&amp;utm_medium=rss&amp;utm_campaign=news_feed&amp;utm_content=in_article_link\" rel=\"nofollow noopener\" target=\"_blank\" data-ylk=\"slk:Sergue\u00ef Lavrov;elm:context_link;itc:0;sec:content-canvas\" class=\"link \">Sergue\u00ef Lavrov<\/a>, a mis en garde contre des \u00ab\u00a0repr\u00e9sailles\u00a0\u00bb et affirm\u00e9 que, si elle ne comptait pas se \u00ab\u00a0retirer du processus de n\u00e9gociations avec les <a href=\"https:\/\/www.20minutes.fr\/monde\/etats-unis\/?at_medium=RSS%20feed&amp;at_campaign=ynews&amp;utm_source=yahoo&amp;utm_medium=rss&amp;utm_campaign=news_feed&amp;utm_content=in_article_link\" rel=\"nofollow noopener\" target=\"_blank\" data-ylk=\"slk:Etats-Unis;elm:context_link;itc:0;sec:content-canvas\" class=\"link \">Etats-Unis<\/a>\u00a0\u00bb, \u00ab\u00a0la position de la Russie sera r\u00e9vis\u00e9e\u00a0\u00bb.<\/p>\n<p class=\"mb-4 text-lg md:leading-8 break-words\">\u00ab\u00a0La Russie r\u00e9cidive, utilisant des d\u00e9clarations dangereuses pour saper tous les r\u00e9sultats de nos efforts diplomatiques communs avec l\u2019\u00e9quipe du pr\u00e9sident Trump\u00a0\u00bb, a r\u00e9pondu le pr\u00e9sident ukrainien <a href=\"https:\/\/www.20minutes.fr\/monde\/volodymyr-zelensky\/?at_medium=RSS%20feed&amp;at_campaign=ynews&amp;utm_source=yahoo&amp;utm_medium=rss&amp;utm_campaign=news_feed&amp;utm_content=in_article_link\" rel=\"nofollow noopener\" target=\"_blank\" data-ylk=\"slk:Volodymyr Zelensky;elm:context_link;itc:0;sec:content-canvas\" class=\"link \">Volodymyr Zelensky<\/a>.<\/p>\n<p>La d\u00e9claration du jour<\/p>\n<blockquote class=\"mb-4 border-l-2 pl-5 italic text-tertiary\">\n<p class=\"mb-4 text-lg md:leading-8 break-words\">Le pr\u00e9sident Trump a conclu un entretien t\u00e9l\u00e9phonique positif avec le pr\u00e9sident Poutine au sujet de l\u2019Ukraine<\/p>\n<\/blockquote>\n<p class=\"mb-4 text-lg md:leading-8 break-words\">C\u2019est, du moins, ce qu\u2019a affirm\u00e9 dans la journ\u00e9e sur X, Karoline Leavitt, la porte-parole de la <a href=\"https:\/\/www.20minutes.fr\/dossier\/maison_blanche?at_medium=RSS%20feed&amp;at_campaign=ynews&amp;utm_source=yahoo&amp;utm_medium=rss&amp;utm_campaign=news_feed&amp;utm_content=in_article_link\" rel=\"nofollow noopener\" target=\"_blank\" data-ylk=\"slk:Maison-Blanche;elm:context_link;itc:0;sec:content-canvas\" class=\"link \">Maison-Blanche<\/a>, au lendemain de la rencontre entre le pr\u00e9sident am\u00e9ricain et son homologue ukrainien, Volodymyr Zelensky, en Floride.<\/p>\n<p>Le chiffre du jour<\/p>\n<p class=\"mb-4 text-lg md:leading-8 break-words\">15. Les Etats-Unis ont propos\u00e9 \u00e0 l\u2019Ukraine des garanties de s\u00e9curit\u00e9 \u00ab\u00a0solides\u00a0\u00bb pour une p\u00e9riode de 15 ans prolongeable face \u00e0 la Russie, a annonc\u00e9 lundi Volodymyr Zelensky, ajoutant avoir demand\u00e9 \u00e0 Washington une dur\u00e9e plus longue \u00e0 l\u2019occasion de sa rencontre dimanche avec Donald Trump.(&#8230;)<\/p>\n<p class=\"mb-4 text-lg md:leading-8 break-words\"><a href=\"https:\/\/www.20minutes.fr\/monde\/ukraine\/4193605-20251229-guerre-ukraine-trump-negocie-paix-zelensky-poutine-russie-poursuit-offensive?at_medium=RSS%20feed&amp;at_campaign=ynews&amp;utm_source=yahoo&amp;utm_medium=rss&amp;utm_campaign=news_feed&amp;utm_content=read_more_link&quot;\" rel=\"nofollow noopener\" target=\"_blank\" data-ylk=\"slk:Lire la suite sur 20minutes;elm:context_link;itc:0;sec:content-canvas\" class=\"link \">Lire la suite sur 20minutes<\/a><\/p>\n<p>\u00c0 lire aussi :<br \/><a href=\"https:\/\/www.20minutes.fr\/monde\/ukraine\/4193561-20251229-guerre-ukraine-etats-unis-propose-kiev-garanties-solides-moins-15-ans?at_medium=RSS%20feed&amp;at_campaign=ynews&amp;utm_source=yahoo&amp;utm_medium=rss&amp;utm_campaign=news_feed&amp;utm_content=related_content_link\" rel=\"nofollow noopener\" target=\"_blank\" data-ylk=\"slk:Guerre en Ukraine\u00a0: Les Etats-Unis auraient propos\u00e9 \u00e0 Kiev des garanties solides pour au moins 15 ans;elm:context_link;itc:0;sec:content-canvas\" class=\"link \">Guerre en Ukraine\u00a0: Les Etats-Unis auraient propos\u00e9 \u00e0 Kiev des garanties solides pour au moins 15 ans<\/a><br \/><a href=\"https:\/\/www.20minutes.fr\/monde\/ukraine\/4193406-20251229-guerre-ukraine-paix-donbass-trump-tres-optimiste-accord-entre-poutine-zelensky?at_medium=RSS%20feed&amp;at_campaign=ynews&amp;utm_source=yahoo&amp;utm_medium=rss&amp;utm_campaign=news_feed&amp;utm_content=related_content_link\" rel=\"nofollow noopener\" target=\"_blank\" data-ylk=\"slk:Guerre en Ukraine\u00a0: Paix, Donbass\u2026 Trump tr\u00e8s optimiste sur un accord entre Poutine et Zelensky;elm:context_link;itc:0;sec:content-canvas\" class=\"link \">Guerre en Ukraine\u00a0: Paix, Donbass\u2026 Trump tr\u00e8s optimiste sur un accord entre Poutine et Zelensky<\/a><\/p>\n","protected":false},"excerpt":{"rendered":"R\u00e9cap&rsquo; &#8211; \u00ab\u00a020 Minutes\u00a0\u00bb fait le point pour vous tous les soirs sur le conflit en Ukraine. Ce&hellip;\n","protected":false},"author":2,"featured_media":628979,"comment_status":"","ping_status":"","sticky":false,"template":"","format":"standard","meta":{"footnotes":""},"categories":[1591],"tags":[11,1887,5493,2489,12,2405,41580,1885,1886,132,467,220,134],"class_list":{"0":"post-628978","1":"post","2":"type-post","3":"status-publish","4":"format-standard","5":"has-post-thumbnail","7":"category-russie","8":"tag-actualites","9":"tag-federation-de-russie","10":"tag-lukraine","11":"tag-la-russie","12":"tag-news","13":"tag-poutine","14":"tag-president-trump","15":"tag-russia","16":"tag-russian-federation","17":"tag-russie","18":"tag-trump","19":"tag-ukraine","20":"tag-volodymyr-zelensky"},"share_on_mastodon":{"url":"https:\/\/pubeurope.com\/@fr\/115806276360695342","error":""},"_links":{"self":[{"href":"https:\/\/www.europesays.com\/fr\/wp-json\/wp\/v2\/posts\/628978","targetHints":{"allow":["GET"]}}],"collection":[{"href":"https:\/\/www.europesays.com\/fr\/wp-json\/wp\/v2\/posts"}],"about":[{"href":"https:\/\/www.europesays.com\/fr\/wp-json\/wp\/v2\/types\/post"}],"author":[{"embeddable":true,"href":"https:\/\/www.europesays.com\/fr\/wp-json\/wp\/v2\/users\/2"}],"replies":[{"embeddable":true,"href":"https:\/\/www.europesays.com\/fr\/wp-json\/wp\/v2\/comments?post=628978"}],"version-history":[{"count":0,"href":"https:\/\/www.europesays.com\/fr\/wp-json\/wp\/v2\/posts\/628978\/revisions"}],"wp:featuredmedia":[{"embeddable":true,"href":"https:\/\/www.europesays.com\/fr\/wp-json\/wp\/v2\/media\/628979"}],"wp:attachment":[{"href":"https:\/\/www.europesays.com\/fr\/wp-json\/wp\/v2\/media?parent=628978"}],"wp:term":[{"taxonomy":"category","embeddable":true,"href":"https:\/\/www.europesays.com\/fr\/wp-json\/wp\/v2\/categories?post=628978"},{"taxonomy":"post_tag","embeddable":true,"href":"https:\/\/www.europesays.com\/fr\/wp-json\/wp\/v2\/tags?post=628978"}],"curies":[{"name":"wp","href":"https:\/\/api.w.org\/{rel}","templated":true}]}}