{"id":62900,"date":"2025-04-29T22:45:14","date_gmt":"2025-04-29T22:45:14","guid":{"rendered":"https:\/\/www.europesays.com\/fr\/62900\/"},"modified":"2025-04-29T22:45:14","modified_gmt":"2025-04-29T22:45:14","slug":"vents-de-memoire-aux-editions-deux-nice-rendezvous-rayon-livres-jeunesse","status":"publish","type":"post","link":"https:\/\/www.europesays.com\/fr\/62900\/","title":{"rendered":"Vents de M\u00e9moire aux \u00e9ditions d&rsquo;Eux Nice RendezVous rayon Livres Jeunesse"},"content":{"rendered":"<p>Les \u00e9ditions D&rsquo;Eux viennent de publier Vents de M\u00e9moire d&rsquo;Yves Nadon pour le texte et Nathalie Novi pour les dessins.<\/p>\n<p><strong>\u00c9DITIONS D&rsquo;EUX<\/strong> &#8211; L&rsquo;histoire commence \u00e0 Dharamsala, un jeune gar\u00e7on est en voyage avec ses parents et ils observent des moines tib\u00e9tains qui inscrivent des pri\u00e8res sur des tissus color\u00e9s et les attachent sur des fils pour les laisser voler au vent. De retour dans son pays, il pense \u00e0 sa grand-m\u00e8re qui a perdu la m\u00e9moire et vit dans une maison de soin. Il se met en t\u00eate de d\u00e9couper des carr\u00e9s de tissus color\u00e9s et d&rsquo;y inscrire des moments de la vie de sa grand-m\u00e8re qu&rsquo;il va attach\u00e9 entre les arbres de la maison communautaire o\u00f9 vit sa grand-m\u00e8re. Le vent va soulever les souvenirs qui vont inonder la m\u00e9moire de l&rsquo;a\u00efeule.<br \/>L&rsquo;histoire, port\u00e9e par les dessins d\u00e9licats de Nathalie Novi, est tr\u00e8s touchante. On imagine le lien fort qui unit le jeune gar\u00e7on \u00e0 sa grand-m\u00e8re et son envie de partager avec elle les moments de sa vie qui se sont effac\u00e9s de sa m\u00e9moire. De la tradition tib\u00e9taine \u00e0 la tradition familiale, flottent des drapeaux soulev\u00e9s par le vent, porteurs d&rsquo;amour et de souvenirs.<\/p>\n<p><strong>Vents de m\u00e9moire<br \/>Texte : Yves Nadon<br \/>Illustration :: Nathalie Novi<br \/>\u00c9ditions D&rsquo;Eux<\/strong><br \/>\u00c0 partir de 5 ans<br \/>32 pages<br \/>Format : 19,00 x 27,00 cm<br \/>Prix : 20 \u20ac<\/p>\n<p><strong>\u00c0 propos des auteurs<\/strong><br \/><strong>Yves Nadon<\/strong> est auteur, enseignant, \u00e9diteur. Son dernier album, Mon fr\u00e8re et moi, a re\u00e7u le Prix des libraires en 2018. Il vit \u00e0 Sherbrooke, au Qu\u00e9bec.<br \/><strong>Nathalie Novi<\/strong> est auteure-illustratrice et peintre. D\u2019origine italienne par son p\u00e8re et alsacienne par sa m\u00e8re, elle est n\u00e9e \u00e0 Saint Mihiel, un 5 octobre, mais c\u2019est \u00e0 Constantine, en Alg\u00e9rie, que se d\u00e9roule sa petite enfance. C\u2019est \u00e0 onze ans qu\u2019elle prend ses premiers cours de dessin. Elle a suivi les cours de Beaux-Arts de Nancy puis de Paris, elle travaille alors dans la publicit\u00e9 et l\u2019\u00e9dition avant de se tourner vers l\u2019illustration, la peinture et la gravure. Elle vit \u00e0 Plainoiseau (39)<\/p>\n<p>Copyright \u00a92025 NRV Nice Rendezvous. Tous droits r\u00e9serv\u00e9s. <br \/>@ actualites_nrv #Nice06<\/p>\n<p><img loading=\"lazy\" decoding=\"async\" style=\"margin-right: 20px; margin-bottom: 2px; float: left;\" alt=\"logo-nicerendezvous\" src=\"https:\/\/www.europesays.com\/fr\/wp-content\/uploads\/2025\/04\/logo-nrdv.jpg\" height=\"40\" width=\"40\"\/>Toutes les actualit\u00e9s les plus r\u00e9centes de <strong>NRV<\/strong>, <strong>NiceRendezVous<\/strong>, le site de rencontre avec les \u00e9v\u00e9nements, la culture et l&rsquo;histoire de <strong>Nice, de la C\u00f4te d&rsquo;Azur et de la Principaut\u00e9 de Monaco<\/strong>, sont pr\u00e9sent\u00e9es<a target=\"_blank\" title=\"Les actus r\u00e9centes de Nice-RendezVous sur Google actualit\u00e9s\" href=\"http:\/\/news.google.fr\/news\/search?pz=1&amp;cf=i&amp;ned=fr&amp;hl=fr&amp;q=site%3Anicerendezvous.com&amp;scoring=n&amp;ict=ln\" rel=\"noopener\"> ici par <strong>Google actualit\u00e9<\/strong><\/a><\/p>\n<p id=\"slidetag\">\u00a0<\/p>\n","protected":false},"excerpt":{"rendered":"Les \u00e9ditions D&rsquo;Eux viennent de publier Vents de M\u00e9moire d&rsquo;Yves Nadon pour le texte et Nathalie Novi pour&hellip;\n","protected":false},"author":2,"featured_media":9501,"comment_status":"","ping_status":"","sticky":false,"template":"","format":"standard","meta":{"footnotes":""},"categories":[2819],"tags":[1111,11,16093,1777,674,1011,27,280,12,2401,882,25,16092],"class_list":{"0":"post-62900","1":"post","2":"type-post","3":"status-publish","4":"format-standard","5":"has-post-thumbnail","7":"category-nice","8":"tag-actu","9":"tag-actualites","10":"tag-editions-d","11":"tag-eu","12":"tag-europe","13":"tag-fr","14":"tag-france","15":"tag-memoire","16":"tag-news","17":"tag-nice","18":"tag-provence-alpes-cote-dazur","19":"tag-republique-francaise","20":"tag-vents"},"share_on_mastodon":{"url":"https:\/\/pubeurope.com\/@fr\/114423681664362507","error":""},"_links":{"self":[{"href":"https:\/\/www.europesays.com\/fr\/wp-json\/wp\/v2\/posts\/62900","targetHints":{"allow":["GET"]}}],"collection":[{"href":"https:\/\/www.europesays.com\/fr\/wp-json\/wp\/v2\/posts"}],"about":[{"href":"https:\/\/www.europesays.com\/fr\/wp-json\/wp\/v2\/types\/post"}],"author":[{"embeddable":true,"href":"https:\/\/www.europesays.com\/fr\/wp-json\/wp\/v2\/users\/2"}],"replies":[{"embeddable":true,"href":"https:\/\/www.europesays.com\/fr\/wp-json\/wp\/v2\/comments?post=62900"}],"version-history":[{"count":0,"href":"https:\/\/www.europesays.com\/fr\/wp-json\/wp\/v2\/posts\/62900\/revisions"}],"wp:featuredmedia":[{"embeddable":true,"href":"https:\/\/www.europesays.com\/fr\/wp-json\/wp\/v2\/media\/9501"}],"wp:attachment":[{"href":"https:\/\/www.europesays.com\/fr\/wp-json\/wp\/v2\/media?parent=62900"}],"wp:term":[{"taxonomy":"category","embeddable":true,"href":"https:\/\/www.europesays.com\/fr\/wp-json\/wp\/v2\/categories?post=62900"},{"taxonomy":"post_tag","embeddable":true,"href":"https:\/\/www.europesays.com\/fr\/wp-json\/wp\/v2\/tags?post=62900"}],"curies":[{"name":"wp","href":"https:\/\/api.w.org\/{rel}","templated":true}]}}