{"id":629003,"date":"2025-12-30T03:16:12","date_gmt":"2025-12-30T03:16:12","guid":{"rendered":"https:\/\/www.europesays.com\/fr\/629003\/"},"modified":"2025-12-30T03:16:12","modified_gmt":"2025-12-30T03:16:12","slug":"le-clin-doeil-de-la-future-epouse-du-neveu-du-roi-charles-iii-a-kate-middleton-pour-sa-premiere-apparition-a-sandringham","status":"publish","type":"post","link":"https:\/\/www.europesays.com\/fr\/629003\/","title":{"rendered":"Le clin d&rsquo;oeil de la future \u00e9pouse du neveu du roi Charles III \u00e0 Kate Middleton pour sa premi\u00e8re apparition \u00e0 Sandringham"},"content":{"rendered":"<p class=\"ap-StoryElement ap-StoryElement--mb ap-StoryText\">Invit\u00e9e \u00e0 Ascot et \u00e0 Wimbledon, la quadrag\u00e9naire \u00e9tait n\u00e9anmoins absente du No\u00ebl de la famille royale o\u00f9, officiellement, seuls les couples mari\u00e9s sont admis. Harriet Sperling n&rsquo;est pas priv\u00e9e de Sandringham pour autant, puisqu&rsquo;elle est apparue ce 28 d\u00e9cembre aux c\u00f4t\u00e9s de la famille royale, lors de la messe du dimanche, c\u00e9l\u00e9br\u00e9e en l&rsquo;\u00e9glise Ste Mary Magdalene.<\/p>\n<p class=\"ap-StoryElement ap-StoryElement--mb ap-StoryText\">Si Charles III \u00e9tait pr\u00e9sent, il \u00e9tait \u00e9galement accompagn\u00e9 des survivants de No\u00ebl, comme le duc et la duchesse d&rsquo;\u00c9dimbourg, la princesse Anne et son mari, Timothy Laurence, ainsi que David Armstrong-Jones venu avec ses enfants, Charles et Margarita. Peter Phillips \u00e9tait \u00e9galement pr\u00e9sent et a donc pu compter sur la pr\u00e9sence de sa fianc\u00e9e, qui prenait part \u00e0 l&rsquo;\u00e9v\u00e9nement pour la premi\u00e8re fois, se pr\u00e9parant ainsi \u00e0 la vie de personnalit\u00e9 royale.<\/p>\n<p>Harriet \u00ab\u00a0so chic\u00a0\u00bb dans une marque ch\u00e8re aux princesses<\/p>\n<p class=\"ap-StoryElement ap-StoryElement--mb ap-StoryText\">Pour cette grande premi\u00e8re, l&rsquo;infirmi\u00e8re a fait une nouvelle d\u00e9monstration d&rsquo;\u00e9l\u00e9gance en apparaissant dans un ensemble \u00e0 carreaux compos\u00e9 d&rsquo;une veste et d&rsquo;une jupe longue Beulah London, une marque ch\u00e8re au c\u0153ur de Kate Middleton, de Sophie d&rsquo;\u00c9dimbourg et de la princesse Beatrice. Elle portait \u00e9galement des bottes Penelope Chilvers et un sac Anya Hindmarch. Une fa\u00e7on pour elle de se fondre dans le moule des Windsor qu&rsquo;elle s&rsquo;appr\u00eate \u00e0 rejoindre.<\/p>\n","protected":false},"excerpt":{"rendered":"Invit\u00e9e \u00e0 Ascot et \u00e0 Wimbledon, la quadrag\u00e9naire \u00e9tait n\u00e9anmoins absente du No\u00ebl de la famille royale o\u00f9,&hellip;\n","protected":false},"author":2,"featured_media":629004,"comment_status":"","ping_status":"","sticky":false,"template":"","format":"standard","meta":{"footnotes":""},"categories":[1359],"tags":[972,581,58,59,1011,27,5072,73849,973,73850,971],"class_list":{"0":"post-629003","1":"post","2":"type-post","3":"status-publish","4":"format-standard","5":"has-post-thumbnail","7":"category-people","8":"tag-celebrite","9":"tag-charles-iii","10":"tag-divertissement","11":"tag-entertainment","12":"tag-fr","13":"tag-france","14":"tag-grande-bretagne","15":"tag-harriet-sperling","16":"tag-people","17":"tag-peter-phillips","18":"tag-royaute"},"share_on_mastodon":{"url":"https:\/\/pubeurope.com\/@fr\/115806351089999518","error":""},"_links":{"self":[{"href":"https:\/\/www.europesays.com\/fr\/wp-json\/wp\/v2\/posts\/629003","targetHints":{"allow":["GET"]}}],"collection":[{"href":"https:\/\/www.europesays.com\/fr\/wp-json\/wp\/v2\/posts"}],"about":[{"href":"https:\/\/www.europesays.com\/fr\/wp-json\/wp\/v2\/types\/post"}],"author":[{"embeddable":true,"href":"https:\/\/www.europesays.com\/fr\/wp-json\/wp\/v2\/users\/2"}],"replies":[{"embeddable":true,"href":"https:\/\/www.europesays.com\/fr\/wp-json\/wp\/v2\/comments?post=629003"}],"version-history":[{"count":0,"href":"https:\/\/www.europesays.com\/fr\/wp-json\/wp\/v2\/posts\/629003\/revisions"}],"wp:featuredmedia":[{"embeddable":true,"href":"https:\/\/www.europesays.com\/fr\/wp-json\/wp\/v2\/media\/629004"}],"wp:attachment":[{"href":"https:\/\/www.europesays.com\/fr\/wp-json\/wp\/v2\/media?parent=629003"}],"wp:term":[{"taxonomy":"category","embeddable":true,"href":"https:\/\/www.europesays.com\/fr\/wp-json\/wp\/v2\/categories?post=629003"},{"taxonomy":"post_tag","embeddable":true,"href":"https:\/\/www.europesays.com\/fr\/wp-json\/wp\/v2\/tags?post=629003"}],"curies":[{"name":"wp","href":"https:\/\/api.w.org\/{rel}","templated":true}]}}