{"id":629013,"date":"2025-12-30T03:22:17","date_gmt":"2025-12-30T03:22:17","guid":{"rendered":"https:\/\/www.europesays.com\/fr\/629013\/"},"modified":"2025-12-30T03:22:17","modified_gmt":"2025-12-30T03:22:17","slug":"un-premier-deces-de-la-grippe-a-wallis-et-futuna","status":"publish","type":"post","link":"https:\/\/www.europesays.com\/fr\/629013\/","title":{"rendered":"Un premier d\u00e9c\u00e8s de la grippe \u00e0 Wallis et Futuna"},"content":{"rendered":"<p class=\"svelte-qfpp5o first-paragraph\"><b>Une personne est d\u00e9c\u00e9d\u00e9e<\/b> <b>de la grippe<\/b> \u00e0 Wallis et Futuna et <b>714 cas ont \u00e9t\u00e9 recens\u00e9s<\/b> depuis d\u00e9but d\u00e9cembre. Le territoire est maintenant au c\u0153ur de l\u2019\u00e9pid\u00e9mie.<\/p>\n<p class=\"svelte-qfpp5o\">Avec la p\u00e9riode de rassemblements pour la f\u00eate de fin d\u2019ann\u00e9e, la grippe A trouve un terrain favorable \u00e0 son d\u00e9veloppement.<\/p>\n<p class=\"svelte-qfpp5o\">Les personnes les plus fragiles sont les femmes enceintes et les personnes qui pr\u00e9sentent un facteur de risque. (insuffisance respiratoire, bronchopneumopathie, diab\u00e8te, insuffisance cardiaque, et insuffisance r\u00e9nale)<\/p>\n<p class=\"svelte-qfpp5o\">Sous-tension les services de soins du territoire se sont adapt\u00e9es face \u00e0 l\u2019\u00e9pid\u00e9mie pour \u00e9viter l\u2019engorgement du service des urgences.<\/p>\n<p class=\"svelte-qfpp5o\"><b>L\u2019agence de sant\u00e9 a \u00e9largi les horaires des consultations. Elles se font du lundi au vendredi jusqu\u2019\u00e0 19H00 et les Week end jusqu\u2019\u00e0 21H00\u00a0;<\/b><\/p>\n<p class=\"svelte-qfpp5o\">\u00a0<\/p>\n<p class=\"svelte-qfpp5o\">Les sympt\u00f4mes de la Grippe A sont g\u00e9n\u00e9ralement un d\u00e9but brutal de fi\u00e8vre \u00e0 plus de 38\u00b0 ou des frissons sans temp\u00e9ratures associ\u00e9es, avec une toux ou un mal de gorge.<\/p>\n<p class=\"svelte-qfpp5o\">Pour freiner la propagation du virus, il est demand\u00e9 \u00e0 la population d\u2019appliquer les mesures barri\u00e8res en \u00e9vitant surtout des contacts rapproch\u00e9s avec des personnes malades.<\/p>\n<p class=\"svelte-qfpp5o\">Si vous \u00eates malade, \u00e9vitez les rassemblements festifs, prot\u00e9gez-vous ainsi ceux que vous aimez et les autres.<\/p>\n<p class=\"svelte-qfpp5o\"><b>Restez \u00e0 l\u2019isolement, a\u00e9rez les pi\u00e8ces de la maison, couvrez votre bouche et votre nez avec un mouchoir ou votre coude lorsque vous toussez ou \u00e9ternuez, et lavez-vous les mains r\u00e9guli\u00e8rement.<\/b> Dans les centres de soins, le port du masque est toujours obligatoire et les visites aux malades hospitalis\u00e9es sont limit\u00e9es \u00e0 une seule personne \u00e0 la fois.<\/p>\n","protected":false},"excerpt":{"rendered":"Une personne est d\u00e9c\u00e9d\u00e9e de la grippe \u00e0 Wallis et Futuna et 714 cas ont \u00e9t\u00e9 recens\u00e9s depuis&hellip;\n","protected":false},"author":2,"featured_media":629014,"comment_status":"","ping_status":"","sticky":false,"template":"","format":"standard","meta":{"footnotes":""},"categories":[10],"tags":[1011,27,72,71],"class_list":{"0":"post-629013","1":"post","2":"type-post","3":"status-publish","4":"format-standard","5":"has-post-thumbnail","7":"category-sante","8":"tag-fr","9":"tag-france","10":"tag-health","11":"tag-sante"},"share_on_mastodon":{"url":"https:\/\/pubeurope.com\/@fr\/115806374935274369","error":""},"_links":{"self":[{"href":"https:\/\/www.europesays.com\/fr\/wp-json\/wp\/v2\/posts\/629013","targetHints":{"allow":["GET"]}}],"collection":[{"href":"https:\/\/www.europesays.com\/fr\/wp-json\/wp\/v2\/posts"}],"about":[{"href":"https:\/\/www.europesays.com\/fr\/wp-json\/wp\/v2\/types\/post"}],"author":[{"embeddable":true,"href":"https:\/\/www.europesays.com\/fr\/wp-json\/wp\/v2\/users\/2"}],"replies":[{"embeddable":true,"href":"https:\/\/www.europesays.com\/fr\/wp-json\/wp\/v2\/comments?post=629013"}],"version-history":[{"count":0,"href":"https:\/\/www.europesays.com\/fr\/wp-json\/wp\/v2\/posts\/629013\/revisions"}],"wp:featuredmedia":[{"embeddable":true,"href":"https:\/\/www.europesays.com\/fr\/wp-json\/wp\/v2\/media\/629014"}],"wp:attachment":[{"href":"https:\/\/www.europesays.com\/fr\/wp-json\/wp\/v2\/media?parent=629013"}],"wp:term":[{"taxonomy":"category","embeddable":true,"href":"https:\/\/www.europesays.com\/fr\/wp-json\/wp\/v2\/categories?post=629013"},{"taxonomy":"post_tag","embeddable":true,"href":"https:\/\/www.europesays.com\/fr\/wp-json\/wp\/v2\/tags?post=629013"}],"curies":[{"name":"wp","href":"https:\/\/api.w.org\/{rel}","templated":true}]}}