{"id":629023,"date":"2025-12-30T03:27:15","date_gmt":"2025-12-30T03:27:15","guid":{"rendered":"https:\/\/www.europesays.com\/fr\/629023\/"},"modified":"2025-12-30T03:27:15","modified_gmt":"2025-12-30T03:27:15","slug":"treve-a-gaza-hamas-iran-trump-recoit-netanyahou-en-floride-pour-en-parler","status":"publish","type":"post","link":"https:\/\/www.europesays.com\/fr\/629023\/","title":{"rendered":"Tr\u00eave \u00e0 Gaza, Hamas, Iran\u2026 Trump re\u00e7oit Netanyahou en Floride pour en parler"},"content":{"rendered":"<p><a href=\"https:\/\/www.20minutes.fr\/dossier\/benyamin_netanyahou\" target=\"_blank\" class=\"c-link c-link--is-underlined\" rel=\"noopener\">Benyamin Netanyahou<\/a> rencontre lundi <a href=\"https:\/\/www.20minutes.fr\/dossier\/donald_trump\" target=\"_blank\" class=\"c-link c-link--is-underlined\" rel=\"noopener\">Donald Trump<\/a> en Floride pour des discussions domin\u00e9es par l\u2019avenir du cessez-le-feu \u00e0 <a href=\"https:\/\/www.20minutes.fr\/monde\/gaza\/\" target=\"_blank\" class=\"c-link c-link--is-underlined\" rel=\"noopener\">Gaza<\/a>, alors que la transition vers sa deuxi\u00e8me phase est dans l\u2019impasse. Re\u00e7u \u00e0 Mar-a-Lago, le Premier ministre isra\u00e9lien retrouve un alli\u00e9 cl\u00e9 \u00e0 un moment o\u00f9 Washington tente d\u2019acc\u00e9l\u00e9rer les n\u00e9gociations avec l\u2019appui de m\u00e9diateurs r\u00e9gionaux.<\/p>\n<p>Entr\u00e9e en vigueur en octobre apr\u00e8s deux ann\u00e9es de guerre d\u00e9clench\u00e9es par l\u2019attaque du <a href=\"https:\/\/www.20minutes.fr\/monde\/hamas\/\" target=\"_blank\" class=\"c-link c-link--is-underlined\" rel=\"noopener\">Hamas<\/a> le 7\u00a0octobre 2023, la tr\u00eave est pr\u00e9sent\u00e9e comme un succ\u00e8s diplomatique de la premi\u00e8re ann\u00e9e du nouveau mandat de Donald Trump. Mais la suite du plan, qui pr\u00e9voit le d\u00e9sarmement du Hamas, le retrait progressif de l\u2019<a href=\"https:\/\/www.20minutes.fr\/dossier\/armee_israelienne\" target=\"_blank\" class=\"c-link c-link--is-underlined\" rel=\"noopener\">arm\u00e9e isra\u00e9lienne<\/a>, la mise en place d\u2019une autorit\u00e9 de transition et le d\u00e9ploiement d\u2019une force internationale, reste bloqu\u00e9e sur fond d\u2019accusations crois\u00e9es de violations.<\/p>\n<p>Le Hamas n\u2019entend pas se laisser d\u00e9sarmer<\/p>\n<p>Avant toute avanc\u00e9e, <a href=\"https:\/\/www.20minutes.fr\/monde\/israel\/\" target=\"_blank\" class=\"c-link c-link--is-underlined\" rel=\"noopener\">Isra\u00ebl<\/a> entend remettre au centre des discussions la restitution du corps du dernier otage encore retenu \u00e0 Gaza. \u00ab\u00a0Il faut que d\u00e9bute la deuxi\u00e8me phase. Il y a m\u00eame du retard, je pense que les Am\u00e9ricains en sont conscients, parce que le Hamas a eu trop de temps pour r\u00e9tablir sa pr\u00e9sence\u00a0\u00bb, estime Gershon Baskin, m\u00e9diateur informel engag\u00e9 de longue date dans les dossiers d\u2019otages.<\/p>\n<\/p>\n<p>Donald Trump envisagerait \u00e9galement de relancer un \u00ab\u00a0comit\u00e9 de la paix\u00a0\u00bb pour superviser ce processus, possiblement lors du forum de Davos en janvier. Mais dans une vid\u00e9o sur Telegram, la branche arm\u00e9e du Hamas a r\u00e9affirm\u00e9 lundi qu\u2019elle \u00ab\u00a0ne renoncera pas\u00a0\u00bb \u00e0 ses armes, son nouveau porte-parole d\u00e9clarant dans une vid\u00e9o que \u00ab\u00a0notre peuple se d\u00e9fend et ne renoncera pas \u00e0 ses armes tant que l\u2019occupation perdurera, il ne se rendra pas, m\u00eame s\u2019il doit se battre \u00e0 mains nues\u00a0\u00bb.<\/p>\n<p>L\u2019Iran \u00e9galement au programme<\/p>\n<p>Au-del\u00e0 de Gaza, le chef du gouvernement isra\u00e9lien devrait mettre l\u2019accent sur l\u2019<a href=\"https:\/\/www.20minutes.fr\/monde\/iran\/\" target=\"_blank\" class=\"c-link c-link--is-underlined\" rel=\"noopener\">Iran<\/a>. Il souhaite alerter sur \u00ab\u00a0le danger que posent l\u2019Iran\u00a0\u00bb et son programme balistique \u00ab\u00a0non seulement pour la r\u00e9gion du <a href=\"https:\/\/www.20minutes.fr\/dossier\/moyen_orient\" target=\"_blank\" class=\"c-link c-link--is-underlined\" rel=\"noopener\">Moyen-Orient<\/a> mais aussi pour les <a href=\"https:\/\/www.20minutes.fr\/monde\/etats-unis\/\" target=\"_blank\" class=\"c-link c-link--is-underlined\" rel=\"noopener\">Etats-Unis<\/a>\u00a0\u00bb, selon sa porte-parole Shosh Bedrosian. Une approche interpr\u00e9t\u00e9e par le chercheur Sina Toossi comme \u00ab\u00a0une tentative de fabriquer un nouveau casus belli\u00a0\u00bb apr\u00e8s l\u2019argument nucl\u00e9aire.<\/p>\n<p><a href=\"https:\/\/www.20minutes.fr\/dossier\/moyen_orient\" target=\"_blank\" class=\"c-link c-btn c-btn--primary\" rel=\"noopener\">Notre dossier sur le Moyen-Orient<\/a><\/p>\n<p><a href=\"https:\/\/www.20minutes.fr\/monde\/teheran\/\" target=\"_blank\" class=\"c-link c-link--is-underlined\" rel=\"noopener\">T\u00e9h\u00e9ran<\/a> d\u00e9nonce de son c\u00f4t\u00e9 une mont\u00e9e des pressions. Le porte-parole de la diplomatie iranienne a \u00e9voqu\u00e9 un climat \u00ab\u00a0psychologique\u00a0\u00bb, tandis que le pr\u00e9sident Massoud Pezeshkian a accus\u00e9 les Etats-Unis, Isra\u00ebl et les Europ\u00e9ens de mener une \u00ab\u00a0guerre totale\u00a0\u00bb contre la R\u00e9publique islamique, notamment sur le plan \u00e9conomique. Autant de lignes de fracture qui conf\u00e8rent \u00e0 cette rencontre un enjeu strat\u00e9gique majeur.<\/p>\n","protected":false},"excerpt":{"rendered":"Benyamin Netanyahou rencontre lundi Donald Trump en Floride pour des discussions domin\u00e9es par l\u2019avenir du cessez-le-feu \u00e0 Gaza,&hellip;\n","protected":false},"author":2,"featured_media":629024,"comment_status":"","ping_status":"","sticky":false,"template":"","format":"standard","meta":{"footnotes":""},"categories":[5],"tags":[47,11,952,221,75,73,1011,27,665,3519,14,3019,664,74,3257,12,9367,28],"class_list":{"0":"post-629023","1":"post","2":"type-post","3":"status-publish","4":"format-standard","5":"has-post-thumbnail","7":"category-international","8":"tag-actualite","9":"tag-actualites","10":"tag-benyamin-netanyahou","11":"tag-cessez-le-feu","12":"tag-donald-trump","13":"tag-etats-unis","14":"tag-fr","15":"tag-france","16":"tag-gaza","17":"tag-hamas","18":"tag-international","19":"tag-iran","20":"tag-israel","21":"tag-monde","22":"tag-moyen-orient","23":"tag-news","24":"tag-otage","25":"tag-world"},"share_on_mastodon":{"url":"https:\/\/pubeurope.com\/@fr\/115806394428238943","error":""},"_links":{"self":[{"href":"https:\/\/www.europesays.com\/fr\/wp-json\/wp\/v2\/posts\/629023","targetHints":{"allow":["GET"]}}],"collection":[{"href":"https:\/\/www.europesays.com\/fr\/wp-json\/wp\/v2\/posts"}],"about":[{"href":"https:\/\/www.europesays.com\/fr\/wp-json\/wp\/v2\/types\/post"}],"author":[{"embeddable":true,"href":"https:\/\/www.europesays.com\/fr\/wp-json\/wp\/v2\/users\/2"}],"replies":[{"embeddable":true,"href":"https:\/\/www.europesays.com\/fr\/wp-json\/wp\/v2\/comments?post=629023"}],"version-history":[{"count":0,"href":"https:\/\/www.europesays.com\/fr\/wp-json\/wp\/v2\/posts\/629023\/revisions"}],"wp:featuredmedia":[{"embeddable":true,"href":"https:\/\/www.europesays.com\/fr\/wp-json\/wp\/v2\/media\/629024"}],"wp:attachment":[{"href":"https:\/\/www.europesays.com\/fr\/wp-json\/wp\/v2\/media?parent=629023"}],"wp:term":[{"taxonomy":"category","embeddable":true,"href":"https:\/\/www.europesays.com\/fr\/wp-json\/wp\/v2\/categories?post=629023"},{"taxonomy":"post_tag","embeddable":true,"href":"https:\/\/www.europesays.com\/fr\/wp-json\/wp\/v2\/tags?post=629023"}],"curies":[{"name":"wp","href":"https:\/\/api.w.org\/{rel}","templated":true}]}}