{"id":629033,"date":"2025-12-30T03:34:22","date_gmt":"2025-12-30T03:34:22","guid":{"rendered":"https:\/\/www.europesays.com\/fr\/629033\/"},"modified":"2025-12-30T03:34:22","modified_gmt":"2025-12-30T03:34:22","slug":"sarah-anna-sale-spectacle-humour-a-nancy","status":"publish","type":"post","link":"https:\/\/www.europesays.com\/fr\/629033\/","title":{"rendered":"Sarah Anna \u00ab\u00a0Sale\u00a0\u00bb : Spectacle Humour a Nancy"},"content":{"rendered":"<p>\t\t\t\t\t\t\t\t\t<a href=\"https:\/\/www.estrepublicain.fr\/pour-sortir\/loisirs\/Spectacle-theatre-conte\/Humour\/Lorraine\/Meurthe-et-moselle\/Nancy\/2026\/01\/17\/javascript:history.back();\" rel=\"nofollow noopener\" class=\"backToSearch\" target=\"_blank\">Retour \u00e0 la recherche<\/a><\/p>\n<p class=\"media-desc\" itemprop=\"description\">&#13;<br \/>\n\t\t\t\t\tDe son humour noir et son verbe bien aiguis\u00e9, Sarah-Anna, ancienne infirmi\u00e8re, d\u00e9coupe sans prendre de gants.&#13;<br \/>\n\t\t\t\t\t\t\t\t\t\t\t&#13;<br \/>\n\t\t\t\t\t\t\t\t\t\tSoci\u00e9t\u00e9, sexe, hypocrisie ambiante: elle balance tout haut ce que tout le monde ose \u00e0 peine penser tout bas. Vous allez rire, et vous demander parfois si vous en avez le droit, dans un spectacle cru, dr\u00f4le et sans anesth\u00e9sie, duquel vous sortirez vivants, et \u00e7a, c&rsquo;est d\u00e9j\u00e0 bien\u00a0!&#13;\n\t\t\t\t  <\/p>\n","protected":false},"excerpt":{"rendered":"Retour \u00e0 la recherche &#13; De son humour noir et son verbe bien aiguis\u00e9, Sarah-Anna, ancienne infirmi\u00e8re, d\u00e9coupe&hellip;\n","protected":false},"author":2,"featured_media":629034,"comment_status":"","ping_status":"","sticky":false,"template":"","format":"standard","meta":{"footnotes":""},"categories":[9635],"tags":[1111,11,1777,674,1011,27,775,1702,12,25],"class_list":{"0":"post-629033","1":"post","2":"type-post","3":"status-publish","4":"format-standard","5":"has-post-thumbnail","7":"category-nancy","8":"tag-actu","9":"tag-actualites","10":"tag-eu","11":"tag-europe","12":"tag-fr","13":"tag-france","14":"tag-grand-est","15":"tag-nancy","16":"tag-news","17":"tag-republique-francaise"},"share_on_mastodon":{"url":"https:\/\/pubeurope.com\/@fr\/115806421861664213","error":""},"_links":{"self":[{"href":"https:\/\/www.europesays.com\/fr\/wp-json\/wp\/v2\/posts\/629033","targetHints":{"allow":["GET"]}}],"collection":[{"href":"https:\/\/www.europesays.com\/fr\/wp-json\/wp\/v2\/posts"}],"about":[{"href":"https:\/\/www.europesays.com\/fr\/wp-json\/wp\/v2\/types\/post"}],"author":[{"embeddable":true,"href":"https:\/\/www.europesays.com\/fr\/wp-json\/wp\/v2\/users\/2"}],"replies":[{"embeddable":true,"href":"https:\/\/www.europesays.com\/fr\/wp-json\/wp\/v2\/comments?post=629033"}],"version-history":[{"count":0,"href":"https:\/\/www.europesays.com\/fr\/wp-json\/wp\/v2\/posts\/629033\/revisions"}],"wp:featuredmedia":[{"embeddable":true,"href":"https:\/\/www.europesays.com\/fr\/wp-json\/wp\/v2\/media\/629034"}],"wp:attachment":[{"href":"https:\/\/www.europesays.com\/fr\/wp-json\/wp\/v2\/media?parent=629033"}],"wp:term":[{"taxonomy":"category","embeddable":true,"href":"https:\/\/www.europesays.com\/fr\/wp-json\/wp\/v2\/categories?post=629033"},{"taxonomy":"post_tag","embeddable":true,"href":"https:\/\/www.europesays.com\/fr\/wp-json\/wp\/v2\/tags?post=629033"}],"curies":[{"name":"wp","href":"https:\/\/api.w.org\/{rel}","templated":true}]}}