{"id":629037,"date":"2025-12-30T03:37:17","date_gmt":"2025-12-30T03:37:17","guid":{"rendered":"https:\/\/www.europesays.com\/fr\/629037\/"},"modified":"2025-12-30T03:37:17","modified_gmt":"2025-12-30T03:37:17","slug":"compostons-a-la-maison-tarn-et-garonne-bruniquel","status":"publish","type":"post","link":"https:\/\/www.europesays.com\/fr\/629037\/","title":{"rendered":"\u00ab\u00a0Compostons \u00e0 la maison !\u00a0\u00bb &#8211; Tarn et Garonne &#8211; Bruniquel"},"content":{"rendered":"<p>\t\tOffre exceptionnelle sur la commune : Kit de compostage \u00e0 10\u20ac seulement ! Pour r\u00e9duire nos d\u00e9chets alimentaires, le SDD82 propose une initiative : la vente de kit de compostage pour vos d\u00e9chets alimentaires ! Profitez de cette offre incroyable ! Le SDD82 sera pr\u00e9sent sur la commune de Bruniquel le jeudi 8 janvier 2026 sur le parking de la salle des f\u00eates, pour distribuer des kits de compostage \u00e0 seulement 10\u20ac ! Chaque kit comprend un composteur, un seau et un guide d&rsquo;utilisation. Une opportunit\u00e9 \u00e0 ne pas manquer ! Comment en profiter ? Inscrivez-vous d\u00e8s maintenant aupr\u00e8s du SDD82 via le lien suivant <a href=\"https:\/\/www.sdd82.fr\/obtenir-mon-kit-compostage\" target=\"_blank\" rel=\"noopener\">https:\/\/www.sdd82.fr\/obtenir-mon-kit-compostage<\/a> ou par t\u00e9l\u00e9phone au 05 63 91 77 27. Pour plus d&rsquo;informations, joignez le SDD82 par mail (compost.sdd@tarnetgaronne.fr) ou t\u00e9l\u00e9phone au 05 63 91 77 27.<br \/>\n                Cet article est r\u00e9serv\u00e9 aux abonn\u00e9s.<\/p>\n<p class=\"signature\" itemscope=\"\" itemprop=\"Author\" itemtype=\"http:\/\/schema.org\/Person\">\n                WV\n            <\/p>\n","protected":false},"excerpt":{"rendered":"Offre exceptionnelle sur la commune : Kit de compostage \u00e0 10\u20ac seulement ! Pour r\u00e9duire nos d\u00e9chets alimentaires,&hellip;\n","protected":false},"author":2,"featured_media":395922,"comment_status":"","ping_status":"","sticky":false,"template":"","format":"standard","meta":{"footnotes":""},"categories":[9599],"tags":[1111,11,1777,674,1011,27,2208,12,2680,301,25],"class_list":{"0":"post-629037","1":"post","2":"type-post","3":"status-publish","4":"format-standard","5":"has-post-thumbnail","7":"category-montpellier","8":"tag-actu","9":"tag-actualites","10":"tag-eu","11":"tag-europe","12":"tag-fr","13":"tag-france","14":"tag-montpellier","15":"tag-news","16":"tag-occitanie","17":"tag-premium","18":"tag-republique-francaise"},"share_on_mastodon":{"url":"https:\/\/pubeurope.com\/@fr\/115806433685537177","error":""},"_links":{"self":[{"href":"https:\/\/www.europesays.com\/fr\/wp-json\/wp\/v2\/posts\/629037","targetHints":{"allow":["GET"]}}],"collection":[{"href":"https:\/\/www.europesays.com\/fr\/wp-json\/wp\/v2\/posts"}],"about":[{"href":"https:\/\/www.europesays.com\/fr\/wp-json\/wp\/v2\/types\/post"}],"author":[{"embeddable":true,"href":"https:\/\/www.europesays.com\/fr\/wp-json\/wp\/v2\/users\/2"}],"replies":[{"embeddable":true,"href":"https:\/\/www.europesays.com\/fr\/wp-json\/wp\/v2\/comments?post=629037"}],"version-history":[{"count":0,"href":"https:\/\/www.europesays.com\/fr\/wp-json\/wp\/v2\/posts\/629037\/revisions"}],"wp:featuredmedia":[{"embeddable":true,"href":"https:\/\/www.europesays.com\/fr\/wp-json\/wp\/v2\/media\/395922"}],"wp:attachment":[{"href":"https:\/\/www.europesays.com\/fr\/wp-json\/wp\/v2\/media?parent=629037"}],"wp:term":[{"taxonomy":"category","embeddable":true,"href":"https:\/\/www.europesays.com\/fr\/wp-json\/wp\/v2\/categories?post=629037"},{"taxonomy":"post_tag","embeddable":true,"href":"https:\/\/www.europesays.com\/fr\/wp-json\/wp\/v2\/tags?post=629037"}],"curies":[{"name":"wp","href":"https:\/\/api.w.org\/{rel}","templated":true}]}}