{"id":629040,"date":"2025-12-30T03:40:15","date_gmt":"2025-12-30T03:40:15","guid":{"rendered":"https:\/\/www.europesays.com\/fr\/629040\/"},"modified":"2025-12-30T03:40:15","modified_gmt":"2025-12-30T03:40:15","slug":"une-situation-terrible-pres-de-rouen-sa-maison-brule-a-quelques-jours-de-noel-elle-raconte","status":"publish","type":"post","link":"https:\/\/www.europesays.com\/fr\/629040\/","title":{"rendered":"\u00ab Une situation terrible \u00bb Pr\u00e8s de Rouen, sa maison br\u00fble \u00e0 quelques jours de No\u00ebl : elle raconte"},"content":{"rendered":"<p>                    Par<br \/>\n        <strong><br \/>\n            <a href=\"https:\/\/actu.fr\/auteur\/le-journal-delbeuf\" title=\"Consulter tous les articles de R\u00e9daction Elbeuf\" target=\"_blank\" rel=\"noopener\">R\u00e9daction Elbeuf<\/a><br \/>\n                    <\/strong><\/p>\n<p>        Publi\u00e9 le<\/p>\n<p>            29 d\u00e9c. 2025 \u00e0 17h52        <\/p>\n<p>Une maison d\u00e9truite, des f\u00eates g\u00e2ch\u00e9es et une vie qui bascule. M\u00e9lodie Marie et ses <b>deux enfants<\/b>, Marius, 7\u00a0ans, et Juliette, 3\u00a0ans, sont aujourd\u2019hui \u00e0 la recherche d\u2019un logement de substitution suite \u00e0 <a href=\"https:\/\/actu.fr\/normandie\/freneuse_76282\/pres-de-rouen-un-incendie-ravage-une-maison-une-famille-relogee_63608135.html\" target=\"_blank\" rel=\"noopener\">l\u2019incendie qui a ravag\u00e9 leur maison<\/a> de <a href=\"https:\/\/actu.fr\/normandie\/freneuse_76282\" target=\"_blank\" rel=\"noopener\">Freneuse (Seine-Maritime)<\/a>, quelques jours avant <b>No\u00ebl<\/b>. La m\u00e8re de famille, sans emploi et avec un fils reconnu en situation de <b>handicap<\/b>, rencontre cependant des difficult\u00e9s pour \u00eatre <b>relog\u00e9e<\/b>. Aujourd\u2019hui elle raconte <b>l\u2019incendie <\/b>et les jours qui ont suivi cet \u00e9v\u00e8nement qui a pr\u00e9cipit\u00e9 sa famille dans la <b>pr\u00e9carit\u00e9<\/b>.<\/p>\n<p>Propri\u00e9taire depuis quelques mois<\/p>\n<p class=\" wall-content\">C\u2019est au mois de juin dernier que M\u00e9lodie Marie ach\u00e8te cette <b>maison <\/b>\u00e0 Freneuse, ce qui lui permet de se rapprocher de ses parents \u00e2g\u00e9s. \u00ab\u2009Pour eux, comme pour moi, c\u2019\u00e9tait <b>rassurant<\/b>, en cas de besoin je pouvais me rendre chez eux tr\u00e8s vite.\u2009\u00bb<\/p>\n<p class=\" wall-content\">Juin, est aussi le moment o\u00f9 la m\u00e8re de famille se s\u00e9pare de son conjoint. En juillet, elle et ses deux enfants, Marius et Juliette, prennent possession de leur nouvel habitat, apr\u00e8s avoir fait quelques <b>travaux<\/b>. \u00ab\u2009Les go\u00fbts d\u00e9coratifs des anciens propri\u00e9taires, ne me convenaient pas, j\u2019ai entrepris des travaux de peinture, la pose d\u2019un nouveau carrelage et du mobilier de la cuisine\u2009\u00bb.<\/p>\n<p>    <img   decoding=\"async\" loading=\"lazy\" class=\"size-large\" src=\"https:\/\/www.europesays.com\/fr\/wp-content\/uploads\/2025\/12\/f0c2edbe61596e4c2edbe6159b8c2ev-960x640.jpg\" alt=\"Une belle maison et un beau terrain, l'id\u00e9al pour une vie en famille.\" width=\"960\" height=\"640\"\/><br \/>\n    La famille avait emm\u00e9nag\u00e9 dans ce pavillon de Freneuse (Seine-Maritime) en juin\u00a02025. \u00a9Le Journal d\u2019Elbeuf<\/p>\n<p class=\" wall-content\">Pour cette petite famille, une <b>nouvelle vie<\/b> d\u00e9bute. Tout le monde prend ses marques dans cette maison, chaque enfant \u00e0 une chambre \u00e0 l\u2019\u00e9tage, leurs jouets et jeux sont rang\u00e9s.<\/p>\n<p>Un cambriolage, puis\u00a0le drame<\/p>\n<p class=\" wall-content\">La fin de l\u2019ann\u00e9e approche, un sapin est install\u00e9 dans le salon, il reste \u00e0 le d\u00e9corer et la famille prend deux heures d\u2019une apr\u00e8s-midi pour faire quelques courses en ce sens. Cette dur\u00e9e d\u2019absence est suffisante pour que des <b>malfrats <\/b>s\u2019introduisent dans la maison. \u00ab\u2009Ils sont entr\u00e9s derri\u00e8re la maison et ont ouvert les volets avec un pied-de-biche, relate M\u00e9lodie Marie, ils n\u2019ont vol\u00e9 que des <b>bijoux <\/b>et sont repartis par le m\u00eame chemin\u2009\u00bb.<\/p>\n<p>Votre r\u00e9gion, votre actu !<\/p>\n<p>Recevez chaque jour les infos qui comptent pour vous.<\/p>\n<p>\t<a href=\"https:\/\/actu.fr\/newsletter\" class=\"ac-btn ac-btn--corner ac-btn--medium ac-btn--blue800\" target=\"_blank\" rel=\"noopener\">S&rsquo;incrire<\/a><\/p>\n<p class=\" wall-content\">Quelques jours plus tard, elle quitte la maison avec ses enfants pour rejoindre ses parents. \u00ab\u2009J\u2019avais fait installer des cam\u00e9ras \u00e0 la suite du <b>cambriolage<\/b>, explique-t-elle, depuis mon t\u00e9l\u00e9phone, je peux voir ce qu\u2019il se passe chez moi\u2009\u00bb. Vers 14h, saisie d\u2019un mauvais pressentiment, elle d\u00e9cide de v\u00e9rifier sa maison. \u00ab\u2009L\u00e0, c\u2019est la surprise, se souvient-elle, je vois de la <b>fum\u00e9e <\/b>dans le salon.\u2009\u00bb<\/p>\n<p class=\" wall-content\">Elle part dans l\u2019instant, mais il est d\u00e9j\u00e0 trop tard, <b>le feu se propage<\/b> \u00e0 l\u2019\u00e9tage, dans les chambres des enfants. Les flammes d\u00e9vorent la toiture aliment\u00e9e par les plafonds en lambris. Des voisins ont appel\u00e9 les <b>pompiers <\/b>qui arriveront d\u2019<a href=\"https:\/\/actu.fr\/normandie\/elbeuf_76231\" target=\"_blank\" rel=\"noopener\">Elbeuf<\/a>, une quinzaine de minutes plus tard.<\/p>\n<blockquote class=\"ac-article-quote wall-content\">\n<p>C\u2019est une situation terrible, on ne peut que regarder ces flammes monstrueuses.<\/p>\n<p>M\u00e9lodie Marie, m\u00e8re de deux enfants.<\/p><\/blockquote>\n<p class=\" wall-content\">Trois v\u00e9hicules sont mobilis\u00e9s, dont une <b>grande \u00e9chelle<\/b>, ainsi qu\u2019une vingtaine de pompiers. Ils quitteront les lieux apr\u00e8s 21h30.<\/p>\n<p>Une maison en partie d\u00e9truite<\/p>\n<p class=\" wall-content\">\u00c0 l\u2019\u00e9tage, la charpente est totalement <b>calcin\u00e9e<\/b>, les murs noircis, il ne reste rien du mobilier, des jeux et des jouets des enfants. En bas, il y a \u00e9galement des <b>d\u00e9g\u00e2ts <\/b>caus\u00e9s par l\u2019eau utilis\u00e9e. Les services d\u2019\u00e9lectricit\u00e9 et de gaz, se sont rendus sur place pour couper les diff\u00e9rentes alimentations. Sur la pelouse, des \u00e9l\u00e9ments des <b>chambres <\/b>des enfants sont amass\u00e9s. \u00c0 l\u2019arri\u00e8re, la terrasse n\u00e9cessitera d\u2019\u00eatre remise en \u00e9tat, les pompiers ayant \u00e9vacu\u00e9 des gravats de ce c\u00f4t\u00e9. Apr\u00e8s le passage d\u2019un expert le montant des d\u00e9g\u00e2ts est estim\u00e9 \u00e0 pr\u00e8s de <b>200\u2009000\u00a0euros<\/b>.<\/p>\n<p>    <img   decoding=\"async\" loading=\"lazy\" class=\"size-large\" src=\"https:\/\/www.europesays.com\/fr\/wp-content\/uploads\/2025\/12\/a8195dbe61596bc195dbe615980295v-960x640.jpg\" alt=\"La chambre de Marius.\" width=\"960\" height=\"640\"\/><br \/>\n    Les chambres des enfants de M\u00e9lodie Marie ont \u00e9t\u00e9 d\u00e9truites. \u00a9Le Journal d\u2019Elbeuf<\/p>\n<p class=\" wall-content\">\u00ab\u2009Il y a eu un bel \u00e9lan de <b>solidarit\u00e9<\/b>, t\u00e9moigne M\u00e9lodie, un couvreur a \u00e9t\u00e9 appel\u00e9, il est venu dans la soir\u00e9e poser des b\u00e2ches sur le toit, des parents m\u2019ont donn\u00e9 des v\u00eatements, pour les enfants et pour moi\u2009\u00bb. Avant d\u2019\u00eatre saisie par <b>l\u2019\u00e9motion <\/b>en \u00e9voquant son fils de 7\u00a0ans\u2009: \u00ab\u2009Marius est autiste, ce n\u2019est pas une maladie, c\u2019est un trouble neurologique du d\u00e9veloppement. Il se souvenait parfaitement de toutes ses petites voitures et me demandait r\u00e9guli\u00e8rement si elles \u00e9taient toujours dans sa chambre\u2009\u00bb, raconte-t-elle, avant de ne pouvoir contenir ses larmes.<\/p>\n<blockquote class=\"ac-article-quote wall-content\">\n<p>Il essayait de me remonter le moral, en m\u2019expliquant que ce n\u2019\u00e9tait rien, que nous \u00e9tions tous vivants.<\/p>\n<p>M\u00e9lodie Marie.<\/p><\/blockquote>\n<p class=\" wall-content\">D\u00e9sormais, M\u00e9lodie Marie doit faire face \u00e0 diverses d\u00e9marches avec les assurances et \u00e0 trouver un <b>nouveau logement<\/b> le temps des travaux, sans doute<b> 24 \u00e0 30\u00a0mois<\/b>. \u00c0 Freneuse, on lui explique qu\u2019il y a un logement disponible, proche de l\u2019\u00e9cole. \u00ab\u2009C\u2019est l\u2019id\u00e9al. En restant ici, les enfants seront moins perturb\u00e9s, principalement Marius, se rassure la m\u00e8re de famille, comme il est <b>autiste<\/b>, il a besoin de rep\u00e8res pour vivre. Trop changer ses habitudes, vont le perturber et de nouveaux progr\u00e8s seront \u00e0 effectuer.\u2009\u00bb<\/p>\n<p>Des difficult\u00e9s \u00e0 se reloger<\/p>\n<p class=\" wall-content\">M\u00e9lodie Marie entreprend des d\u00e9marches aupr\u00e8s du <b>bailleur <\/b>en charge du logement provisoire envisag\u00e9 \u00e0 Freneuse. Ce dernier estime que sa situation pourrait lui en permettre l\u2019attribution. Mais depuis le mois de juin, M\u00e9lodie Marie est aussi <b>sans travail<\/b>. Apr\u00e8s \u00e9tude du dossier, le bailleur effectue un r\u00e9trop\u00e9dalage\u2009: le logement ne correspond pas \u00e0 ses <b>revenus<\/b>. Un probl\u00e8me r\u00e9current avec les bailleurs qui ne prennent pas en consid\u00e9ration les revenus du moment, mais ceux des deux ann\u00e9es pr\u00e9c\u00e9dentes.<\/p>\n<blockquote class=\"ac-article-quote wall-content\">\n<p>On me dit que j\u2019ai des revenus trop \u00e9lev\u00e9s. C\u2019\u00e9tait vrai il y a deux ans, mais ce n\u2019est plus le cas actuellement.<\/p>\n<p>M\u00e9lodie Marie.<\/p><\/blockquote>\n<p class=\" wall-content\">\u00ab\u2009Je suis au ch\u00f4mage, je dois payer les mensualit\u00e9s de la maison et le loyer pour un autre logement. En tout, cela va me co\u00fbter pr\u00e8s de <b>2\u2009000\u00a0euros par mois<\/b> \u00e0 Freneuse, ce que je pourrais g\u00e9rer n\u00e9anmoins. Mais \u00e0 cela, il faudra ajouter les charges, l\u2019alimentation, etc\u2009\u00bb, soupire-t-elle.<\/p>\n<p class=\" wall-content\">Aujourd\u2019hui M\u00e9lodie Marie se retrouve dans une <b>impasse<\/b>, d\u2019autant plus que la solution que lui propose le bailleur en question est un logement \u00e0 <a href=\"https:\/\/actu.fr\/normandie\/cleon_76178\" target=\"_blank\" rel=\"noopener\">Cl\u00e9on<\/a>, d\u2019un loyer de 960\u00a0euros par mois, contre 550\u00a0euros pour le logement qu\u2019elle esp\u00e9rait \u00e0 Freneuse. Pour le moment, la famille est h\u00e9berg\u00e9e par les parents de M\u00e9lodie Marie.<\/p>\n<p class=\" wall-content\">Personnalisez votre actualit\u00e9 en ajoutant vos villes et m\u00e9dias en favori avec <a href=\"https:\/\/moncompte.actu.fr\" title=\"D\u00e9couvez Mon Actu\" rel=\"nofollow noopener\" data-trk=\"{&quot;cta&quot;:{&quot;action&quot;:&quot;https:\\\/\\\/moncompte.actu.fr&quot;,&quot;category&quot;:&quot;mon compte&quot;,&quot;from&quot;:&quot;article footer&quot;,&quot;name&quot;:&quot;Mon actu&quot;,&quot;type&quot;:&quot;cta&quot;}}\" target=\"_blank\">Mon Actu<\/a>.<\/p>\n","protected":false},"excerpt":{"rendered":"Par R\u00e9daction Elbeuf Publi\u00e9 le 29 d\u00e9c. 2025 \u00e0 17h52 Une maison d\u00e9truite, des f\u00eates g\u00e2ch\u00e9es et une&hellip;\n","protected":false},"author":2,"featured_media":629041,"comment_status":"","ping_status":"","sticky":false,"template":"","format":"standard","meta":{"footnotes":""},"categories":[9587],"tags":[1111,11,1777,674,1011,27,1310,12,5161,1311,25,9590,104],"class_list":{"0":"post-629040","1":"post","2":"type-post","3":"status-publish","4":"format-standard","5":"has-post-thumbnail","7":"category-rouen","8":"tag-actu","9":"tag-actualites","10":"tag-eu","11":"tag-europe","12":"tag-fr","13":"tag-france","14":"tag-incendie","15":"tag-news","16":"tag-normandie","17":"tag-pompiers","18":"tag-republique-francaise","19":"tag-rouen","20":"tag-societe"},"share_on_mastodon":{"url":"https:\/\/pubeurope.com\/@fr\/115806445524827422","error":""},"_links":{"self":[{"href":"https:\/\/www.europesays.com\/fr\/wp-json\/wp\/v2\/posts\/629040","targetHints":{"allow":["GET"]}}],"collection":[{"href":"https:\/\/www.europesays.com\/fr\/wp-json\/wp\/v2\/posts"}],"about":[{"href":"https:\/\/www.europesays.com\/fr\/wp-json\/wp\/v2\/types\/post"}],"author":[{"embeddable":true,"href":"https:\/\/www.europesays.com\/fr\/wp-json\/wp\/v2\/users\/2"}],"replies":[{"embeddable":true,"href":"https:\/\/www.europesays.com\/fr\/wp-json\/wp\/v2\/comments?post=629040"}],"version-history":[{"count":0,"href":"https:\/\/www.europesays.com\/fr\/wp-json\/wp\/v2\/posts\/629040\/revisions"}],"wp:featuredmedia":[{"embeddable":true,"href":"https:\/\/www.europesays.com\/fr\/wp-json\/wp\/v2\/media\/629041"}],"wp:attachment":[{"href":"https:\/\/www.europesays.com\/fr\/wp-json\/wp\/v2\/media?parent=629040"}],"wp:term":[{"taxonomy":"category","embeddable":true,"href":"https:\/\/www.europesays.com\/fr\/wp-json\/wp\/v2\/categories?post=629040"},{"taxonomy":"post_tag","embeddable":true,"href":"https:\/\/www.europesays.com\/fr\/wp-json\/wp\/v2\/tags?post=629040"}],"curies":[{"name":"wp","href":"https:\/\/api.w.org\/{rel}","templated":true}]}}