{"id":629044,"date":"2025-12-30T03:47:50","date_gmt":"2025-12-30T03:47:50","guid":{"rendered":"https:\/\/www.europesays.com\/fr\/629044\/"},"modified":"2025-12-30T03:47:50","modified_gmt":"2025-12-30T03:47:50","slug":"faire-rire-grace-a-lhumour-noir","status":"publish","type":"post","link":"https:\/\/www.europesays.com\/fr\/629044\/","title":{"rendered":"faire rire gr\u00e2ce \u00e0 l&rsquo;humour noir"},"content":{"rendered":"<p>                    Par<br \/>\n        <strong><br \/>\n            <a href=\"https:\/\/actu.fr\/auteur\/clemence-pays02-actu-fr\" title=\"Consulter tous les articles de Cl\u00e9mence Pays\" target=\"_blank\" rel=\"noopener\">Cl\u00e9mence Pays<\/a><br \/>\n                    <\/strong><\/p>\n<p>        Publi\u00e9 le<\/p>\n<p>            28 d\u00e9c. 2025 \u00e0 14h30        <\/p>\n<p>\u00ab\u2009Je ne me suis jamais dit qu\u2019un jour, je monterai sur sc\u00e8ne.\u2009\u00bb Et pourtant. Cela fait plus de trois ans que <strong>Sarah-Anna parcourt les salles de France<\/strong> et de Navarre, dans un seul but\u2009: <strong>faire rire.<\/strong> Derri\u00e8re son micro et sous la lumi\u00e8re des projecteurs, la Rennaise prend une voix aigu\u00eb et un air faussement na\u00eff pour laisser libre cours \u00e0 sa verve et son vocabulaire fleuri. Son credo\u2009: <strong>l\u2019humour noir.<\/strong> \u00ab\u2009J\u2019ai toujours \u00e9t\u00e9 comme \u00e7a, c\u2019est dans ma nature. J\u2019aime rire de tout.\u2009\u00bb<\/p>\n<p>Infirmi\u00e8re au CHU de Rennes<\/p>\n<p class=\" wall-content\">Cet esprit ac\u00e9r\u00e9, Sarah-Anna ne l\u2019a jamais cach\u00e9 \u00e0 son entourage, ni m\u00eame \u00e0 ses coll\u00e8gues. \u00ab\u2009L\u2019h\u00f4pital, \u00e7a en rajoute une couche. Les blagues en salle de pause, c\u2019est <strong>une mani\u00e8re de d\u00e9samorcer<\/strong> ce qu\u2019il se passe\u2009\u00bb, d\u00e9voile celle qui a \u00e9t\u00e9<strong> infirmi\u00e8re <a href=\"https:\/\/actu.fr\/tag\/chu-de-rennes\" target=\"_blank\" rel=\"noopener\">\u00e0 Pontchaillou<\/a> durant sept ans<\/strong> au sein du service canc\u00e9rologie-h\u00e9matologie.<\/p>\n<p class=\" wall-content\">Ce n\u2019est toutefois pas \u00e0 l\u2019h\u00f4pital que l\u2019humoriste a eu le d\u00e9clic, mais bien au cours d\u2019un spectacle d\u2019humour. \u00ab\u2009En f\u00e9vrier\u00a02022, j\u2019ai un copain qui m\u2019a parl\u00e9 d\u2019une soir\u00e9e stand-up et on y est all\u00e9, raconte Sarah-Anna. \u00c0 la fin, je me suis dit\u2009: <strong>\u2018je pourrai le faire\u2019<\/strong>.\u2009\u00bb<\/p>\n<p class=\" wall-content\">Ni une ni deux, elle s\u2019inscrit \u00e0 la prochaine soir\u00e9e. \u00ab\u2009C\u2019\u00e9tait le 22\u00a0mars 2022.<strong> J\u2019\u00e9tais p\u00e9t\u00e9e de trouille\u2009!\u2009<\/strong>\u00bb Apr\u00e8s son passage de quelques minutes devant le public, la magie op\u00e8re.<\/p>\n<blockquote class=\"ac-article-quote wall-content\">\n<p>C&rsquo;\u00e9tait trop bien ! Quand tu montes sur sc\u00e8ne et que tu dois faire rire 80 personnes, tu ne sais pas si \u00e7a va marcher. L\u00e0, j&rsquo;ai eu l&rsquo;impression de d\u00e9couvrir un superpouvoir. <\/p>\n<p>    <strong>Sarah-Anna<\/strong>\n            <\/p><\/blockquote>\n<p class=\" wall-content\">Le stand-up devient alors partie prenante de sa vie en plus de sa profession. \u00ab\u2009Je faisais \u00e7a <strong>en loisir,<\/strong> comme d\u2019autres font du sport ou de la peinture. En plus j\u2019avais d\u00e9j\u00e0 un travail.\u2009\u00bb<\/p>\n<p class=\" wall-content\">Finalement, en janvier\u00a02023, la jeune femme prend un an de disponibilit\u00e9 \u00e0 l\u2019h\u00f4pital. \u00ab\u2009<strong>J\u2019avais besoin de souffler<\/strong>\u2009\u00bb, confie celle qui a parfois eu du mal \u00e0 voir o\u00f9 se cachait le soleil derri\u00e8re les nuages apr\u00e8s avoir \u00e9t\u00e9 malmen\u00e9e par le monde du travail. \u00ab\u2009Mais je pensais vraiment y retourner.\u2009\u00bb<\/p>\n<p>Votre r\u00e9gion, votre actu !<\/p>\n<p>Recevez chaque jour les infos qui comptent pour vous.<\/p>\n<p>\t<a href=\"https:\/\/actu.fr\/newsletter\" class=\"ac-btn ac-btn--corner ac-btn--medium ac-btn--blue800\" target=\"_blank\" rel=\"noopener\">S&rsquo;incrire<\/a><br \/>\nUn premier spectacle Sal\u00e9<\/p>\n<p class=\" wall-content\">En parall\u00e8le, Sarah-Anna monte<strong> l\u2019association Oh, \u00e7a va\u2009!<\/strong>, avec une bande de copains et organise des soir\u00e9es stand-up \u00e0 <a href=\"https:\/\/actu.fr\/rennes\/\" target=\"_blank\" rel=\"noopener\">Rennes<\/a>.<\/p>\n<p class=\" wall-content\">La Rennaise participe \u00e9galement au <strong>tremplin du festival Rire et Vilaine<\/strong> et remporte le prix du jury. C\u2019est \u00e0 ce moment-l\u00e0 que le producteur Thomas Martin la rep\u00e8re. \u00ab\u2009Il a commenc\u00e9 par me proposer quelques dates apr\u00e8s des annulations, ou des premi\u00e8res parties.\u2009\u00bb Tr\u00e8s vite, d\u00e8s le printemps 2023, il l\u2019encourage \u00e0 <strong>monter son propre spectacle.<\/strong><\/p>\n<p class=\" wall-content\">Au bout de quelques mois d\u2019\u00e9criture, Sal\u00e9 voit le jour. En septembre, Sarah-Anna donne sa d\u00e9mission au CHU de Rennes. \u00ab\u2009J\u2019\u00e9tais <strong>\u00e9ligible \u00e0 l\u2019intermittence.<\/strong> Je me suis dit\u2009: \u2018Aller\u2009!\u2019.\u2009\u00bb En novembre, de la m\u00eame ann\u00e9e, la premi\u00e8re de son spectacle a lieu.<\/p>\n<p>De la capitale bretonne \u00e0 la capitale fran\u00e7aise<\/p>\n<p class=\" wall-content\">Canal+, France t\u00e9l\u00e9vision, La France a incroyable talent, le Festival d\u2019Avignon\u2026 Avec ses blagues grin\u00e7antes, Sarah-Anna se fait rep\u00e9rer.<\/p>\n<p class=\" wall-content\">\u00ab\u2009En octobre\u00a02024, mon producteur m\u2019a propos\u00e9 une<strong> date hebdomadaire \u00e0 Paris.<\/strong>\u2009\u00bb Une belle opportunit\u00e9 dans la capitale o\u00f9 la concurrence est rude dans ce milieu plut\u00f4t masculin.<\/p>\n<p class=\" wall-content\"><a href=\"https:\/\/www.instagram.com\/p\/DRfcpYVAKa2\/embed\" title=\"Ouvrir le lien sur Instagram\" target=\"_blank\" rel=\"noopener\">Visualiser le contenu sur Instagram<\/a><\/p>\n<p class=\" wall-content\">\u00ab\u2009J\u2019ai <strong>quitt\u00e9 Rennes en mars\u00a02025<\/strong> pour m\u2019installer l\u00e0-bas. C\u2019\u00e9tait plus simple pour les d\u00e9placements. Mais je reste toujours investie dans l\u2019asso rennaise.\u2009\u00bb<\/p>\n<p class=\" wall-content\">Paris, c\u2019est aussi un nouveau terrain \u00e0 conqu\u00e9rir. \u00ab\u2009Au d\u00e9but, je me suis sentie seule\u2009\u00bb, confie la jeune femme. Loin de son cercle rennais, l\u2019humoriste doit faire ses preuves pour <strong>se d\u00e9marquer.<\/strong> Et c\u2019est encore une fois gr\u00e2ce \u00e0 l\u2019humour noir qu\u2019elle y parvient. \u00ab\u2009M\u00eame si le public est plut\u00f4t familial, je r\u00e9ussis \u00e0 y aller.\u2009\u00bb<\/p>\n<blockquote class=\"ac-article-quote wall-content\">\n<p>On aime ou on d\u00e9teste. Mais je pr\u00e9f\u00e8re \u00e7a, plut\u00f4t qu&rsquo;on ne se souvienne pas de mon passage. Je fais en sorte que ce soit grand public malgr\u00e9 tout, mais je ne ferai pas aimer \u00e0 tout le monde. En plus, je suis une femme donc m&rsquo;entendre dire des choses \u00ab\u00a0trash\u00a0\u00bb, ce n&rsquo;est pas concevable pour certains. Ce n&rsquo;est pas ce qu&rsquo;on apprend quand on est une petite fille.<\/p>\n<p>    <strong>Sarah-Anna<\/strong>\n            <\/p><\/blockquote>\n<p class=\" wall-content\">Magr\u00e9 tout, Sarah-Anna fait son trou. \u00ab\u2009Maintenant, le public commence \u00e0 me conna\u00eetre. Il y a <strong>des gens qui sont en recherche<\/strong> de cet humour aussi.\u2009\u00bb<\/p>\n<p>Une tourn\u00e9e en 2026<\/p>\n<p class=\" wall-content\">Cela fait maintenant deux ans que Sarah-Anna tourne en France avec Sal\u00e9. \u00ab\u2009On a de plus en plus de dates.\u2009\u00bb Et dans <strong>des salles de plus en plus grandes.<\/strong> Lors de sa<strong> tourn\u00e9e 2026,<\/strong> la Bretonne montera d\u2019ailleurs sur la sc\u00e8ne du<strong> Ponant,<\/strong> \u00e0 <a href=\"https:\/\/actu.fr\/bretagne\/pace_35210\" target=\"_blank\" rel=\"noopener\">Pac\u00e9<\/a>. \u00ab\u2009Je suis trop contente\u2009! Sur les 600 places, il y en a d\u00e9j\u00e0 300 de parties, c\u2019est \u00e9norme\u2009\u00bb, se r\u00e9jouit celle qui reste tr\u00e8s attach\u00e9e \u00e0 Rennes.<\/p>\n<p class=\" wall-content\">Et ceux qui auraient d\u00e9j\u00e0 vu Sal\u00e9 peuvent revenir. \u00ab\u2009J\u2019ai toujours tout fait toute seule. L\u00e0, je vais avoir une<strong> aide \u00e0 la mise en sc\u00e8ne<\/strong> parce que j\u2019ai trop le nez dedans, j\u2019ai besoin de prendre du recul, savoir comment exploiter de plus grandes salles\u2026\u2009\u00bb<\/p>\n<blockquote class=\"ac-article-quote wall-content\">\n<p>J&rsquo;ai envie d&rsquo;amener ce spectacle \u00e0 un autre niveau.<\/p>\n<p>    <strong>Sarah-Anna<\/strong>\n            <\/p><\/blockquote>\n<p class=\" wall-content\">Mais pas d\u2019inqui\u00e9tude pour les amoureux de l\u2019humour noir, le ton ne va pas changer. \u00ab\u2009J\u2019aime <strong>montrer l\u2019absurdit\u00e9 des trucs qui nous entourent,<\/strong> montrer les contrastes de ce monde de merde et bousculer les contradictions\u2009!\u2009\u00bb<\/p>\n<p><strong>Infos pratiques :\u00a0<\/strong><br \/>\nSarah-Anna, Sal\u00e9, le 7 mars 2026, au Ponant, \u00e0 Pac\u00e9. <a href=\"https:\/\/www.salle-leponant.fr\/evenement\/sarah-anna\/\" target=\"_blank\" rel=\"noopener\">R\u00e9servation en ligne<\/a>.<\/p>\n<p class=\" wall-content\">Personnalisez votre actualit\u00e9 en ajoutant vos villes et m\u00e9dias en favori avec <a href=\"https:\/\/moncompte.actu.fr\" title=\"D\u00e9couvez Mon Actu\" rel=\"nofollow noopener\" data-trk=\"{&quot;cta&quot;:{&quot;action&quot;:&quot;https:\\\/\\\/moncompte.actu.fr&quot;,&quot;category&quot;:&quot;mon compte&quot;,&quot;from&quot;:&quot;article footer&quot;,&quot;name&quot;:&quot;Mon actu&quot;,&quot;type&quot;:&quot;cta&quot;}}\" target=\"_blank\">Mon Actu<\/a>.<\/p>\n<p>                    <script async src=\"\/\/www.instagram.com\/embed.js\"><\/script><\/p>\n","protected":false},"excerpt":{"rendered":"Par Cl\u00e9mence Pays Publi\u00e9 le 28 d\u00e9c. 2025 \u00e0 14h30 \u00ab\u2009Je ne me suis jamais dit qu\u2019un jour,&hellip;\n","protected":false},"author":2,"featured_media":629045,"comment_status":"","ping_status":"","sticky":false,"template":"","format":"standard","meta":{"footnotes":""},"categories":[2821],"tags":[1111,11,829,7513,1777,674,1011,27,708,12,9026,584,25,104],"class_list":{"0":"post-629044","1":"post","2":"type-post","3":"status-publish","4":"format-standard","5":"has-post-thumbnail","7":"category-rennes","8":"tag-actu","9":"tag-actualites","10":"tag-bretagne","11":"tag-chu-de-rennes","12":"tag-eu","13":"tag-europe","14":"tag-fr","15":"tag-france","16":"tag-humour","17":"tag-news","18":"tag-portrait","19":"tag-rennes","20":"tag-republique-francaise","21":"tag-societe"},"share_on_mastodon":{"url":"https:\/\/pubeurope.com\/@fr\/115806476861427767","error":""},"_links":{"self":[{"href":"https:\/\/www.europesays.com\/fr\/wp-json\/wp\/v2\/posts\/629044","targetHints":{"allow":["GET"]}}],"collection":[{"href":"https:\/\/www.europesays.com\/fr\/wp-json\/wp\/v2\/posts"}],"about":[{"href":"https:\/\/www.europesays.com\/fr\/wp-json\/wp\/v2\/types\/post"}],"author":[{"embeddable":true,"href":"https:\/\/www.europesays.com\/fr\/wp-json\/wp\/v2\/users\/2"}],"replies":[{"embeddable":true,"href":"https:\/\/www.europesays.com\/fr\/wp-json\/wp\/v2\/comments?post=629044"}],"version-history":[{"count":0,"href":"https:\/\/www.europesays.com\/fr\/wp-json\/wp\/v2\/posts\/629044\/revisions"}],"wp:featuredmedia":[{"embeddable":true,"href":"https:\/\/www.europesays.com\/fr\/wp-json\/wp\/v2\/media\/629045"}],"wp:attachment":[{"href":"https:\/\/www.europesays.com\/fr\/wp-json\/wp\/v2\/media?parent=629044"}],"wp:term":[{"taxonomy":"category","embeddable":true,"href":"https:\/\/www.europesays.com\/fr\/wp-json\/wp\/v2\/categories?post=629044"},{"taxonomy":"post_tag","embeddable":true,"href":"https:\/\/www.europesays.com\/fr\/wp-json\/wp\/v2\/tags?post=629044"}],"curies":[{"name":"wp","href":"https:\/\/api.w.org\/{rel}","templated":true}]}}