{"id":629046,"date":"2025-12-30T03:48:51","date_gmt":"2025-12-30T03:48:51","guid":{"rendered":"https:\/\/www.europesays.com\/fr\/629046\/"},"modified":"2025-12-30T03:48:51","modified_gmt":"2025-12-30T03:48:51","slug":"un-bon-repas-de-noel-et-une-medaille-a-rennes-le-chateau","status":"publish","type":"post","link":"https:\/\/www.europesays.com\/fr\/629046\/","title":{"rendered":"Un bon repas de No\u00ebl et une m\u00e9daille \u00e0 Rennes-le-Ch\u00e2teau"},"content":{"rendered":"<p>Le repas de No\u00ebl \u00e0 la population a eu lieu dans la salle de la Capitelle. Une centaine de personnes participait \u00e0 ce rendez-vous au d\u00e9but duquel le maire Alexandre Painco s\u2019adressait aux invit\u00e9s : \u00ab\u00a0Ce moment tr\u00e8s attendu nous permet de nous rassembler, de partager des instants conviviaux et de c\u00e9l\u00e9brer ensemble cette f\u00eate porteuse de valeurs essentielles : la solidarit\u00e9, le partage, la bienveillance et la fraternit\u00e9. No\u00ebl est un temps particulier, un temps pour ralentir, se retrouver, penser aux autres et mesurer l\u2019importance du lien qui nous unit\u00a0\u00bb.<\/p>\n<p>Poursuivant son allocution en se r\u00e9f\u00e9rant au contexte national et international incertain, il relevait les difficult\u00e9s des agriculteurs et viticulteurs et renouvelait le soutien \u00ab\u00a0\u00e0 toutes celles et ceux qui \u0153uvrent pour faire vivre notre territoire et nourrir le pays.\u00a0\u00bb<\/p>\n<p>Une pens\u00e9e particuli\u00e8re pour Daniel Cesarini disparu au cours de l\u2019ann\u00e9e. Vinrent ensuite les v\u0153ux de bienvenue aux nouveaux r\u00e9sidents. Avant de remettre une m\u00e9daille communale \u00e0 la secr\u00e9taire de mairie Lydia Clergue, Alexandre Painco rappelait les actions de s\u00e9curisation et d\u2019optimisation de la ressource en eau, l\u2019am\u00e9lioration du c\u0153ur de village et des \u00e9quipements communaux et la poursuite des \u00e9tudes dans l\u2019\u00e9glise pour la future restauration et le soutien au dynamisme local.<\/p>\n","protected":false},"excerpt":{"rendered":"Le repas de No\u00ebl \u00e0 la population a eu lieu dans la salle de la Capitelle. Une centaine&hellip;\n","protected":false},"author":2,"featured_media":629047,"comment_status":"","ping_status":"","sticky":false,"template":"","format":"standard","meta":{"footnotes":""},"categories":[2821],"tags":[1111,11,4086,829,69313,1777,674,1011,27,329,12,584,73851,25,1857],"class_list":{"0":"post-629046","1":"post","2":"type-post","3":"status-publish","4":"format-standard","5":"has-post-thumbnail","7":"category-rennes","8":"tag-actu","9":"tag-actualites","10":"tag-aude","11":"tag-bretagne","12":"tag-commu00e9morations-hommages","13":"tag-eu","14":"tag-europe","15":"tag-fr","16":"tag-france","17":"tag-france-monde","18":"tag-news","19":"tag-rennes","20":"tag-renneslechateau","21":"tag-republique-francaise","22":"tag-sociu00e9tu00e9"},"share_on_mastodon":{"url":"https:\/\/pubeurope.com\/@fr\/115806480818682159","error":""},"_links":{"self":[{"href":"https:\/\/www.europesays.com\/fr\/wp-json\/wp\/v2\/posts\/629046","targetHints":{"allow":["GET"]}}],"collection":[{"href":"https:\/\/www.europesays.com\/fr\/wp-json\/wp\/v2\/posts"}],"about":[{"href":"https:\/\/www.europesays.com\/fr\/wp-json\/wp\/v2\/types\/post"}],"author":[{"embeddable":true,"href":"https:\/\/www.europesays.com\/fr\/wp-json\/wp\/v2\/users\/2"}],"replies":[{"embeddable":true,"href":"https:\/\/www.europesays.com\/fr\/wp-json\/wp\/v2\/comments?post=629046"}],"version-history":[{"count":0,"href":"https:\/\/www.europesays.com\/fr\/wp-json\/wp\/v2\/posts\/629046\/revisions"}],"wp:featuredmedia":[{"embeddable":true,"href":"https:\/\/www.europesays.com\/fr\/wp-json\/wp\/v2\/media\/629047"}],"wp:attachment":[{"href":"https:\/\/www.europesays.com\/fr\/wp-json\/wp\/v2\/media?parent=629046"}],"wp:term":[{"taxonomy":"category","embeddable":true,"href":"https:\/\/www.europesays.com\/fr\/wp-json\/wp\/v2\/categories?post=629046"},{"taxonomy":"post_tag","embeddable":true,"href":"https:\/\/www.europesays.com\/fr\/wp-json\/wp\/v2\/tags?post=629046"}],"curies":[{"name":"wp","href":"https:\/\/api.w.org\/{rel}","templated":true}]}}