{"id":629048,"date":"2025-12-30T03:50:37","date_gmt":"2025-12-30T03:50:37","guid":{"rendered":"https:\/\/www.europesays.com\/fr\/629048\/"},"modified":"2025-12-30T03:50:37","modified_gmt":"2025-12-30T03:50:37","slug":"a-laffiche-en-alsace-la-haine-au-zenith-une-bonne-dose-de-feminisme-et-du-swing-pour-commencer-lannee","status":"publish","type":"post","link":"https:\/\/www.europesays.com\/fr\/629048\/","title":{"rendered":"\u00c0 l&rsquo;affiche en Alsace. \u201cLa Haine\u201d au Z\u00e9nith, une bonne dose de f\u00e9minisme et du swing pour commencer l&rsquo;ann\u00e9e"},"content":{"rendered":"<p>        &#13;<br \/>\n          <a href=\"https:\/\/cdn-s-www.dna.fr\/images\/cdec49a1-18e8-4e52-9e95-afc1cb20f2a7\/NW_raw\/bruno-et-vincent-taloche-dr-1766948336.jpg\" title=\"Bruno et Vincent Taloche. DR\" class=\"chocolat-image GA-tracking\" data-ga_type=\"click\" data-ga_category=\"D\u00e9tail\" data-ga_action=\"zoomer\" data-ga_label=\"agrandir image\" target=\"_blank\" rel=\"noopener\">&#13;<br \/>\n            <img loading=\"lazy\" decoding=\"async\" src=\"https:\/\/www.europesays.com\/fr\/wp-content\/uploads\/2025\/12\/bruno-et-vincent-taloche-dr-1766948336.jpg\" alt=\"Bruno et Vincent Taloche. DR\"\/>&#13;<br \/>\n          <\/a>&#13;<br \/>\n          &#13;<\/p>\n<p class=\"insetTitle\">Village-Neuf : les fr\u00e8res Taloche, 30 ans d&rsquo;humour belge<\/p>\n<p><strong>Com\u00e9diens et directeurs du festival du rire \u00e0 Li\u00e8ge, les Fr\u00e8res Taloche, Bruno et Vincent de leurs pr\u00e9noms, f\u00eatent trois d\u00e9cennies de carri\u00e8re samedi 10 janvier au RiveRhin \u00e0 Village-Neuf, o\u00f9 ils pr\u00e9sentent leur nouveau spectacle Mise \u00e0 jour.<\/strong><\/p>\n<p>Au menu : des pilotes d\u2019avion peu ordinaires, un dentiste d\u00e9butant, un com\u00e9dien (trop) amateur, une exposition photo sur le Moyen \u00c2ge, un cours sur les \u00e9nergies renouvelables sans oublier le \u201cTaloche Mime Games\u201d et quelques surprises.<br \/>Loin du stand-up, les duettistes belges, \u00e0 l\u2019univers si personnel et la dinguerie contagieuse, font la part belle au burlesque, \u00e0 la folie et m\u00eame un peu de po\u00e9sie. <br \/>Le RiveRhin, 20 boulevard d\u2019Alsace \u00e0 Village-Neuf, samedi 10 janvier \u00e0 20 h 30. Tarifs : de 21 \u00e0 5 \u20ac. Site : <a href=\"http:\/\/www.riverhin.fr\" target=\"_blank\" rel=\"noopener\">www.riverhin.fr<\/a><\/p>\n<p>                                            <img class=\"placeholder-svg\" loading=\"lazy\" decoding=\"async\" src=\"https:\/\/cdn-files.prsmedia.fr\/files\/REDAC\/images\/svg\/placeholders\/youtube.svg\" alt=\"Youtube PlaceHolder\"\/>               <\/p>\n<p>Ce contenu est bloqu\u00e9 car vous n&rsquo;avez pas accept\u00e9 les cookies et autres traceurs.<\/p>\n<p>En cliquant sur \u00ab J\u2019accepte \u00bb, les cookies et autres traceurs seront d\u00e9pos\u00e9s et vous pourrez visualiser les contenus  (<a href=\"\" class=\"consentModule_policy\" target=\"_blank\" title=\"Consulter la politique de protection des donn\u00e9es du fournisseur\">plus d&rsquo;informations<\/a>).<\/p>\n<p>En cliquant sur \u00ab J\u2019accepte tous les cookies \u00bb, vous autorisez des d\u00e9p\u00f4ts de cookies et autres traceurs pour le stockage de vos donn\u00e9es sur nos sites et applications \u00e0 des fins de personnalisation et de ciblage publicitaire.<\/p>\n<p class=\"consentModule_secondaryText\">Vous gardez la possibilit\u00e9 de retirer votre consentement \u00e0 tout moment en consultant notre <a href=\"https:\/\/www.dna.fr\/protection-des-donnees\" target=\"_blank\" title=\"Consulter notre politique de protection des donn\u00e9es\" rel=\"noopener\">politique de protection des donn\u00e9es<\/a>. <br \/>&#13;<br \/>\n            <a href=\"https:\/\/www.dna.fr\/culture-loisirs\/2025\/12\/28\/javascript:Didomi.notice.show()\" class=\"consentModule_cmp\" target=\"_blank\" rel=\"noopener\">G\u00e9rer mes choix<\/a>&#13;\n        <\/p>\n<p>&#13;<br \/>\n                        J&rsquo;accepte&#13;<br \/>\n            J&rsquo;accepte tous les cookies&#13;\n        <\/p>\n<p>  La pi\u00e8ce \u201cViril(e.s)\u201d \u00e0 Colmar : masculin\/f\u00e9minin, les codes ont chang\u00e9<\/p>\n<p><strong>La pi\u00e8ce\u00a0Viril(e.s)\u00a0se joue jeudi 8\u00a0janvier \u00e0 la salle de spectacles Europe \u00e0 Colmar.\u00a0Elle interroge le mythe de la virilit\u00e9 \u00e0 travers le regard de cinq femmes qui ne \u201ccorrespondent pas\u201d au clich\u00e9 f\u00e9minin qu\u2019on attend.<\/strong><\/p>\n<p>    &#13;<br \/>\n    &#13;<br \/>\n    &#13;<br \/>\n    <a href=\"https:\/\/cdn-s-www.dna.fr\/images\/76e14654-2e4f-4f95-bf66-d935a5fa62b4\/NW_raw\/un-spectacle-libre-drole-et-rageur-a-voir-a-la-salle-europe-a-colmar-jeudi-8-janvier-dr-1766846854.jpg\" title=\"Un spectacle libre, dr\u00f4le et rageur \u00e0 voir \u00e0 la salle Europe \u00e0 Colmar jeudi 8 janvier. DR\" class=\"chocolat-image GA-tracking\" data-ga_type=\"click\" data-ga_category=\"D\u00e9tail\" data-ga_action=\"zoomer\" data-ga_label=\"aggrandir image\" target=\"_blank\" rel=\"noopener\">&#13;<br \/>\n        <img src=\"https:\/\/www.europesays.com\/fr\/wp-content\/uploads\/2025\/12\/un-spectacle-libre-drole-et-rageur-a-voir-a-la-salle-europe-a-colmar-jeudi-8-janvier-dr-1766846854.j.jpeg\"   alt=\"Un spectacle libre, dr\u00f4le et rageur \u00e0 voir \u00e0 la salle Europe \u00e0 Colmar jeudi 8 janvier. DR\" fetchpriority=\"high\" decoding=\"async\" data-mobile=\"NW_listA_M|1766846854\" data-base=\"NW_listA|1766846854\"\/>&#13;<br \/>\n    <\/a>&#13;<\/p>\n<p>Un spectacle libre, dr\u00f4le et rageur \u00e0 voir \u00e0 la salle Europe \u00e0 Colmar jeudi 8 janvier. DR<\/p>\n<p>Elles s\u2019appellent Justine, Capucine, Garance, Megane et Sofia. Elles sont cuisini\u00e8re, danseuse, rappeuse, joueuse de tennis ou archiviste de mode. Des filles \u201cf\u00e9minines\u201d et des \u201cgar\u00e7ons manqu\u00e9s\u201d avec un homme sensible au milieu, S\u00e9bastien. Dans une adresse directe au public, elles parlent de genre, de regard, de puissance, de doute, de libert\u00e9. S\u2019y m\u00ealent des passages dans\u00e9s, rapp\u00e9s, des moments de dr\u00f4lerie et de violences aussi.<\/p>\n<p>                                            <img class=\"placeholder-svg\" loading=\"lazy\" decoding=\"async\" src=\"https:\/\/cdn-files.prsmedia.fr\/files\/REDAC\/images\/svg\/placeholders\/youtube.svg\" alt=\"Youtube PlaceHolder\"\/>               <\/p>\n<p>Ce contenu est bloqu\u00e9 car vous n&rsquo;avez pas accept\u00e9 les cookies et autres traceurs.<\/p>\n<p>En cliquant sur \u00ab J\u2019accepte \u00bb, les cookies et autres traceurs seront d\u00e9pos\u00e9s et vous pourrez visualiser les contenus  (<a href=\"\" class=\"consentModule_policy\" target=\"_blank\" title=\"Consulter la politique de protection des donn\u00e9es du fournisseur\">plus d&rsquo;informations<\/a>).<\/p>\n<p>En cliquant sur \u00ab J\u2019accepte tous les cookies \u00bb, vous autorisez des d\u00e9p\u00f4ts de cookies et autres traceurs pour le stockage de vos donn\u00e9es sur nos sites et applications \u00e0 des fins de personnalisation et de ciblage publicitaire.<\/p>\n<p class=\"consentModule_secondaryText\">Vous gardez la possibilit\u00e9 de retirer votre consentement \u00e0 tout moment en consultant notre <a href=\"https:\/\/www.dna.fr\/protection-des-donnees\" target=\"_blank\" title=\"Consulter notre politique de protection des donn\u00e9es\" rel=\"noopener\">politique de protection des donn\u00e9es<\/a>. <br \/>&#13;<br \/>\n            <a href=\"https:\/\/www.dna.fr\/culture-loisirs\/2025\/12\/28\/javascript:Didomi.notice.show()\" class=\"consentModule_cmp\" target=\"_blank\" rel=\"noopener\">G\u00e9rer mes choix<\/a>&#13;\n        <\/p>\n<p>&#13;<br \/>\n                        J&rsquo;accepte&#13;<br \/>\n            J&rsquo;accepte tous les cookies&#13;\n        <\/p>\n<p style=\"text-align: left;\">Cr\u00e9\u00e9e en 2022 par Marie Mah\u00e9 de la compagnie DTM 9.4, la pi\u00e8ce\u00a0Viril(e\u00b7s)\u00a0\u00e9claire avec humour et d\u00e9calage des morceaux de vies, des pens\u00e9es en construction ou en d\u00e9construction et, surtout, elle interroge les certitudes. Libre, dr\u00f4le, rageur, ce spectacle parle \u00e0 celles et ceux qui n\u2019entrent pas forc\u00e9ment dans les cases.<\/p>\n<p class=\"note\" style=\"text-align: left;\">Salle de spectacles Europe, 13 rue d\u2019Amsterdam \u00e0 Colmar, jeudi 8\u00a0janvier \u00e0 19\u00a0h. D\u00e8s 10 ans. Tarifs\u00a0: de 6 \u00e0 21\u00a0\u20ac. Site\u00a0:\u00a0<a href=\"https:\/\/theatre.colmar.fr\/programmation\" target=\"_blank\" rel=\"noopener\">https:\/\/theatre.colmar.fr<\/a><\/p>\n<p>        &#13;<br \/>\n          <a href=\"https:\/\/cdn-s-www.dna.fr\/images\/3a911df1-95b0-44fe-bf6c-e2e0700f55ce\/NW_raw\/photo-dr-1766948337.jpg\" title=\"Photo DR\" class=\"chocolat-image GA-tracking\" data-ga_type=\"click\" data-ga_category=\"D\u00e9tail\" data-ga_action=\"zoomer\" data-ga_label=\"agrandir image\" target=\"_blank\" rel=\"noopener\">&#13;<br \/>\n            <img loading=\"lazy\" decoding=\"async\" src=\"https:\/\/www.europesays.com\/fr\/wp-content\/uploads\/2025\/12\/photo-dr-1766948337.jpg\" alt=\"Photo DR\"\/>&#13;<br \/>\n          <\/a>&#13;<br \/>\n          &#13;<\/p>\n<p class=\"insetTitle\">S\u00e9lestat : claquettes et bal musette<\/p>\n<p><strong>La Martin\u2019s Tap Dance Company se produit dimanche 11 janvier aux Tanzmatten \u00e0 S\u00e9lestat avec sa com\u00e9die musicale Swing Gum.<\/strong><\/p>\n<p>Le sujet est inspir\u00e9 d\u2019une histoire vraie\u200a: la rencontre entre un soldat am\u00e9ricain et une jeune Fran\u00e7aise en 1939-1945, et leurs \u00e9mouvantes retrouvailles 75 ans plus tard.<br \/>Swing, claquettes, lindy hop, salsa, danses latines\u2026 les huit danseurs, dont certains sont champions du monde, s\u2019en donnent \u00e0 c\u0153ur joie pendant 1\u200ah\u200a30.<\/p>\n<p>Les Tanzmatten, quai de l\u2019Ill \u00e0 S\u00e9lestat, dimanche 11 janvier \u00e0 17\u200ah. D\u00e8s 10 ans. Tarifs\u200a: de 14 \u00e0 33 \u20ac. Site\u200a: <a href=\"http:\/\/www.tanzmatten.fr\" target=\"_blank\" rel=\"noopener\">www.tanzmatten.fr<\/a><\/p>\n<p>                                            <img class=\"placeholder-svg\" loading=\"lazy\" decoding=\"async\" src=\"https:\/\/cdn-files.prsmedia.fr\/files\/REDAC\/images\/svg\/placeholders\/youtube.svg\" alt=\"Youtube PlaceHolder\"\/>               <\/p>\n<p>Ce contenu est bloqu\u00e9 car vous n&rsquo;avez pas accept\u00e9 les cookies et autres traceurs.<\/p>\n<p>En cliquant sur \u00ab J\u2019accepte \u00bb, les cookies et autres traceurs seront d\u00e9pos\u00e9s et vous pourrez visualiser les contenus  (<a href=\"\" class=\"consentModule_policy\" target=\"_blank\" title=\"Consulter la politique de protection des donn\u00e9es du fournisseur\">plus d&rsquo;informations<\/a>).<\/p>\n<p>En cliquant sur \u00ab J\u2019accepte tous les cookies \u00bb, vous autorisez des d\u00e9p\u00f4ts de cookies et autres traceurs pour le stockage de vos donn\u00e9es sur nos sites et applications \u00e0 des fins de personnalisation et de ciblage publicitaire.<\/p>\n<p class=\"consentModule_secondaryText\">Vous gardez la possibilit\u00e9 de retirer votre consentement \u00e0 tout moment en consultant notre <a href=\"https:\/\/www.dna.fr\/protection-des-donnees\" target=\"_blank\" title=\"Consulter notre politique de protection des donn\u00e9es\" rel=\"noopener\">politique de protection des donn\u00e9es<\/a>. <br \/>&#13;<br \/>\n            <a href=\"https:\/\/www.dna.fr\/culture-loisirs\/2025\/12\/28\/javascript:Didomi.notice.show()\" class=\"consentModule_cmp\" target=\"_blank\" rel=\"noopener\">G\u00e9rer mes choix<\/a>&#13;\n        <\/p>\n<p>&#13;<br \/>\n                        J&rsquo;accepte&#13;<br \/>\n            J&rsquo;accepte tous les cookies&#13;\n        <\/p>\n<p>  \u00a0Strasbourg : la com\u00e9die musicale \u201cLa Haine\u201d arrive au Z\u00e9nith<\/p>\n<p><strong>Le spectacle\u00a0La Haine\u00a0adapt\u00e9 du film culte de Mathieu Kassovitz d\u00e9barque au Z\u00e9nith de Strasbourg vendredi 9\u00a0janvier. M\u00ealant rap, danse, cin\u00e9ma et th\u00e9\u00e2tre, il renouvelle le genre de la com\u00e9die musicale avec un message politique assum\u00e9.<\/strong><\/p>\n<p>    &#13;<br \/>\n    &#13;<br \/>\n    &#13;<br \/>\n    <a href=\"https:\/\/cdn-s-www.dna.fr\/images\/0752c34e-4bc5-432e-b4c7-285c8cebc060\/NW_raw\/le-trio-des-jeunes-de-la-haine-said-joue-par-samy-belkessa-hubert-par-alivor-et-vinz-par-alexander-ferrario-photo-anthony-ghnassia-1766846854.jpg\" title=\"Le trio des jeunes de La Haine : Sa\u00efd jou\u00e9 par Samy Belkessa, Hubert par Alivor et Vinz par Alexander Ferrario. Photo Anthony Ghnassia\" class=\"chocolat-image GA-tracking\" data-ga_type=\"click\" data-ga_category=\"D\u00e9tail\" data-ga_action=\"zoomer\" data-ga_label=\"aggrandir image\" target=\"_blank\" rel=\"noopener\">&#13;<br \/>\n        <img src=\"https:\/\/www.europesays.com\/fr\/wp-content\/uploads\/2025\/12\/le-trio-des-jeunes-de-la-haine-said-joue-par-samy-belkessa-hubert-par-alivor-et-vinz-par-alexander-f.jpeg\"   alt=\"Le trio des jeunes de La Haine : Sa\u00efd jou\u00e9 par Samy Belkessa, Hubert par Alivor et Vinz par Alexander Ferrario. Photo Anthony Ghnassia\" fetchpriority=\"high\" decoding=\"async\" data-mobile=\"NW_listA_M|1766846854\" data-base=\"NW_listA|1766846854\"\/>&#13;<br \/>\n    <\/a>&#13;<\/p>\n<p>Le trio des jeunes de La Haine : Sa\u00efd jou\u00e9 par Samy Belkessa, Hubert par Alivor et Vinz par Alexander Ferrario. Photo Anthony Ghnassia<\/p>\n<p>Jusqu\u2019ici rien n\u2019a chang\u00e9. Trente ans apr\u00e8s le film culte,\u00a0La Haine<a href=\"https:\/\/www.lahaine-live.com\/\" target=\"_blank\" rel=\"noopener\">,<\/a>\u00a0le constat demeure\u2026 D\u00e9sesp\u00e9rant en ce qui concerne les bavures polici\u00e8res. Reste que le spectacle qu\u2019a r\u00e9alis\u00e9 le com\u00e9dien et metteur en sc\u00e8ne Mathieu Kassovitz \u00e0 partir de son film frappe fort.<\/p>\n<p style=\"text-align: left;\">Sur la sc\u00e8ne du Z\u00e9nith \u00e0 Strasbourg, le spectateur sera projet\u00e9 dans des s\u00e9quences de rap, danse, th\u00e9\u00e2tre et cin\u00e9ma. Ce qui renouvelle radicalement le genre de la com\u00e9die musicale. \u00c0 l\u2019origine, c\u2019est le DJ Cut Killer, directeur musical, qui a r\u00e9uni des artistes de rap et R\u2019n\u2019B pour \u00e9crire les morceaux. L\u2019id\u00e9e \u00e9tant que musicalement, le spectacle \u00e0 l\u2019image de\u00a0Hair\u00a0et de\u00a0Starmania,\u00a0reste militant.<\/p>\n<p>                                            <img class=\"placeholder-svg\" loading=\"lazy\" decoding=\"async\" src=\"https:\/\/cdn-files.prsmedia.fr\/files\/REDAC\/images\/svg\/placeholders\/youtube.svg\" alt=\"Youtube PlaceHolder\"\/>               <\/p>\n<p>Ce contenu est bloqu\u00e9 car vous n&rsquo;avez pas accept\u00e9 les cookies et autres traceurs.<\/p>\n<p>En cliquant sur \u00ab J\u2019accepte \u00bb, les cookies et autres traceurs seront d\u00e9pos\u00e9s et vous pourrez visualiser les contenus  (<a href=\"\" class=\"consentModule_policy\" target=\"_blank\" title=\"Consulter la politique de protection des donn\u00e9es du fournisseur\">plus d&rsquo;informations<\/a>).<\/p>\n<p>En cliquant sur \u00ab J\u2019accepte tous les cookies \u00bb, vous autorisez des d\u00e9p\u00f4ts de cookies et autres traceurs pour le stockage de vos donn\u00e9es sur nos sites et applications \u00e0 des fins de personnalisation et de ciblage publicitaire.<\/p>\n<p class=\"consentModule_secondaryText\">Vous gardez la possibilit\u00e9 de retirer votre consentement \u00e0 tout moment en consultant notre <a href=\"https:\/\/www.dna.fr\/protection-des-donnees\" target=\"_blank\" title=\"Consulter notre politique de protection des donn\u00e9es\" rel=\"noopener\">politique de protection des donn\u00e9es<\/a>. <br \/>&#13;<br \/>\n            <a href=\"https:\/\/www.dna.fr\/culture-loisirs\/2025\/12\/28\/javascript:Didomi.notice.show()\" class=\"consentModule_cmp\" target=\"_blank\" rel=\"noopener\">G\u00e9rer mes choix<\/a>&#13;\n        <\/p>\n<p>&#13;<br \/>\n                        J&rsquo;accepte&#13;<br \/>\n            J&rsquo;accepte tous les cookies&#13;\n        <\/p>\n<p style=\"text-align: left;\">\u00c0 l\u2019instar du film iconique avec Vincent Cassel, Sa\u00efd Taghmaoui et Hubert Kound\u00e9, le spectacle r\u00e9v\u00e8le un trio de jeunes acteurs plus que prometteurs.<\/p>\n<p style=\"text-align: left;\">Tous les trois ont \u00e9t\u00e9 choisis au terme d\u2019un long casting, au cours duquel les profils de 3\u00a0000 candidats ont \u00e9t\u00e9 \u00e9tudi\u00e9s. Au final, Alexander Ferrario, acteur et com\u00e9dien franco-argentin, interpr\u00e8te Vinz, Samy Belkessa joue Sa\u00efd et Alivor, Hubert. Ce dernier bien connu des amateurs de rap, a une pr\u00e9sence et une \u00e9nergie sur sc\u00e8ne particuli\u00e8rement efficaces. \u200d<\/p>\n<p class=\"note\" style=\"text-align: left;\">Z\u00e9nith de Strasbourg, vendredi 9\u00a0janvier \u00e0 20\u00a0h\u00a030. Dur\u00e9e\u00a0: 2 heures avec entracte. Tarifs\u00a0: de 65 \u00e0 85\u00a0\u20ac. Site\u00a0:\u00a0<a href=\"https:\/\/www.zenith-strasbourg.fr\/\" target=\"_blank\" rel=\"noopener\">www.zenith-strasbourg.fr<\/a><\/p>\n<p>        &#13;<br \/>\n          <a href=\"https:\/\/cdn-s-www.dna.fr\/images\/25816695-80da-4d4f-9d6d-fb133f9504d3\/NW_raw\/photo-dr-1766948337.jpg\" title=\"\u00a0Photo DR\" class=\"chocolat-image GA-tracking\" data-ga_type=\"click\" data-ga_category=\"D\u00e9tail\" data-ga_action=\"zoomer\" data-ga_label=\"agrandir image\" target=\"_blank\" rel=\"noopener\">&#13;<br \/>\n            <img loading=\"lazy\" decoding=\"async\" src=\"https:\/\/www.europesays.com\/fr\/wp-content\/uploads\/2025\/12\/1767066635_935_photo-dr-1766948337.jpg\" alt=\"\u00a0Photo DR\"\/>&#13;<br \/>\n          <\/a>&#13;<br \/>\n          &#13;<\/p>\n<p class=\"insetTitle\">Mulhouse : \u201cCarmen\u201d et \u201cLe Bol\u00e9ro\u201d par le Grand Ballet de Kiev<\/p>\n<p><strong>Un seul spectacle pour deux \u0153uvres majeures qui se font \u00e9cho : Carmen de Bizet et Le Bol\u00e9ro de Ravel sont au programme de cette soir\u00e9e exceptionnelle pr\u00e9sent\u00e9e au th\u00e9\u00e2tre de la Sinne, mardi 6 janvier, par le Grand Ballet de Kiev.<\/strong><\/p>\n<p>Carmen, \u0153uvre la plus jou\u00e9e au monde sur le destin d\u2019une femme solaire, est un ballet mythique, qui croise danse classique et danse de caract\u00e8re.<br \/>Le Bol\u00e9ro est le \u00ab seul chef-d\u2019\u0153uvre \u00bb de Ravel : son rythme obs\u00e9dant et sa construction r\u00e9volutionnaire en font une des \u0153uvres les plus fascinantes du r\u00e9pertoire et aujourd\u2019hui encore une des plus populaires au monde.<br \/>Destin\u00e9s \u00e0 un large public, ces deux ballets \u00e9merveilleront les amateurs de danse classique et ceux qui souhaitent la d\u00e9couvrir. Un spectacle pour toute la famille, magnifiquement interpr\u00e9t\u00e9 par cette talentueuse compagnie ukrainienne, contrainte \u00e0 l\u2019exil.<\/p>\n<p class=\"note\">Th\u00e9\u00e2tre de la Sinne \u00e0 Mulhouse, mardi 6 janvier \u00e0 20 h. Tarifs : 42 \u20ac cat\u00e9gorie, 37 \u20ac cat\u00e9gorie 2 et 24 \u20ac cat\u00e9gorie 3. Site : <a href=\"http:\/\/www.theatre-sinne.fr\" target=\"_blank\" rel=\"noopener\">www.theatre-sinne.fr<\/a><\/p>\n<p>                                            <img class=\"placeholder-svg\" loading=\"lazy\" decoding=\"async\" src=\"https:\/\/cdn-files.prsmedia.fr\/files\/REDAC\/images\/svg\/placeholders\/youtube.svg\" alt=\"Youtube PlaceHolder\"\/>               <\/p>\n<p>Ce contenu est bloqu\u00e9 car vous n&rsquo;avez pas accept\u00e9 les cookies et autres traceurs.<\/p>\n<p>En cliquant sur \u00ab J\u2019accepte \u00bb, les cookies et autres traceurs seront d\u00e9pos\u00e9s et vous pourrez visualiser les contenus  (<a href=\"\" class=\"consentModule_policy\" target=\"_blank\" title=\"Consulter la politique de protection des donn\u00e9es du fournisseur\">plus d&rsquo;informations<\/a>).<\/p>\n<p>En cliquant sur \u00ab J\u2019accepte tous les cookies \u00bb, vous autorisez des d\u00e9p\u00f4ts de cookies et autres traceurs pour le stockage de vos donn\u00e9es sur nos sites et applications \u00e0 des fins de personnalisation et de ciblage publicitaire.<\/p>\n<p class=\"consentModule_secondaryText\">Vous gardez la possibilit\u00e9 de retirer votre consentement \u00e0 tout moment en consultant notre <a href=\"https:\/\/www.dna.fr\/protection-des-donnees\" target=\"_blank\" title=\"Consulter notre politique de protection des donn\u00e9es\" rel=\"noopener\">politique de protection des donn\u00e9es<\/a>. <br \/>&#13;<br \/>\n            <a href=\"https:\/\/www.dna.fr\/culture-loisirs\/2025\/12\/28\/javascript:Didomi.notice.show()\" class=\"consentModule_cmp\" target=\"_blank\" rel=\"noopener\">G\u00e9rer mes choix<\/a>&#13;\n        <\/p>\n<p>&#13;<br \/>\n                        J&rsquo;accepte&#13;<br \/>\n            J&rsquo;accepte tous les cookies&#13;\n        <\/p>\n<p>  Mulhouse\u00a0: un choc g\u00e9n\u00e9rationnel entre une grand-m\u00e8re et sa petite-fille<\/p>\n<p><strong>\u00a0L\u2019Entrepot \u00e0 Mulhouse propose trois repr\u00e9sentations de la pi\u00e8ce Sois parfaite et t\u2019es toi !, les jeudi 8, vendredi 9 et samedi 10 janvier. Une com\u00e9die touchante et dr\u00f4le sur la vision de la femme id\u00e9ale et le choc des g\u00e9n\u00e9rations.<\/strong><\/p>\n<p>    &#13;<br \/>\n    &#13;<br \/>\n    &#13;<br \/>\n    <a href=\"https:\/\/cdn-s-www.dna.fr\/images\/93ce25c5-3cdd-4f60-bd9e-9deb8e4f444d\/NW_raw\/quot-sois-parfaite-et-t-est-toi-quot-a-l-entrepot-les-8-9-et-10-janvier-226-cette-comedie-originale-explore-avec-humour-le-choc-des-generations-entre-une-femme-contemporaine-et-sa-grand-mere-photo-dr-1766948336.jpg\" title=\"&quot;Sois parfaite et t&#039;est toi&quot; \u00e0 L&#039;Entrepot les 8, 9 et 10 janvier 226. Cette com\u00e9die originale explore avec humour le choc des g\u00e9n\u00e9rations entre une femme contemporaine et sa grand-m\u00e8re. Photo Dr\" class=\"chocolat-image GA-tracking\" data-ga_type=\"click\" data-ga_category=\"D\u00e9tail\" data-ga_action=\"zoomer\" data-ga_label=\"aggrandir image\" target=\"_blank\" rel=\"noopener\">&#13;<br \/>\n        <img src=\"https:\/\/www.europesays.com\/fr\/wp-content\/uploads\/2025\/12\/quot-sois-parfaite-et-t-est-toi-quot-a-l-entrepot-les-8-9-et-10-janvier-226-cette-comedie-originale-.jpeg\"   alt=\"&quot;Sois parfaite et t'est toi&quot; \u00e0 L'Entrepot les 8, 9 et 10 janvier 226. Cette com\u00e9die originale explore avec humour le choc des g\u00e9n\u00e9rations entre une femme contemporaine et sa grand-m\u00e8re. Photo Dr\" fetchpriority=\"high\" decoding=\"async\" data-mobile=\"NW_listA_M|1766948336\" data-base=\"NW_listA|1766948336\"\/>&#13;<br \/>\n    <\/a>&#13;<\/p>\n<p>\u00ab\u00a0Sois parfaite et t&rsquo;est toi\u00a0\u00bb \u00e0 L&rsquo;Entrepot les 8, 9 et 10 janvier 226. Cette com\u00e9die originale explore avec humour le choc des g\u00e9n\u00e9rations entre une femme contemporaine et sa grand-m\u00e8re. Photo Dr<\/p>\n<p>Emmanuelle, 30 ans, avocate dynamique et carri\u00e9riste, ne voit pas l\u2019int\u00e9r\u00eat d\u2019avoir une vie conjugale et de devenir m\u00e8re. Elle se retrouve malgr\u00e9 elle propuls\u00e9e en 1960 dans la cuisine de sa grand-m\u00e8re, Colette, qui a le m\u00eame \u00e2ge qu\u2019elle.\u00a0Elles vont devoir passer une soir\u00e9e ensemble durant laquelle deux \u00e9poques et deux visions vont se confronter.<\/p>\n<p>                                            <img class=\"placeholder-svg\" loading=\"lazy\" decoding=\"async\" src=\"https:\/\/cdn-files.prsmedia.fr\/files\/REDAC\/images\/svg\/placeholders\/youtube.svg\" alt=\"Youtube PlaceHolder\"\/>               <\/p>\n<p>Ce contenu est bloqu\u00e9 car vous n&rsquo;avez pas accept\u00e9 les cookies et autres traceurs.<\/p>\n<p>En cliquant sur \u00ab J\u2019accepte \u00bb, les cookies et autres traceurs seront d\u00e9pos\u00e9s et vous pourrez visualiser les contenus  (<a href=\"\" class=\"consentModule_policy\" target=\"_blank\" title=\"Consulter la politique de protection des donn\u00e9es du fournisseur\">plus d&rsquo;informations<\/a>).<\/p>\n<p>En cliquant sur \u00ab J\u2019accepte tous les cookies \u00bb, vous autorisez des d\u00e9p\u00f4ts de cookies et autres traceurs pour le stockage de vos donn\u00e9es sur nos sites et applications \u00e0 des fins de personnalisation et de ciblage publicitaire.<\/p>\n<p class=\"consentModule_secondaryText\">Vous gardez la possibilit\u00e9 de retirer votre consentement \u00e0 tout moment en consultant notre <a href=\"https:\/\/www.dna.fr\/protection-des-donnees\" target=\"_blank\" title=\"Consulter notre politique de protection des donn\u00e9es\" rel=\"noopener\">politique de protection des donn\u00e9es<\/a>. <br \/>&#13;<br \/>\n            <a href=\"https:\/\/www.dna.fr\/culture-loisirs\/2025\/12\/28\/javascript:Didomi.notice.show()\" class=\"consentModule_cmp\" target=\"_blank\" rel=\"noopener\">G\u00e9rer mes choix<\/a>&#13;\n        <\/p>\n<p>&#13;<br \/>\n                        J&rsquo;accepte&#13;<br \/>\n            J&rsquo;accepte tous les cookies&#13;\n        <\/p>\n<p>  Libert\u00e9, \u00e9galit\u00e9\u2026 f\u00e9minit\u00e9\u00a0!<\/p>\n<p style=\"text-align: left;\">Les deux femmes se d\u00e9voilent avec humour, parlent de leur travail, des hommes de leur vie, de leurs existences. Finalement, ne se seraient-elles pas fait pi\u00e9ger toutes les deux par leur quotidien\u00a0? Entre danse, chant, l\u00e9g\u00e8ret\u00e9 et humour, chacune d\u00e9fend sa propre id\u00e9e de la femme id\u00e9ale.<\/p>\n<p style=\"text-align: left;\">Com\u00e9die f\u00e9minine et f\u00e9ministe cr\u00e9\u00e9e en 2014 \u00e0 Lyon par Lucille Brunel (Emmanuelle) et \u00c9lyse Fruttero (Colette), actuellement en tourn\u00e9e en France,\u00a0Sois parfaite et t\u2019es toi\u00a0!\u00a0met en sc\u00e8ne la rencontre de deux jeunes femmes que 60 ans de combat pour l\u2019\u00e9mancipation des femmes s\u00e9parent.<\/p>\n<p class=\"note\" style=\"text-align: left;\">L\u2019Entrepot, 50 rue du Nordfeld \u00e0 Mulhouse, jeudi\u00a08, vendredi\u00a09 et samedi 10\u00a0janvier \u00e0 20\u00a0h\u00a030. Tarifs\u00a0: de 16 \u00e0 23\u00a0\u20ac. Site\u00a0:\u00a0<a href=\"https:\/\/www.lentrepot.org\/sois-parfaite-et-tes-toi\/\" target=\"_blank\" rel=\"noopener\">www.lentrepot.org<\/a><\/p>\n","protected":false},"excerpt":{"rendered":"&#13; &#13; &#13; &#13; &#13; Village-Neuf : les fr\u00e8res Taloche, 30 ans d&rsquo;humour belge Com\u00e9diens et directeurs du&hellip;\n","protected":false},"author":2,"featured_media":629049,"comment_status":"","ping_status":"","sticky":false,"template":"","format":"standard","meta":{"footnotes":""},"categories":[2820],"tags":[1111,11,2389,5065,1687,1777,674,107,1011,27,775,1634,873,12,25,3141,3140,640,57908],"class_list":{"0":"post-629048","1":"post","2":"type-post","3":"status-publish","4":"format-standard","5":"has-post-thumbnail","7":"category-strasbourg","8":"tag-actu","9":"tag-actualites","10":"tag-alsace","11":"tag-colmar","12":"tag-culture-loisirs","13":"tag-eu","14":"tag-europe","15":"tag-fil-info","16":"tag-fr","17":"tag-france","18":"tag-grand-est","19":"tag-mulhouse","20":"tag-musique","21":"tag-news","22":"tag-republique-francaise","23":"tag-selestat","24":"tag-spectacle","25":"tag-strasbourg","26":"tag-village-neuf"},"share_on_mastodon":{"url":"https:\/\/pubeurope.com\/@fr\/115806485294150614","error":""},"_links":{"self":[{"href":"https:\/\/www.europesays.com\/fr\/wp-json\/wp\/v2\/posts\/629048","targetHints":{"allow":["GET"]}}],"collection":[{"href":"https:\/\/www.europesays.com\/fr\/wp-json\/wp\/v2\/posts"}],"about":[{"href":"https:\/\/www.europesays.com\/fr\/wp-json\/wp\/v2\/types\/post"}],"author":[{"embeddable":true,"href":"https:\/\/www.europesays.com\/fr\/wp-json\/wp\/v2\/users\/2"}],"replies":[{"embeddable":true,"href":"https:\/\/www.europesays.com\/fr\/wp-json\/wp\/v2\/comments?post=629048"}],"version-history":[{"count":0,"href":"https:\/\/www.europesays.com\/fr\/wp-json\/wp\/v2\/posts\/629048\/revisions"}],"wp:featuredmedia":[{"embeddable":true,"href":"https:\/\/www.europesays.com\/fr\/wp-json\/wp\/v2\/media\/629049"}],"wp:attachment":[{"href":"https:\/\/www.europesays.com\/fr\/wp-json\/wp\/v2\/media?parent=629048"}],"wp:term":[{"taxonomy":"category","embeddable":true,"href":"https:\/\/www.europesays.com\/fr\/wp-json\/wp\/v2\/categories?post=629048"},{"taxonomy":"post_tag","embeddable":true,"href":"https:\/\/www.europesays.com\/fr\/wp-json\/wp\/v2\/tags?post=629048"}],"curies":[{"name":"wp","href":"https:\/\/api.w.org\/{rel}","templated":true}]}}