{"id":629050,"date":"2025-12-30T03:51:17","date_gmt":"2025-12-30T03:51:17","guid":{"rendered":"https:\/\/www.europesays.com\/fr\/629050\/"},"modified":"2025-12-30T03:51:17","modified_gmt":"2025-12-30T03:51:17","slug":"les-associations-de-supporters-proposent-un-compromis-au-racing-alsasports","status":"publish","type":"post","link":"https:\/\/www.europesays.com\/fr\/629050\/","title":{"rendered":"Les associations de supporters proposent un compromis au Racing \u2014 Alsa&rsquo;Sports"},"content":{"rendered":"<p><strong>Dans un communiqu\u00e9 cons\u00e9cutif \u00e0 leur r\u00e9cente assembl\u00e9e g\u00e9n\u00e9rale, les quatre associations de supporters vis\u00e9es par les mesures du club (UB90, KCB, Pariser Section, FSRCS) ont annonc\u00e9 ce lundi un compromis soumis au club et dont la r\u00e9ponse est pr\u00e9vue pour janvier. <\/strong><\/p>\n<p>Nouvelle avanc\u00e9e dans la relation entre Racing et les quatre associations de supporters (UB90, KCB, Pariser Section, FSRCS) <a href=\"https:\/\/www.alsasports.fr\/football\/rc-strasbourg\/le-racing-serre-la-vis-contre-les-ultras\/76191\/\" target=\"_blank\" rel=\"noopener\">vis\u00e9es par les mesures restrictives du club apr\u00e8s l\u2019\u00e9pisode des banderoles pol\u00e9miques<\/a>. Apr\u00e8s son assembl\u00e9e g\u00e9n\u00e9rale, la F\u00e9d\u00e9ration des Supporters du RCS (FSRCS) a livr\u00e9 la suite des \u00e9changes avec les dirigeants strasbourgeois dans un communiqu\u00e9 publi\u00e9 ce lundi matin.<\/p>\n<p>Dans un premier temps, la FSRCS rappelle que les sanctions prises par le club il y a trois mois sont \u00ab\u00a0injustes pour ses membres\u00a0\u00bb et \u00ab\u00a0nuisent directement \u00e0 l\u2019animation du stade\u00a0\u00bb. Avant de pr\u00e9ciser la temporalit\u00e9 des derniers \u00e9changes et de donner le cap pour la suite d\u00e8s janvier 2026.\u00ab\u00a0Ces derni\u00e8res semaines, plusieurs rencontres ont eu lieu avec des dirigeants du Racing. Au regard des concessions que chacune des parties \u00e9tait pr\u00eate \u00e0 envisager, une proposition de compromis a \u00e9t\u00e9 formul\u00e9e par les quatre associations solidaires. Elle est d\u00e9sormais entre les mains du club\u00a0\u00bb. Une r\u00e9ponse de la part du Racing Club de Strasbourg est attendue en janvier.<\/p>\n","protected":false},"excerpt":{"rendered":"Dans un communiqu\u00e9 cons\u00e9cutif \u00e0 leur r\u00e9cente assembl\u00e9e g\u00e9n\u00e9rale, les quatre associations de supporters vis\u00e9es par les mesures&hellip;\n","protected":false},"author":2,"featured_media":615741,"comment_status":"","ping_status":"","sticky":false,"template":"","format":"standard","meta":{"footnotes":""},"categories":[2820],"tags":[1111,11,1777,674,63,1011,27,775,12,4448,25,640],"class_list":{"0":"post-629050","1":"post","2":"type-post","3":"status-publish","4":"format-standard","5":"has-post-thumbnail","7":"category-strasbourg","8":"tag-actu","9":"tag-actualites","10":"tag-eu","11":"tag-europe","12":"tag-football","13":"tag-fr","14":"tag-france","15":"tag-grand-est","16":"tag-news","17":"tag-rc-strasbourg","18":"tag-republique-francaise","19":"tag-strasbourg"},"share_on_mastodon":{"url":"https:\/\/pubeurope.com\/@fr\/115806488692012215","error":""},"_links":{"self":[{"href":"https:\/\/www.europesays.com\/fr\/wp-json\/wp\/v2\/posts\/629050","targetHints":{"allow":["GET"]}}],"collection":[{"href":"https:\/\/www.europesays.com\/fr\/wp-json\/wp\/v2\/posts"}],"about":[{"href":"https:\/\/www.europesays.com\/fr\/wp-json\/wp\/v2\/types\/post"}],"author":[{"embeddable":true,"href":"https:\/\/www.europesays.com\/fr\/wp-json\/wp\/v2\/users\/2"}],"replies":[{"embeddable":true,"href":"https:\/\/www.europesays.com\/fr\/wp-json\/wp\/v2\/comments?post=629050"}],"version-history":[{"count":0,"href":"https:\/\/www.europesays.com\/fr\/wp-json\/wp\/v2\/posts\/629050\/revisions"}],"wp:featuredmedia":[{"embeddable":true,"href":"https:\/\/www.europesays.com\/fr\/wp-json\/wp\/v2\/media\/615741"}],"wp:attachment":[{"href":"https:\/\/www.europesays.com\/fr\/wp-json\/wp\/v2\/media?parent=629050"}],"wp:term":[{"taxonomy":"category","embeddable":true,"href":"https:\/\/www.europesays.com\/fr\/wp-json\/wp\/v2\/categories?post=629050"},{"taxonomy":"post_tag","embeddable":true,"href":"https:\/\/www.europesays.com\/fr\/wp-json\/wp\/v2\/tags?post=629050"}],"curies":[{"name":"wp","href":"https:\/\/api.w.org\/{rel}","templated":true}]}}