{"id":629051,"date":"2025-12-30T03:53:14","date_gmt":"2025-12-30T03:53:14","guid":{"rendered":"https:\/\/www.europesays.com\/fr\/629051\/"},"modified":"2025-12-30T03:53:14","modified_gmt":"2025-12-30T03:53:14","slug":"sergio-ramos-a-nice","status":"publish","type":"post","link":"https:\/\/www.europesays.com\/fr\/629051\/","title":{"rendered":"Sergio Ramos \u00e0 Nice ?"},"content":{"rendered":"<p>D\u00e9cid\u00e9ment, l\u2019OGC Nice aime les v\u00e9t\u00e9rans du ballon. Apr\u00e8s avoir prolonger Dante (41 ans) d\u2019une saison l\u2019\u00e9t\u00e9 dernier (ce que le club doit d\u2019ailleurs regretter), c\u2019est un autre v\u00e9t\u00e9ran qui pourrait rejoindre le club. En effet, selon plusieurs sources concordantes, notamment chez les insiders qui suivent le club, les Aiglons ont approch\u00e9 Sergio Ramos !<\/p>\n<p>Un v\u00e9ritable leader pour sauver Nice<\/p>\n<p>L\u2019ancienne star du Real Madrid, lib\u00e9r\u00e9 par les Rayados de Monterrey, o\u00f9 il a fait une saison tout \u00e0 fait correcte (19 matchs jou\u00e9s entre le 14 juillet et le 7 d\u00e9cembre, 3 buts), n\u2019a pas l\u2019intention de raccrocher les crampons malgr\u00e9 ses 39 ans. Il a m\u00eame ouvertement reconnu regarder du c\u00f4t\u00e9 de la Ligue 1. L\u2019OGC Nice pourrait saisir l\u2019occasion de faire venir un v\u00e9ritable leader, dans une \u00e9quipe qui en manque terriblement, notamment avec les blessures \u00e0 r\u00e9p\u00e9tition de son capitaine (Dante n\u2019a jou\u00e9 que 5 matchs, toutes comp\u00e9titions confondues).\u00a0<\/p>\n","protected":false},"excerpt":{"rendered":"D\u00e9cid\u00e9ment, l\u2019OGC Nice aime les v\u00e9t\u00e9rans du ballon. Apr\u00e8s avoir prolonger Dante (41 ans) d\u2019une saison l\u2019\u00e9t\u00e9 dernier&hellip;\n","protected":false},"author":2,"featured_media":327684,"comment_status":"","ping_status":"","sticky":false,"template":"","format":"standard","meta":{"footnotes":""},"categories":[2819],"tags":[1111,11,1777,674,1011,27,12,2401,882,25],"class_list":{"0":"post-629051","1":"post","2":"type-post","3":"status-publish","4":"format-standard","5":"has-post-thumbnail","7":"category-nice","8":"tag-actu","9":"tag-actualites","10":"tag-eu","11":"tag-europe","12":"tag-fr","13":"tag-france","14":"tag-news","15":"tag-nice","16":"tag-provence-alpes-cote-dazur","17":"tag-republique-francaise"},"share_on_mastodon":{"url":"https:\/\/pubeurope.com\/@fr\/115806496648895707","error":""},"_links":{"self":[{"href":"https:\/\/www.europesays.com\/fr\/wp-json\/wp\/v2\/posts\/629051","targetHints":{"allow":["GET"]}}],"collection":[{"href":"https:\/\/www.europesays.com\/fr\/wp-json\/wp\/v2\/posts"}],"about":[{"href":"https:\/\/www.europesays.com\/fr\/wp-json\/wp\/v2\/types\/post"}],"author":[{"embeddable":true,"href":"https:\/\/www.europesays.com\/fr\/wp-json\/wp\/v2\/users\/2"}],"replies":[{"embeddable":true,"href":"https:\/\/www.europesays.com\/fr\/wp-json\/wp\/v2\/comments?post=629051"}],"version-history":[{"count":0,"href":"https:\/\/www.europesays.com\/fr\/wp-json\/wp\/v2\/posts\/629051\/revisions"}],"wp:featuredmedia":[{"embeddable":true,"href":"https:\/\/www.europesays.com\/fr\/wp-json\/wp\/v2\/media\/327684"}],"wp:attachment":[{"href":"https:\/\/www.europesays.com\/fr\/wp-json\/wp\/v2\/media?parent=629051"}],"wp:term":[{"taxonomy":"category","embeddable":true,"href":"https:\/\/www.europesays.com\/fr\/wp-json\/wp\/v2\/categories?post=629051"},{"taxonomy":"post_tag","embeddable":true,"href":"https:\/\/www.europesays.com\/fr\/wp-json\/wp\/v2\/tags?post=629051"}],"curies":[{"name":"wp","href":"https:\/\/api.w.org\/{rel}","templated":true}]}}