{"id":629052,"date":"2025-12-30T03:54:33","date_gmt":"2025-12-30T03:54:33","guid":{"rendered":"https:\/\/www.europesays.com\/fr\/629052\/"},"modified":"2025-12-30T03:54:33","modified_gmt":"2025-12-30T03:54:33","slug":"quick-ouvre-un-nouveau-restaurant-a-nantes-50-emplois-crees-et-un-concept-inedit","status":"publish","type":"post","link":"https:\/\/www.europesays.com\/fr\/629052\/","title":{"rendered":"Quick ouvre un nouveau restaurant \u00e0 Nantes\u00a0: 50\u00a0emplois cr\u00e9\u00e9s et un concept in\u00e9dit"},"content":{"rendered":"<p><a href=\"https:\/\/nantes.maville.com\/actu\/actudet_-le-fast-food-quick-de-retour-pres-de-nantes-annonce-sa-date-d-ouverture-_8-6885867_actu.Htm\" target=\"_blank\" rel=\"noopener\">Apr\u00e8s l\u2019ouverture du restaurant de Nantes Orvault en juillet\u00a02025<\/a>, Quick confirme son ambition dans les Pays de la Loire. \u00ab\u00a0C\u2019est une vraie fiert\u00e9 de participer au rayonnement de la marque dans la r\u00e9gion\u00a0\u00bb, d\u00e9clare Cl\u00e9ment Prang\u00e8re, franchis\u00e9 du nouvel \u00e9tablissement et d\u00e9j\u00e0 partenaire du site d\u2019Orvault.<\/p>\n<p>Un restaurant au concept renouvel\u00e9<\/p>\n<p>\t<img decoding=\"async\" src=\"https:\/\/www.europesays.com\/fr\/wp-content\/uploads\/2025\/12\/P35663882D7127268G_px_640_.jpg\" alt=\"photo situ\u00e9 au 1 boulevard g\u00e9n\u00e9ral de gaulle, au c\u0153ur de la galerie commerciale beaulieu \u00e0 nantes, le restaurant dispose de 170\u00a0places assises, dont 130 en salle et 40 en terrasse.  \u00a9  photo quick\" width=\"640\" title=\" Situ\u00e9 au 1 boulevard G\u00e9n\u00e9ral de Gaulle, au c\u0153ur de la galerie commerciale Beaulieu \u00e0 Nantes, le restaurant dispose de 170\u00a0places assises, dont 130 en salle et 40 en terrasse.   Photo Quick \"\/><\/p>\n<p class=\"elmt-legende\"> Situ\u00e9 au 1 boulevard G\u00e9n\u00e9ral de Gaulle, au c\u0153ur de la galerie commerciale Beaulieu \u00e0 Nantes, le restaurant dispose de 170\u00a0places assises, dont 130 en salle et 40 en terrasse.   Photo Quick <\/p>\n<p>Situ\u00e9 au 1 boulevard G\u00e9n\u00e9ral de Gaulle, au c\u0153ur de la galerie commerciale Beaulieu \u00e0 Nantes, le restaurant dispose de 170\u00a0places assises, dont 130 en salle et 40 en terrasse. Le d\u00e9cor adopte la nouvelle identit\u00e9 de Quick\u00a0: couleurs vives, n\u00e9ons rouges et murs en briques \u00ab\u00a0pour une ambiance conviviale et urbaine\u00a0\u00bb. Un \u00ab\u00a0Story Wall\u00a0\u00bb retrace les 45\u00a0ans d\u2019histoire de l\u2019enseigne.<\/p>\n<p>Services<\/p>\n<p>\t<img decoding=\"async\" src=\"https:\/\/www.europesays.com\/fr\/wp-content\/uploads\/2025\/12\/P35663883D7127268G_px_640_.jpg\" alt=\"photo les clients b\u00e9n\u00e9ficieront de bornes de commande, vente \u00e0 emporter et livraison \u00e0 domicile.  \u00a9  photo quick\" width=\"640\" title=\" Les clients b\u00e9n\u00e9ficieront de bornes de commande, vente \u00e0 emporter et livraison \u00e0 domicile.   Photo Quick \"\/><\/p>\n<p class=\"elmt-legende\"> Les clients b\u00e9n\u00e9ficieront de bornes de commande, vente \u00e0 emporter et livraison \u00e0 domicile.   Photo Quick <\/p>\n<p>Les clients b\u00e9n\u00e9ficieront de bornes de commande, vente \u00e0 emporter et livraison \u00e0 domicile. Les enfants profiteront d\u2019un espace de jeux \u00ab\u00a0Magic Planet\u00a0\u00bb. C\u00f4t\u00e9 carte, les incontournables comme le Giant c\u00f4toient des nouveaut\u00e9s telles que le Giant Duo, pl\u00e9biscit\u00e9 par les ambassadeurs Eric &amp; Ramzi.<\/p>\n<p>Impact \u00e9conomique et perspectives<\/p>\n<p>\t<img decoding=\"async\" src=\"https:\/\/www.europesays.com\/fr\/wp-content\/uploads\/2025\/12\/P35663884D7127268G_px_640_.jpg\" alt=\"photo quick pr\u00e9voit 30\u00a0nouvelles implantations en france en 2025 et vise 300\u00a0restaurants d\u2019ici 2028.  \u00a9  photo quick\" width=\"640\" title=\" Quick pr\u00e9voit 30\u00a0nouvelles implantations en France en 2025 et vise 300\u00a0restaurants d\u2019ici 2028.   Photo Quick \"\/><\/p>\n<p class=\"elmt-legende\"> Quick pr\u00e9voit 30\u00a0nouvelles implantations en France en 2025 et vise 300\u00a0restaurants d\u2019ici 2028.   Photo Quick <\/p>\n<p>L\u2019ouverture g\u00e9n\u00e8re 50\u00a0emplois en CDI, recrut\u00e9s en partenariat avec France Travail Nantes. Quick pr\u00e9voit 30\u00a0nouvelles implantations en France en 2025 et vise 300\u00a0restaurants d\u2019ici 2028, confirmant une dynamique forte sur le march\u00e9 de la restauration rapide.<\/p>\n<p><a href=\"https:\/\/nantes.maville.com\/info\/info-locale\/nantes-fast-food-le-quick-place-graslin-ferme-ce-dimanche-beccfea5-1909-3275-8926-34af19b964a0\" target=\"_blank\" rel=\"noopener\">Rachet\u00e9e en 2015 par le groupe Bertrand, propri\u00e9taire de Burger King, la marque avait disparu progressivement en France<\/a>. Les \u00e9tablissements \u00e9taient transform\u00e9s un \u00e0 un en Burger King.\u00a0Maintenant d\u00e9tenu par le groupe am\u00e9ricain HIG Capital, Quick <a href=\"https:\/\/nantes.maville.com\/actu\/actudet_-l-enseigne-de-restauration-rapide-quick-va-rouvrir-a-nantes-_52716-6723219_actu.Htm\" target=\"_blank\" rel=\"noopener\">compte se d\u00e9velopper \u00e0 nouveau dans les grandes villes fran\u00e7aises<\/a>.<\/p>\n<p>\u00a0<\/p>\n","protected":false},"excerpt":{"rendered":"Apr\u00e8s l\u2019ouverture du restaurant de Nantes Orvault en juillet\u00a02025, Quick confirme son ambition dans les Pays de la&hellip;\n","protected":false},"author":2,"featured_media":629053,"comment_status":"","ping_status":"","sticky":false,"template":"","format":"standard","meta":{"footnotes":""},"categories":[2818],"tags":[9285,1111,11,16636,73852,2303,1777,674,1011,27,17677,766,12,4565,10102,2636,25351,25,1340],"class_list":{"0":"post-629052","1":"post","2":"type-post","3":"status-publish","4":"format-standard","5":"has-post-thumbnail","7":"category-nantes","8":"tag-9285","9":"tag-actu","10":"tag-actualites","11":"tag-concept","12":"tag-crees","13":"tag-emplois","14":"tag-eu","15":"tag-europe","16":"tag-fr","17":"tag-france","18":"tag-inedit","19":"tag-nantes","20":"tag-news","21":"tag-nouveau","22":"tag-ouvre","23":"tag-pays-de-la-loire","24":"tag-quick","25":"tag-republique-francaise","26":"tag-restaurant"},"share_on_mastodon":{"url":"https:\/\/pubeurope.com\/@fr\/115806500653138311","error":""},"_links":{"self":[{"href":"https:\/\/www.europesays.com\/fr\/wp-json\/wp\/v2\/posts\/629052","targetHints":{"allow":["GET"]}}],"collection":[{"href":"https:\/\/www.europesays.com\/fr\/wp-json\/wp\/v2\/posts"}],"about":[{"href":"https:\/\/www.europesays.com\/fr\/wp-json\/wp\/v2\/types\/post"}],"author":[{"embeddable":true,"href":"https:\/\/www.europesays.com\/fr\/wp-json\/wp\/v2\/users\/2"}],"replies":[{"embeddable":true,"href":"https:\/\/www.europesays.com\/fr\/wp-json\/wp\/v2\/comments?post=629052"}],"version-history":[{"count":0,"href":"https:\/\/www.europesays.com\/fr\/wp-json\/wp\/v2\/posts\/629052\/revisions"}],"wp:featuredmedia":[{"embeddable":true,"href":"https:\/\/www.europesays.com\/fr\/wp-json\/wp\/v2\/media\/629053"}],"wp:attachment":[{"href":"https:\/\/www.europesays.com\/fr\/wp-json\/wp\/v2\/media?parent=629052"}],"wp:term":[{"taxonomy":"category","embeddable":true,"href":"https:\/\/www.europesays.com\/fr\/wp-json\/wp\/v2\/categories?post=629052"},{"taxonomy":"post_tag","embeddable":true,"href":"https:\/\/www.europesays.com\/fr\/wp-json\/wp\/v2\/tags?post=629052"}],"curies":[{"name":"wp","href":"https:\/\/api.w.org\/{rel}","templated":true}]}}