{"id":629054,"date":"2025-12-30T03:55:10","date_gmt":"2025-12-30T03:55:10","guid":{"rendered":"https:\/\/www.europesays.com\/fr\/629054\/"},"modified":"2025-12-30T03:55:10","modified_gmt":"2025-12-30T03:55:10","slug":"un-travail-minutieux-le-museum-dhistoire-naturelle-de-nantes-prepare-le-demenagement-de-ses-collections","status":"publish","type":"post","link":"https:\/\/www.europesays.com\/fr\/629054\/","title":{"rendered":"\u00ab\u00a0Un travail minutieux\u00a0\u00bb : le Museum d&rsquo;histoire naturelle de Nantes pr\u00e9pare le d\u00e9m\u00e9nagement de ses collections"},"content":{"rendered":"<p>Deux mois apr\u00e8s sa fermeture, le Museum d&rsquo;histoire naturelle de Nantes est en plein travail pr\u00e9paratoire avant le d\u00e9m\u00e9nagement de ses collections. Il faut vider les vitrines, trier, nettoyer, classer&#8230; avant le d\u00e9but du chantier qui va compl\u00e8tement transformer le b\u00e2timent.<\/p>\n<p>C&rsquo;est un long et minutieux travail qui est engag\u00e9,\u00a0<a class=\"IciLink ici-link IciArticleLink g-ici-body-regular-1 underline brand svelte-1chfe2s\" href=\"https:\/\/www.francebleu.fr\/infos\/culture-loisirs\/c-est-une-partie-de-nous-ce-musee-le-museum-d-histoire-naturelle-de-nantes-ferme-pour-plus-de-trois-ans-de-travaux-9606019\" target=\"_blank\" rel=\"noopener\">deux mois apr\u00e8s la fermeture du Mus\u00e9um d&rsquo;histoire naturelle de Nantes<\/a>, avant l&rsquo;\u00e9norme chantier qui va compl\u00e8tement transformer le b\u00e2timent. Avant de pouvoir commencer les travaux, il faut d&rsquo;abord d\u00e9m\u00e9nager toutes les collections. Et avant cela les pr\u00e9parer, <strong>un long travail qui va durer plusieurs mois<\/strong>.<\/p>\n<p>\u00ab\u00a0C&rsquo;est pas un d\u00e9m\u00e9nagement comme on imagine dans nos maisons\u00a0\u00bb<\/p>\n<p>\u00ab\u00a0L\u00e0, on est dans le chantier des collections. C&rsquo;est vraiment le d\u00e9m\u00e9nagement des collections ailleurs. C&rsquo;est pas un d\u00e9m\u00e9nagement comme on imagine dans nos maisons, ce n&rsquo;est pas du tout \u00e7a\u00a0\u00bb, explique le directeur du Museum, Philippe Guillet. \u00ab\u00a0C&rsquo;est vraiment un d\u00e9m\u00e9nagement extr\u00eamement pr\u00e9cis, o\u00f9 on ne peut pas ab\u00eemer ces collections qui sont l\u00e0 pour certaines depuis 200 ans. Donc, on a un soin vraiment particulier \u00e0 apporter.\u00a0\u00bb Cette \u00e9tape-l\u00e0 doit durer jusqu&rsquo;\u00e0 l&rsquo;automne 2026.<\/p>\n<p>\u00ab\u00a0On va doubler les surfaces d&rsquo;exposition\u00a0\u00bb<\/p>\n<p>En parall\u00e8le, une autre partie de l&rsquo;\u00e9quipe travaille sur <strong>le Museum d&rsquo;histoire naturelle dans sa version future<\/strong>. \u00ab\u00a0On travaille sur tout ce qui est expositions permanentes, tout ce qui va suivre dans le futur mus\u00e9e\u00a0\u00bb, poursuit Philippe Guillet. \u00ab\u00a0C&rsquo;est un tr\u00e8s, tr\u00e8s gros travail qui se fait de concert avec des sp\u00e9cialistes de l&rsquo;\u00e9clairage, des sp\u00e9cialistes de l&rsquo;architecture, avec des sc\u00e9nographes, etc. C&rsquo;est vraiment un travail tr\u00e8s approfondi. On va quand m\u00eame doubler les surfaces d&rsquo;exposition, ce n&rsquo;est pas anodin.\u00a0\u00bb\u00a0<a class=\"IciLink ici-link IciArticleLink g-ici-body-regular-1 underline brand svelte-1chfe2s\" href=\"https:\/\/www.francebleu.fr\/infos\/culture-loisirs\/en-images-a-nantes-le-museum-d-histoire-naturelle-s-offre-une-nouvelle-jeunesse-7359924\" target=\"_blank\" rel=\"noopener\">La r\u00e9ouverture du mus\u00e9e est pr\u00e9vue pour 2029<\/a>.<\/p>\n","protected":false},"excerpt":{"rendered":"Deux mois apr\u00e8s sa fermeture, le Museum d&rsquo;histoire naturelle de Nantes est en plein travail pr\u00e9paratoire avant le&hellip;\n","protected":false},"author":2,"featured_media":629055,"comment_status":"","ping_status":"","sticky":false,"template":"","format":"standard","meta":{"footnotes":""},"categories":[2818],"tags":[1111,11,1777,674,1011,27,766,12,2636,25],"class_list":{"0":"post-629054","1":"post","2":"type-post","3":"status-publish","4":"format-standard","5":"has-post-thumbnail","7":"category-nantes","8":"tag-actu","9":"tag-actualites","10":"tag-eu","11":"tag-europe","12":"tag-fr","13":"tag-france","14":"tag-nantes","15":"tag-news","16":"tag-pays-de-la-loire","17":"tag-republique-francaise"},"share_on_mastodon":{"url":"https:\/\/pubeurope.com\/@fr\/115806504452395658","error":""},"_links":{"self":[{"href":"https:\/\/www.europesays.com\/fr\/wp-json\/wp\/v2\/posts\/629054","targetHints":{"allow":["GET"]}}],"collection":[{"href":"https:\/\/www.europesays.com\/fr\/wp-json\/wp\/v2\/posts"}],"about":[{"href":"https:\/\/www.europesays.com\/fr\/wp-json\/wp\/v2\/types\/post"}],"author":[{"embeddable":true,"href":"https:\/\/www.europesays.com\/fr\/wp-json\/wp\/v2\/users\/2"}],"replies":[{"embeddable":true,"href":"https:\/\/www.europesays.com\/fr\/wp-json\/wp\/v2\/comments?post=629054"}],"version-history":[{"count":0,"href":"https:\/\/www.europesays.com\/fr\/wp-json\/wp\/v2\/posts\/629054\/revisions"}],"wp:featuredmedia":[{"embeddable":true,"href":"https:\/\/www.europesays.com\/fr\/wp-json\/wp\/v2\/media\/629055"}],"wp:attachment":[{"href":"https:\/\/www.europesays.com\/fr\/wp-json\/wp\/v2\/media?parent=629054"}],"wp:term":[{"taxonomy":"category","embeddable":true,"href":"https:\/\/www.europesays.com\/fr\/wp-json\/wp\/v2\/categories?post=629054"},{"taxonomy":"post_tag","embeddable":true,"href":"https:\/\/www.europesays.com\/fr\/wp-json\/wp\/v2\/tags?post=629054"}],"curies":[{"name":"wp","href":"https:\/\/api.w.org\/{rel}","templated":true}]}}