{"id":629058,"date":"2025-12-30T03:57:15","date_gmt":"2025-12-30T03:57:15","guid":{"rendered":"https:\/\/www.europesays.com\/fr\/629058\/"},"modified":"2025-12-30T03:57:15","modified_gmt":"2025-12-30T03:57:15","slug":"girondins-shelton-guillaume-revele-pourquoi-il-a-refuse-bordeaux-au-mercato","status":"publish","type":"post","link":"https:\/\/www.europesays.com\/fr\/629058\/","title":{"rendered":"Girondins : Shelton Guillaume r\u00e9v\u00e8le pourquoi il a refus\u00e9 Bordeaux au mercato"},"content":{"rendered":"<p><img decoding=\"async\" src=\"https:\/\/www.europesays.com\/fr\/wp-content\/uploads\/2025\/12\/671_3ab63786ac25f4b5713db2b31a2ffe38.jpg\" alt=\"Girondins : Shelton Guillaume r\u00e9v\u00e8le pourquoi il a refus\u00e9 Bordeaux au mercato\" class=\"img-responsive mt-3\"\/><\/p>\n<p class=\"text-center mb-3\" style=\"font-size: 14px\">\u00a9 Iconsport<\/p>\n<p>      <strong>Mercato des Girondins : Shelton Guillaume a privil\u00e9gi\u00e9 le National 1 \u00e0 Bordeaux<\/strong><\/p>\n<p style=\"text-align: justify;\">Apr\u00e8s deux saisons r\u00e9ussies avec l&rsquo;AS Beauvais et Les Herbiers en National 2, Shelton Guillaume a rejoint cet \u00e9t\u00e9 le National 1 et le FC Versailles.<\/p>\n<p style=\"text-align: justify;\">Il confie au m\u00e9dia belge <a href=\"https:\/\/www.sudinfo.be\/id1087531\/article\/2025-12-24\/perdu-de-vue-shelton-guillaume-sous-les-projecteurs-de-canal-avec-le-fc\" target=\"_blank\" rel=\"noopener\">SudInfo<\/a> les raisons de son choix.<\/p>\n<p><strong>\u00ab\u00a0Je voulais jouer un cran plus haut, en N1\u00a0\u00bb<\/strong><\/p>\n<p style=\"text-align: justify;\">Shelton Guillaume : \u00ab\u00a0Gr\u00e2ce \u00e0 mes performances. J\u2019ai r\u00e9alis\u00e9 une grosse saison l\u2019ann\u00e9e pass\u00e9e \u00e0 l\u2019AS Beauvais, en National 2, en inscrivant vingt-deux buts toutes comp\u00e9titions confondues et en terminant meilleur buteur de notre poule. J\u2019ai d\u2019ailleurs failli signer aux Girondins de Bordeaux cet \u00e9t\u00e9, mais j\u2019ai choisi Versailles, car je voulais jouer un cran plus haut, en N1. L\u2019ambition du club, le coach, le directeur sportif, qui sont tous tr\u00e8s jeunes et dynamiques, m\u2019ont convaincu. Et puis, Versailles, c\u2019est Paris, ma ville. Je suis de retour chez moi, pour la famille et ma femme, c\u2019est plus facile.\u00a0\u00bb<\/p>\n<p style=\"text-align: justify;\">En 15 matchs de N1, il a marqu\u00e9 quatre buts et d\u00e9livr\u00e9 une passe d\u00e9cisive avec le FC Versailles.<\/p>\n<p class=\"p1\">\u00c0 lire &gt;&gt; <strong><a href=\"https:\/\/www.webgirondins.com\/actualite-autour-des-girondins-coup-de-tonnerre-andy-carroll-ex-girondins-risque-jusqu-a-cinq-ans-de-prison-131633\" target=\"_blank\" rel=\"noopener\">Andy Carroll (Ex-Girondins) risque jusqu&rsquo;\u00e0 cinq ans de prison !<\/a><\/strong><\/p>\n<p>\u00c9coutez notre podcast court d&rsquo;actu sur les Girondins :<\/p>\n<p style=\"text-align: justify;\">\u00a0<\/p>\n","protected":false},"excerpt":{"rendered":"\u00a9 Iconsport Mercato des Girondins : Shelton Guillaume a privil\u00e9gi\u00e9 le National 1 \u00e0 Bordeaux Apr\u00e8s deux saisons&hellip;\n","protected":false},"author":2,"featured_media":629059,"comment_status":"","ping_status":"","sticky":false,"template":"","format":"standard","meta":{"footnotes":""},"categories":[2817],"tags":[1111,11,12208,1997,13898,28419,4431,1777,674,21,17515,1011,27,1987,14721,7826,1434,12,2219,7555,21069,25,7932,28418],"class_list":{"0":"post-629058","1":"post","2":"type-post","3":"status-publish","4":"format-standard","5":"has-post-thumbnail","7":"category-bordeaux","8":"tag-actu","9":"tag-actualites","10":"tag-autre","11":"tag-bordeaux","12":"tag-choix","13":"tag-courtise","14":"tag-dernier","15":"tag-eu","16":"tag-europe","17":"tag-fait","18":"tag-finalement","19":"tag-fr","20":"tag-france","21":"tag-girondins","22":"tag-guillaume","23":"tag-lors","24":"tag-mercato","25":"tag-news","26":"tag-nouvelle-aquitaine","27":"tag-pourquoi","28":"tag-refuse","29":"tag-republique-francaise","30":"tag-revele","31":"tag-shelton"},"share_on_mastodon":{"url":"https:\/\/pubeurope.com\/@fr\/115806512450767891","error":""},"_links":{"self":[{"href":"https:\/\/www.europesays.com\/fr\/wp-json\/wp\/v2\/posts\/629058","targetHints":{"allow":["GET"]}}],"collection":[{"href":"https:\/\/www.europesays.com\/fr\/wp-json\/wp\/v2\/posts"}],"about":[{"href":"https:\/\/www.europesays.com\/fr\/wp-json\/wp\/v2\/types\/post"}],"author":[{"embeddable":true,"href":"https:\/\/www.europesays.com\/fr\/wp-json\/wp\/v2\/users\/2"}],"replies":[{"embeddable":true,"href":"https:\/\/www.europesays.com\/fr\/wp-json\/wp\/v2\/comments?post=629058"}],"version-history":[{"count":0,"href":"https:\/\/www.europesays.com\/fr\/wp-json\/wp\/v2\/posts\/629058\/revisions"}],"wp:featuredmedia":[{"embeddable":true,"href":"https:\/\/www.europesays.com\/fr\/wp-json\/wp\/v2\/media\/629059"}],"wp:attachment":[{"href":"https:\/\/www.europesays.com\/fr\/wp-json\/wp\/v2\/media?parent=629058"}],"wp:term":[{"taxonomy":"category","embeddable":true,"href":"https:\/\/www.europesays.com\/fr\/wp-json\/wp\/v2\/categories?post=629058"},{"taxonomy":"post_tag","embeddable":true,"href":"https:\/\/www.europesays.com\/fr\/wp-json\/wp\/v2\/tags?post=629058"}],"curies":[{"name":"wp","href":"https:\/\/api.w.org\/{rel}","templated":true}]}}