{"id":629060,"date":"2025-12-30T03:58:16","date_gmt":"2025-12-30T03:58:16","guid":{"rendered":"https:\/\/www.europesays.com\/fr\/629060\/"},"modified":"2025-12-30T03:58:16","modified_gmt":"2025-12-30T03:58:16","slug":"vous-avez-jusquau-26-janvier-pour-vous-debarrasser-de-votre-sapin-voici-ou","status":"publish","type":"post","link":"https:\/\/www.europesays.com\/fr\/629060\/","title":{"rendered":"vous avez jusqu\u2019au 26 janvier pour vous d\u00e9barrasser de votre sapin (voici o\u00f9)"},"content":{"rendered":"<p><strong>\u00c0 Toulouse, la mairie met en place plusieurs solutions pour recycler les sapins de No\u00ebl apr\u00e8s les f\u00eates. D\u00e9ch\u00e8teries ou points de d\u00e9p\u00f4t temporaires permettent d\u2019\u00e9viter les d\u00e9p\u00f4ts sauvages. Voici comment faire et o\u00f9 les emmener.<\/strong><\/p>\n<p><img fetchpriority=\"high\" decoding=\"async\" width=\"1200\" height=\"800\" src=\"https:\/\/www.europesays.com\/fr\/wp-content\/uploads\/2025\/12\/sapin-Noel-sec.jpg\" alt=\"Une fois No\u00ebl pass\u00e9, il faut se r\u00e9soudre \u00e0 jeter son sapin.\"  \/><\/p>\n<p>Une fois No\u00ebl pass\u00e9, il faut se r\u00e9soudre \u00e0 jeter son sapin. \u00a9JaCrispy\/Depositphotos<\/p>\n<p><a href=\"https:\/\/www.lejournaltoulousain.fr\/occitanie\/haute-garonne\/toulouse\/parades-feeriques-marche-geant-patinoire-feter-noel-toulouse-347509\/\" target=\"_blank\" rel=\"noopener\">Les f\u00eates de No\u00ebl <\/a>\u00e0 peine termin\u00e9es, de nombreux Toulousains se retrouvent confront\u00e9s au m\u00eame dilemme : <strong>que faire de leur sapin <\/strong>devenu encombrant ? Si la tentation est grande de l\u2019abandonner sur le trottoir ou pr\u00e8s d\u2019un point de collecte classique, la pratique est interdite et passible d\u2019une <strong>amende de 135 euros<\/strong>. <\/p>\n<p>Pour \u00e9viter toute sanction et adopter un geste responsable, la Ville rose propose plusieurs alternatives. Les habitants peuvent d\u00e9poser leur sapin <strong>dans <a href=\"https:\/\/metropole.toulouse.fr\/mon-environnement\/dechets-et-proprete\/les-decheteries\" target=\"_blank\" rel=\"noopener\">une d\u00e9ch\u00e8terie municipale<\/a><\/strong> ou utiliser <strong>les points de d\u00e9p\u00f4t temporaires <\/strong>mis en place dans diff\u00e9rents quartiers. Objectif : limiter les d\u00e9p\u00f4ts sauvages et favoriser le recyclage. Les sapins r\u00e9cup\u00e9r\u00e9s sont ensuite broy\u00e9s et valoris\u00e9s, notamment pour produire du compost ou du paillage. Une solution simple pour conjuguer respect des r\u00e8gles et d\u00e9marche \u00e9cologique apr\u00e8s les f\u00eates. <\/p>\n<p>Les points de d\u00e9p\u00f4t \u00e0 Toulouse <\/p>\n<p>A Toulouse, <a href=\"https:\/\/carto.toulouse-metropole.fr\/adws\/app\/11dfec15-b2d0-11e9-ad5d-811ebaeb930d\/index.html?context=Sukt\" target=\"_blank\" rel=\"noopener\">tous les quartiers sont dot\u00e9s d\u2019emplacements sp\u00e9cifiques<\/a>, mat\u00e9rialis\u00e9s par des barri\u00e8res, et dans lequel chaque habitant peut d\u00e9poser son sapin. En voici la liste : <\/p>\n<p>Capitole \/ Arnaud Bernard \/ Carmes<\/p>\n<ul class=\"wp-block-list\">\n<li>Descente Henri Martin<\/li>\n<li>Angle boulevard\u00a0Lascrosses\/boulevard Armand\u00a0Duportal<\/li>\n<li>Place\u00a0Yitzhak\u00a0Rabin<\/li>\n<li>Place du Salin<\/li>\n<\/ul>\n<p>Amidonniers \/\u00a0Compans-Caffarelli<\/p>\n<ul class=\"wp-block-list\">\n<li>Angle rue des Amidonniers\/rue\u00a0Debat\u00a0Ponsan<\/li>\n<li>7 all\u00e9e du Niger<\/li>\n<li>Angle boulevard Armand\u00a0Duportal\/all\u00e9e de Barcelone<\/li>\n<li>Angle boulevard de la Marquette\/rue\u00a0Brouardel<\/li>\n<li>Place H\u00e9racl\u00e8s<\/li>\n<li>Place de l\u2019Europe<\/li>\n<\/ul>\n<p>Les Chalets \/\u00a0Bayard\u00a0\/ Belfort \/ Saint-Aubin \/\u00a0Dupuy<\/p>\n<ul class=\"wp-block-list\">\n<li>Angle rue Matabiau \/ rue Chevreul<\/li>\n<li>88 all\u00e9e Jean Jaur\u00e8s \/ angle rue\u00a0Riquet<\/li>\n<li>1 boulevard Jules Michelet<\/li>\n<li>50 boulevard\u00a0d\u2019Arcole\/angle rue de la Balance<\/li>\n<li>Angle rue de la Balance\/rue des Chalets<\/li>\n<\/ul>\n<p>Saint-Cyprien<\/p>\n<ul class=\"wp-block-list\">\n<li>Angle all\u00e9e Charles de\u00a0Fitte\/rue\u00a0R\u00e9clusane<\/li>\n<li>Place de la Patte d\u2019Oie<\/li>\n<li>Place\u00a0Laganne<\/li>\n<\/ul>\n<p>Croix-de-Pierre \/ Route d\u2019Espagne<\/p>\n<ul class=\"wp-block-list\">\n<li>Place de la Croix de Pierre (rond-point Bourthoumieux)<\/li>\n<\/ul>\n<p>Fontaine-Lestang\/Bagatelle\/Papus\/Tabar\/Bordelongue\/Mermoz\u00a0\/La\u00a0Faourette<\/p>\n<ul class=\"wp-block-list\">\n<li>Place\u00a0Emile\u00a0Male<\/li>\n<li>Rond-point Schwartzenberg\u00a0(route de St Simon)<\/li>\n<li>Place\u00a0Anthonioz\u00a0de Gaulle<\/li>\n<\/ul>\n<p>Casselardit\u00a0\/ Fontaine-Bayonne \/ Cartoucherie<\/p>\n<ul class=\"wp-block-list\">\n<li>Rue\u00a0Luce\u00a0Boyals\u00a0(face 4 ter)<\/li>\n<li>Angle avenue de Grande-Bretagne\/rue Scotto<\/li>\n<li>Angle avenue de Grande-Bretagne\/passage Nemirovsky<\/li>\n<\/ul>\n<p>Minimes \/ Barri\u00e8re de Paris \/ Ponts-Jumeaux<\/p>\n<ul class=\"wp-block-list\">\n<li>Avenue des\u00a0Mazades\u00a0angle rue\u00a0Negreneys<\/li>\n<li>Rue C\u00a0Brunschvicg\u00a0(mail central)<\/li>\n<li>152 avenue des Minimes<\/li>\n<li>29 avenue des Minimes<\/li>\n<li>Angle rue Dewoitine\/avenue Parmentier<\/li>\n<li>Angle rue Caffort\/rue\u00a0Negreneys<\/li>\n<li>Rue Paul Verlaine (angle rue Fran\u00e7ois Villon)<\/li>\n<\/ul>\n<p>Sept-Deniers \/\u00a0Ginestous\u00a0\/ Lalande<\/p>\n<ul class=\"wp-block-list\">\n<li>Angle route de\u00a0Launaguet\/rue de l\u2019Abb\u00e9 Latour<\/li>\n<li>105 route de Blagnac (esplanade Piscine Job)<\/li>\n<li>Place Ferdinand\u00a0Lou\u00ebt\u00a0(Rue des Tro\u00e8nes angle chemin des Sept Deniers)<\/li>\n<li>Place Riche (Mairie de quartier Lalande)<\/li>\n<\/ul>\n<p>Trois Cocus \/\u00a0Borderouge\u00a0\/ Croix-Daurade \/\u00a0Paleficat\u00a0\/ Grand Selve<\/p>\n<ul class=\"wp-block-list\">\n<li>Rue Henri\u00a0Ebelot\u00a0(angle rue du G\u00e9n\u00e9ral\u00a0Giraud)<\/li>\n<li>1 rue Tristan<\/li>\n<li>Angle rue Reine\/route d\u2019Albi<\/li>\n<li>Place Froidure<\/li>\n<li>Place de la\u00a0Maourine<\/li>\n<\/ul>\n<p>Lapujade\u00a0\/\u00a0Bonnefoy\u00a0\/\u00a0P\u00e9riole\u00a0\/ Marengo \/ La Colonne<\/p>\n<ul class=\"wp-block-list\">\n<li>Angle rue de\u00a0P\u00e9riole\u00a0\/ rue des Cheminots<\/li>\n<li>Angle rue des Flandres \/ chemin de Lapujade<\/li>\n<li>Angle rue des Redoutes \/ avenue L\u00e9on Blum<\/li>\n<\/ul>\n<p>Jolimont \/ Soupetard \/ Roseraie \/ Gloire \/ Gramont \/ Amouroux<\/p>\n<ul class=\"wp-block-list\">\n<li>Rue\u00a0Dinetard\u00a0Face au\u00a0Food\u00a0Truck<\/li>\n<li>Place Rosine\u00a0Bet<\/li>\n<\/ul>\n<p>Bonhoure\u00a0\/\u00a0Guilhem\u00e9ry\u00a0\/ Ch\u00e2teau de\u00a0l\u2019Hers\u00a0\/\u00a0Limayrac\u00a0\/ C\u00f4te Pav\u00e9e<\/p>\n<ul class=\"wp-block-list\">\n<li>Place\u00a0Pinel<\/li>\n<li>Place Victor\u00a0Basch<\/li>\n<\/ul>\n<p>Pont des Demoiselles \/ Ormeau\/\u00a0Montaudran\u00a0\/ La Terrasse \/\u00a0Malep\u00e8re<\/p>\n<ul class=\"wp-block-list\">\n<li>Place\u00a0Lespinet<\/li>\n<li>Angle rue de Martini \/ rue du Mont Aigoual<\/li>\n<li>68 route de\u00a0Revel<\/li>\n<li>Place Roger Arnaud<\/li>\n<\/ul>\n<p>Rangueil\u00a0\/\u00a0Sauzelong\u00a0\/\u00a0Pech-David\u00a0\/\u00a0Pouvourville<\/p>\n<ul class=\"wp-block-list\">\n<li>Parking \u00e9cole maternelle\u00a0Saouzelong\u00a0(passage entre la rue Marvig\u00a0et la rue\u00a0Bonnat)<\/li>\n<li>Face au 11 rue\u00a0Herg\u00e9\u00a0(au niveau de l\u2019espace vert)<\/li>\n<\/ul>\n<p>Saint-Michel \/ Le\u00a0Busca\u00a0\/\u00a0Empalot\u00a0\/\u00a0Saint-Agne\u00a0\/ Ile du Ramier<\/p>\n<ul class=\"wp-block-list\">\n<li>40 rue du Japon\/angle boulevard\u00a0Monplaisir<\/li>\n<li>18 bis grande-rue St Michel (devant prison)<\/li>\n<li>Rue Achille\u00a0Viadieu\u00a0angle rue des Gallois<\/li>\n<li>Place Lazare\u00a0Ponticelli\u00a0(Grand Rond)<\/li>\n<li>Angle all\u00e9e des Demoiselles\/all\u00e9e F Mistral<\/li>\n<\/ul>\n<p>Lardenne\u00a0\/\u00a0Pradettes\u00a0\/\u00a0Basso-Cambo<\/p>\n<p>Saint-Simon \/\u00a0Lafourguette\u00a0\/\u00a0Oncopole<\/p>\n<ul class=\"wp-block-list\">\n<li>Place de\u00a0l\u2019\u00e9glise\u00a0de St Simon<\/li>\n<\/ul>\n","protected":false},"excerpt":{"rendered":"\u00c0 Toulouse, la mairie met en place plusieurs solutions pour recycler les sapins de No\u00ebl apr\u00e8s les f\u00eates.&hellip;\n","protected":false},"author":2,"featured_media":629061,"comment_status":"","ping_status":"","sticky":false,"template":"","format":"standard","meta":{"footnotes":""},"categories":[2816],"tags":[1111,11,1777,674,1011,27,12,2680,25,2312,73853],"class_list":{"0":"post-629060","1":"post","2":"type-post","3":"status-publish","4":"format-standard","5":"has-post-thumbnail","7":"category-toulouse","8":"tag-actu","9":"tag-actualites","10":"tag-eu","11":"tag-europe","12":"tag-fr","13":"tag-france","14":"tag-news","15":"tag-occitanie","16":"tag-republique-francaise","17":"tag-toulouse","18":"tag-toulouse-vous-avez-jusquu2019au-26-janvier-pour-vous-du00e9barrasser-de-votre-sapin-voici-ou00f9"},"share_on_mastodon":{"url":"https:\/\/pubeurope.com\/@fr\/115806516340776503","error":""},"_links":{"self":[{"href":"https:\/\/www.europesays.com\/fr\/wp-json\/wp\/v2\/posts\/629060","targetHints":{"allow":["GET"]}}],"collection":[{"href":"https:\/\/www.europesays.com\/fr\/wp-json\/wp\/v2\/posts"}],"about":[{"href":"https:\/\/www.europesays.com\/fr\/wp-json\/wp\/v2\/types\/post"}],"author":[{"embeddable":true,"href":"https:\/\/www.europesays.com\/fr\/wp-json\/wp\/v2\/users\/2"}],"replies":[{"embeddable":true,"href":"https:\/\/www.europesays.com\/fr\/wp-json\/wp\/v2\/comments?post=629060"}],"version-history":[{"count":0,"href":"https:\/\/www.europesays.com\/fr\/wp-json\/wp\/v2\/posts\/629060\/revisions"}],"wp:featuredmedia":[{"embeddable":true,"href":"https:\/\/www.europesays.com\/fr\/wp-json\/wp\/v2\/media\/629061"}],"wp:attachment":[{"href":"https:\/\/www.europesays.com\/fr\/wp-json\/wp\/v2\/media?parent=629060"}],"wp:term":[{"taxonomy":"category","embeddable":true,"href":"https:\/\/www.europesays.com\/fr\/wp-json\/wp\/v2\/categories?post=629060"},{"taxonomy":"post_tag","embeddable":true,"href":"https:\/\/www.europesays.com\/fr\/wp-json\/wp\/v2\/tags?post=629060"}],"curies":[{"name":"wp","href":"https:\/\/api.w.org\/{rel}","templated":true}]}}