{"id":629075,"date":"2025-12-30T04:09:11","date_gmt":"2025-12-30T04:09:11","guid":{"rendered":"https:\/\/www.europesays.com\/fr\/629075\/"},"modified":"2025-12-30T04:09:11","modified_gmt":"2025-12-30T04:09:11","slug":"paris-arles-bruxelles-11-ouvertures-de-musees-incontournables-en-2026","status":"publish","type":"post","link":"https:\/\/www.europesays.com\/fr\/629075\/","title":{"rendered":"Paris, Arles, Bruxelles\u2026 11 ouvertures de mus\u00e9es incontournables en 2026"},"content":{"rendered":"<p>8. Fondation Bustamante, Arles (France)<\/p>\n<p><strong>Ouverture en \u00e9t\u00e9 2026<\/strong><\/p>\n<p>L&rsquo;artiste fran\u00e7ais Jean-Marc Bustamante, ancien directeur des Beaux-Arts de Paris, a annonc\u00e9 ouvrir sa fondation \u00e0 Arles l&rsquo;\u00e9t\u00e9 prochain, dans l&rsquo;\u00e9glise Sainte-Croix. La paroisse m\u00e9di\u00e9vale sera r\u00e9am\u00e9nag\u00e9e par l&rsquo;architecte AD100 Charles Zana et accueillera cinq salles d&rsquo;exposition. L&rsquo;un des \u00e9v\u00e9nements majeurs \u00e0 suivre lors des prochaines Rencontres d&rsquo;Arles.<\/p>\n<p>9. KANAL Centre Pompidou, Bruxelles (Belgique)<\/p>\n<p><strong>Ouverture en novembre 2026<\/strong><\/p>\n<p>Il s&rsquo;agira de la plus grande institution culturelle de la capitale <a href=\"https:\/\/www.admagazine.fr\/article\/maison-hannon-hotel-particulier-art-nouveau\" target=\"_blank\" rel=\"noopener\">belge<\/a>. Pens\u00e9s par noAarchitecten (Bruxelles), EM2N (Zurich) et Sergison Bates Architects (Londres), ses 35 000 m\u00e8tres carr\u00e9s seront enti\u00e8rement d\u00e9di\u00e9s aux cr\u00e9ations artistiques diverses. Pour patienter, le K1, face au chantier, accueille d\u00e9j\u00e0 des expositions.<\/p>\n<p>10. V&amp;A East, Londres (Royaume-Uni)<\/p>\n<p><strong>Ouverture en avril 2026<\/strong><\/p>\n<p>Ce nouveau centre culturel de l&rsquo;est-londonien pr\u00e9sentera des collections d&rsquo;art, de mode, de design et d&rsquo;architecture. Imagin\u00e9e par les architectes O\u2019Donnell + Tuomey, cette extension du <a href=\"https:\/\/www.admagazine.fr\/article\/londres-grande-exposition-marie-antoinette\" target=\"_blank\" rel=\"noopener\">V&amp;A<\/a> voisinera la BBC et le London College of Fashion.<\/p>\n<p>11. Obama Presidential Center, Chicago (\u00c9tats-Unis)<\/p>\n<p><strong>Ouverture en juin 2026<\/strong><\/p>\n<p>Port\u00e9e par la Obama Foundation, l&rsquo;inauguration du Obama Presidential Center \u00e0 Chicago r\u00e9v\u00e9lera un grand campus civique et culturel \u00e0 Jackson Park ; ce <a href=\"https:\/\/www.admagazine.fr\/article\/futur-musee-spectaculaire-bjarke-ingels\" target=\"_blank\" rel=\"noopener\">nouveau mus\u00e9e<\/a> pr\u00e9sidentiel s&rsquo;annonce marqu\u00e9 par la modernit\u00e9 et l&rsquo;engagement citoyen. Le projet est assur\u00e9 par Tod Williams Billie Tsien Architects | Partners (TWBTA), en partenariat avec Interactive Design Architects (IDEA) de Chicago.<\/p>\n","protected":false},"excerpt":{"rendered":"8. Fondation Bustamante, Arles (France) Ouverture en \u00e9t\u00e9 2026 L&rsquo;artiste fran\u00e7ais Jean-Marc Bustamante, ancien directeur des Beaux-Arts de&hellip;\n","protected":false},"author":2,"featured_media":629076,"comment_status":"","ping_status":"","sticky":false,"template":"","format":"standard","meta":{"footnotes":""},"categories":[1888],"tags":[1111,1928,11,1927,3734,1777,674,1011,27,7107,12,1926,626,1925,25],"class_list":{"0":"post-629075","1":"post","2":"type-post","3":"status-publish","4":"format-standard","5":"has-post-thumbnail","7":"category-paris","8":"tag-actu","9":"tag-actu-paris","10":"tag-actualites","11":"tag-actualites-paris","12":"tag-art","13":"tag-eu","14":"tag-europe","15":"tag-fr","16":"tag-france","17":"tag-musees","18":"tag-news","19":"tag-news-paris","20":"tag-paris","21":"tag-paris-news","22":"tag-republique-francaise"},"share_on_mastodon":{"url":"https:\/\/pubeurope.com\/@fr\/115806559481440735","error":""},"_links":{"self":[{"href":"https:\/\/www.europesays.com\/fr\/wp-json\/wp\/v2\/posts\/629075","targetHints":{"allow":["GET"]}}],"collection":[{"href":"https:\/\/www.europesays.com\/fr\/wp-json\/wp\/v2\/posts"}],"about":[{"href":"https:\/\/www.europesays.com\/fr\/wp-json\/wp\/v2\/types\/post"}],"author":[{"embeddable":true,"href":"https:\/\/www.europesays.com\/fr\/wp-json\/wp\/v2\/users\/2"}],"replies":[{"embeddable":true,"href":"https:\/\/www.europesays.com\/fr\/wp-json\/wp\/v2\/comments?post=629075"}],"version-history":[{"count":0,"href":"https:\/\/www.europesays.com\/fr\/wp-json\/wp\/v2\/posts\/629075\/revisions"}],"wp:featuredmedia":[{"embeddable":true,"href":"https:\/\/www.europesays.com\/fr\/wp-json\/wp\/v2\/media\/629076"}],"wp:attachment":[{"href":"https:\/\/www.europesays.com\/fr\/wp-json\/wp\/v2\/media?parent=629075"}],"wp:term":[{"taxonomy":"category","embeddable":true,"href":"https:\/\/www.europesays.com\/fr\/wp-json\/wp\/v2\/categories?post=629075"},{"taxonomy":"post_tag","embeddable":true,"href":"https:\/\/www.europesays.com\/fr\/wp-json\/wp\/v2\/tags?post=629075"}],"curies":[{"name":"wp","href":"https:\/\/api.w.org\/{rel}","templated":true}]}}