{"id":629081,"date":"2025-12-30T04:12:24","date_gmt":"2025-12-30T04:12:24","guid":{"rendered":"https:\/\/www.europesays.com\/fr\/629081\/"},"modified":"2025-12-30T04:12:24","modified_gmt":"2025-12-30T04:12:24","slug":"trump-negocie-la-paix-avec-zelensky-et-poutine-la-russie-poursuit-son-offensive","status":"publish","type":"post","link":"https:\/\/www.europesays.com\/fr\/629081\/","title":{"rendered":"Trump n\u00e9gocie la paix avec Zelensky et Poutine, la Russie poursuit son offensive"},"content":{"rendered":"<p>Vous avez rat\u00e9 les derniers \u00e9v\u00e9nements sur la <a href=\"https:\/\/www.20minutes.fr\/monde\/ukraine\/\" class=\"c-link c-link--is-underlined\" target=\"_blank\" rel=\"noopener\">guerre en Ukraine<\/a>\u00a0? 20 Minutes fait le point pour vous tous les soirs. Voici l\u2019essentiel de ce lundi 29\u00a0d\u00e9cembre, au 1.405e jour du conflit.<\/p>\n<p>Le fait du jour<\/p>\n<p>La Russie a accus\u00e9 lundi l\u2019Ukraine d\u2019avoir <a href=\"https:\/\/www.20minutes.fr\/monde\/ukraine\/4193513-20251229-direct-guerre-ukraine-macron-annonce-reunion-allies-kiev-paris-debut-janvier\" class=\"c-link c-link--is-underlined\" target=\"_blank\" rel=\"noopener\">lanc\u00e9 pendant la nuit 91 drones<\/a> contre la r\u00e9sidence de <a href=\"https:\/\/www.20minutes.fr\/monde\/vladimir_poutine\/\" class=\"c-link c-link--is-underlined\" target=\"_blank\" rel=\"noopener\">Vladimir Poutine<\/a> dans la r\u00e9gion de Novgorod. Sur Telegram, le ministre russe des Affaires \u00e9trang\u00e8res, <a href=\"https:\/\/www.20minutes.fr\/monde\/serguei-lavrov\/\" class=\"c-link c-link--is-underlined\" target=\"_blank\" rel=\"noopener\">Sergue\u00ef Lavrov<\/a>, a mis en garde contre des \u00ab\u00a0repr\u00e9sailles\u00a0\u00bb et affirm\u00e9 que, si elle ne comptait pas se \u00ab\u00a0retirer du processus de n\u00e9gociations avec les <a href=\"https:\/\/www.20minutes.fr\/monde\/etats-unis\/\" class=\"c-link c-link--is-underlined\" target=\"_blank\" rel=\"noopener\">Etats-Unis<\/a>\u00a0\u00bb, \u00ab\u00a0la position de la Russie sera r\u00e9vis\u00e9e\u00a0\u00bb.<\/p>\n<p>\u00ab\u00a0La Russie r\u00e9cidive, utilisant des d\u00e9clarations dangereuses pour saper tous les r\u00e9sultats de nos efforts diplomatiques communs avec l\u2019\u00e9quipe du pr\u00e9sident Trump\u00a0\u00bb, a r\u00e9pondu le pr\u00e9sident ukrainien <a href=\"https:\/\/www.20minutes.fr\/monde\/volodymyr-zelensky\/\" class=\"c-link c-link--is-underlined\" target=\"_blank\" rel=\"noopener\">Volodymyr Zelensky<\/a>.<\/p>\n<p>La d\u00e9claration du jour<\/p>\n<blockquote class=\"mx-m@xs mx-xxl@md color-ultramarine c-citation\">\n<p class=\"font-weight-regular@xs text-italic font-source-serif-pro text-l@xs c-citation__content\">\u00ab\u00a0Le pr\u00e9sident Trump a conclu un entretien t\u00e9l\u00e9phonique positif avec le pr\u00e9sident Poutine au sujet de l\u2019Ukraine\u00a0\u00bb<\/p>\n<\/blockquote>\n<p>C\u2019est, du moins, ce qu\u2019a affirm\u00e9 dans la journ\u00e9e sur X, Karoline Leavitt, la porte-parole de la <a href=\"https:\/\/www.20minutes.fr\/dossier\/maison_blanche\" class=\"c-link c-link--is-underlined\" target=\"_blank\" rel=\"noopener\">Maison-Blanche<\/a>, au lendemain de la rencontre entre le pr\u00e9sident am\u00e9ricain et son homologue ukrainien, Volodymyr Zelensky, en Floride.<\/p>\n<\/p>\n<p>Le chiffre du jour<\/p>\n<p>15. Les Etats-Unis ont propos\u00e9 \u00e0 l\u2019Ukraine des garanties de s\u00e9curit\u00e9 \u00ab\u00a0solides\u00a0\u00bb pour une p\u00e9riode de 15 ans prolongeable face \u00e0 la Russie, a annonc\u00e9 lundi Volodymyr Zelensky, ajoutant avoir demand\u00e9 \u00e0 Washington une dur\u00e9e plus longue \u00e0 l\u2019occasion de sa rencontre dimanche avec Donald Trump. Selon le pr\u00e9sident ukrainien, l\u2019introduction de ces garanties de s\u00e9curit\u00e9 sera une condition \u00e0 remplir pour la lev\u00e9e de la loi martiale en vigueur en Ukraine depuis le d\u00e9clenchement en f\u00e9vrier\u00a02022 de l\u2019invasion russe.<\/p>\n<p>\u00ab\u00a0Je voulais vraiment que ces garanties soient plus longues. Et je lui ai dit (\u00e0 Donald Trump) que nous voulions vraiment consid\u00e9rer la possibilit\u00e9 de 30, 40, 50 ans\u00a0\u00bb, a d\u00e9clar\u00e9 Volodymyr Zelensky au cours d\u2019une conf\u00e9rence de presse en ligne, pr\u00e9cisant que son homologue am\u00e9ricain lui avait assur\u00e9 qu\u2019il allait \u00ab\u00a0r\u00e9fl\u00e9chir\u00a0\u00bb \u00e0 cette possibilit\u00e9.<\/p>\n<p>A l\u2019issue de ses <a href=\"https:\/\/www.20minutes.fr\/monde\/ukraine\/4193376-20251228-guerre-ukraine-joue-dimanche-soir-rencontre-entre-trump-zelensky-floride\" class=\"c-link c-link--is-underlined\" target=\"_blank\" rel=\"noopener\">discussions dimanche en Floride<\/a> avec le chef de l\u2019Etat ukrainien, Donald Trump, optimiste mais \u00e9vasif, a estim\u00e9 \u00eatre <a href=\"https:\/\/www.20minutes.fr\/monde\/ukraine\/4193561-20251229-guerre-ukraine-etats-unis-propose-kiev-garanties-solides-moins-15-ans\" class=\"c-link c-link--is-underlined\" target=\"_blank\" rel=\"noopener\">plus pr\u00e8s que jamais d\u2019un accord<\/a> pour mettre fin au conflit le plus meurtrier en Europe depuis la Seconde Guerre mondiale. Il n\u2019a cependant mentionn\u00e9 aucune avanc\u00e9e concr\u00e8te.<\/p>\n<p>La tendance<\/p>\n<p>Le pr\u00e9sident russe Vladimir Poutine a affirm\u00e9 lundi que les forces russes \u00ab\u00a0avancent avec assurance\u00a0\u00bb tout le long de la ligne de front en Ukraine, notamment dans les r\u00e9gions du Donbass, de Zaporijjia et de Kherson.<\/p>\n<p><a href=\"https:\/\/www.20minutes.fr\/monde\/ukraine\/\" target=\"_blank\" class=\"c-link c-btn c-btn--primary\" rel=\"noopener\">Notre dossier sur la guerre en Ukraine<\/a><\/p>\n<p>Les troupes \u00ab\u00a0avancent avec assurance, en per\u00e7ant les d\u00e9fenses de l\u2019ennemi. Les unit\u00e9s des Forces arm\u00e9es ukrainiennes se replient partout, sur l\u2019ensemble de la ligne de contact\u00a0\u00bb, a-t-il affirm\u00e9 lors d\u2019une r\u00e9union sur la situation sur le front ukrainien retransmise \u00e0 la t\u00e9l\u00e9vision, disant aussi que la prise de territoires dans le <a href=\"https:\/\/www.20minutes.fr\/monde\/donbass\/\" target=\"_blank\" class=\"c-link c-link--is-underlined\" rel=\"noopener\">Donbass<\/a> (est) et dans les r\u00e9gions m\u00e9ridionales de Zaporijjia et <a href=\"https:\/\/www.20minutes.fr\/monde\/kherson\/\" target=\"_blank\" class=\"c-link c-link--is-underlined\" rel=\"noopener\">Kherson<\/a> se d\u00e9roule \u00ab\u00a0conform\u00e9ment au plan\u00a0\u00bb.<\/p>\n","protected":false},"excerpt":{"rendered":"Vous avez rat\u00e9 les derniers \u00e9v\u00e9nements sur la guerre en Ukraine\u00a0? 20 Minutes fait le point pour vous&hellip;\n","protected":false},"author":2,"featured_media":629082,"comment_status":"","ping_status":"","sticky":false,"template":"","format":"standard","meta":{"footnotes":""},"categories":[1591],"tags":[47,11,75,1887,131,74,1916,12,1885,1886,132,135,134],"class_list":{"0":"post-629081","1":"post","2":"type-post","3":"status-publish","4":"format-standard","5":"has-post-thumbnail","7":"category-russie","8":"tag-actualite","9":"tag-actualites","10":"tag-donald-trump","11":"tag-federation-de-russie","12":"tag-guerre-en-ukraine","13":"tag-monde","14":"tag-moscou","15":"tag-news","16":"tag-russia","17":"tag-russian-federation","18":"tag-russie","19":"tag-vladimir-poutine","20":"tag-volodymyr-zelensky"},"share_on_mastodon":{"url":"https:\/\/pubeurope.com\/@fr\/115806571419672678","error":""},"_links":{"self":[{"href":"https:\/\/www.europesays.com\/fr\/wp-json\/wp\/v2\/posts\/629081","targetHints":{"allow":["GET"]}}],"collection":[{"href":"https:\/\/www.europesays.com\/fr\/wp-json\/wp\/v2\/posts"}],"about":[{"href":"https:\/\/www.europesays.com\/fr\/wp-json\/wp\/v2\/types\/post"}],"author":[{"embeddable":true,"href":"https:\/\/www.europesays.com\/fr\/wp-json\/wp\/v2\/users\/2"}],"replies":[{"embeddable":true,"href":"https:\/\/www.europesays.com\/fr\/wp-json\/wp\/v2\/comments?post=629081"}],"version-history":[{"count":0,"href":"https:\/\/www.europesays.com\/fr\/wp-json\/wp\/v2\/posts\/629081\/revisions"}],"wp:featuredmedia":[{"embeddable":true,"href":"https:\/\/www.europesays.com\/fr\/wp-json\/wp\/v2\/media\/629082"}],"wp:attachment":[{"href":"https:\/\/www.europesays.com\/fr\/wp-json\/wp\/v2\/media?parent=629081"}],"wp:term":[{"taxonomy":"category","embeddable":true,"href":"https:\/\/www.europesays.com\/fr\/wp-json\/wp\/v2\/categories?post=629081"},{"taxonomy":"post_tag","embeddable":true,"href":"https:\/\/www.europesays.com\/fr\/wp-json\/wp\/v2\/tags?post=629081"}],"curies":[{"name":"wp","href":"https:\/\/api.w.org\/{rel}","templated":true}]}}