{"id":629083,"date":"2025-12-30T04:13:14","date_gmt":"2025-12-30T04:13:14","guid":{"rendered":"https:\/\/www.europesays.com\/fr\/629083\/"},"modified":"2025-12-30T04:13:14","modified_gmt":"2025-12-30T04:13:14","slug":"la-residence-de-poutine-ciblee-par-des-drones-trump-denonce-une-attaque-contre-sa-maison","status":"publish","type":"post","link":"https:\/\/www.europesays.com\/fr\/629083\/","title":{"rendered":"La r\u00e9sidence de Poutine cibl\u00e9e par des drones, Trump d\u00e9nonce \u00ab\u00a0une attaque contre sa maison\u00a0\u00bb"},"content":{"rendered":"<p><a href=\"https:\/\/www.20minutes.fr\/monde\/moscou\/\" target=\"_blank\" class=\"c-link c-link--is-underlined\" rel=\"noopener\">Moscou<\/a> a accus\u00e9 lundi <a href=\"https:\/\/www.20minutes.fr\/dossier\/kiev\" target=\"_blank\" class=\"c-link c-link--is-underlined\" rel=\"noopener\">Kiev<\/a> d\u2019avoir men\u00e9 une attaque de <a href=\"https:\/\/www.20minutes.fr\/monde\/drone\/\" target=\"_blank\" class=\"c-link c-link--is-underlined\" rel=\"noopener\">drones<\/a> contre la r\u00e9sidence du pr\u00e9sident russe <a href=\"https:\/\/www.20minutes.fr\/monde\/vladimir_poutine\/\" target=\"_blank\" class=\"c-link c-link--is-underlined\" rel=\"noopener\">Vladimir Poutine<\/a>, jetant un nouveau trouble sur les n\u00e9gociations en cours visant \u00e0 mettre fin \u00e0 la guerre en Ukraine. Selon le ministre russe des Affaires \u00e9trang\u00e8res Sergue\u00ef Lavrov, \u00ab\u00a0le r\u00e9gime de Kiev a lanc\u00e9 une attaque terroriste utilisant 91 drones contre la r\u00e9sidence d\u2019Etat du pr\u00e9sident\u00a0\u00bb dans la r\u00e9gion de Novgorod. Tous les appareils auraient \u00e9t\u00e9 intercept\u00e9s.<\/p>\n<p>Ces d\u00e9clarations ont suscit\u00e9 une r\u00e9action de <a href=\"https:\/\/www.20minutes.fr\/dossier\/donald_trump\" target=\"_blank\" class=\"c-link c-link--is-underlined\" rel=\"noopener\">Donald Trump<\/a>, interrog\u00e9 lundi depuis sa r\u00e9sidence de Mar-a-Lago, en Floride. \u00ab\u00a0Je n\u2019aime pas \u00e7a. Ce n\u2019est pas bon\u00a0\u00bb, a-t-il d\u00e9clar\u00e9 \u00e0 la presse, pr\u00e9cisant\u00a0: \u00ab\u00a0Vous savez qui m\u2019en a parl\u00e9\u00a0? Le pr\u00e9sident Poutine\u00a0\u00bb. L\u2019ancien pr\u00e9sident am\u00e9ricain a soulign\u00e9 le caract\u00e8re sensible du moment, estimant que \u00ab\u00a0c\u2019est une p\u00e9riode d\u00e9licate\u00a0\u00bb et que \u00ab\u00a0ce n\u2019est pas le bon moment\u00a0\u00bb. \u00ab\u00a0C\u2019est une chose d\u2019attaquer parce qu\u2019ils attaquent. C\u2019est autre chose d\u2019attaquer sa maison\u00a0\u00bb, a-t-il ajout\u00e9.<\/p>\n<p><\/p>\n<p>Donald Trump sur la m\u00eame ligne que Poutine<\/p>\n<p>Plus t\u00f4t, l\u2019Ukraine avait imm\u00e9diatement d\u00e9menti. Le pr\u00e9sident <a href=\"https:\/\/www.20minutes.fr\/monde\/volodymyr-zelensky\/\" target=\"_blank\" class=\"c-link c-link--is-underlined\" rel=\"noopener\">Volodymyr Zelensky<\/a> a qualifi\u00e9 ces accusations de \u00ab\u00a0mensonge\u00a0\u00bb, estimant qu\u2019elles visaient \u00e0 pr\u00e9parer de nouvelles frappes contre Kiev et \u00e0 \u00ab\u00a0saper\u00a0\u00bb les efforts diplomatiques entre l\u2019Ukraine et les Etats-Unis. \u00ab\u00a0Ils ne veulent pas mettre fin \u00e0 la guerre\u00a0\u00bb, a-t-il affirm\u00e9 lors d\u2019une conf\u00e9rence de presse en ligne, d\u00e9non\u00e7ant une strat\u00e9gie russe destin\u00e9e \u00e0 faire d\u00e9railler les discussions.<\/p>\n<p><a href=\"https:\/\/www.20minutes.fr\/monde\/ukraine\/\" target=\"_blank\" class=\"c-link c-btn c-btn--primary\" rel=\"noopener\">Notre dossier sur la guerre en Ukraine<\/a><\/p>\n<p>Malgr\u00e9 ce regain de tensions, Vladimir Poutine et Donald Trump se sont entretenus lundi par t\u00e9l\u00e9phone afin d\u2019\u00e9changer sur l\u2019\u00e9tat des discussions, au lendemain d\u2019une rencontre entre Donald Trump et Volodymyr Zelensky en Floride. La Maison-Blanche a qualifi\u00e9 cet \u00e9change de \u00ab\u00a0positif\u00a0\u00bb, alors que les tractations engag\u00e9es depuis novembre restent fragilis\u00e9es par ces accusations dans un conflit qui demeure le plus meurtrier en Europe depuis la Seconde Guerre mondiale.<\/p>\n","protected":false},"excerpt":{"rendered":"Moscou a accus\u00e9 lundi Kiev d\u2019avoir men\u00e9 une attaque de drones contre la r\u00e9sidence du pr\u00e9sident russe Vladimir&hellip;\n","protected":false},"author":2,"featured_media":629084,"comment_status":"","ping_status":"","sticky":false,"template":"","format":"standard","meta":{"footnotes":""},"categories":[1590],"tags":[47,11,75,564,73,1777,674,131,74,12,132,1135,220,135,134],"class_list":{"0":"post-629083","1":"post","2":"type-post","3":"status-publish","4":"format-standard","5":"has-post-thumbnail","7":"category-ukraine","8":"tag-actualite","9":"tag-actualites","10":"tag-donald-trump","11":"tag-drone","12":"tag-etats-unis","13":"tag-eu","14":"tag-europe","15":"tag-guerre-en-ukraine","16":"tag-monde","17":"tag-news","18":"tag-russie","19":"tag-serguei-lavrov","20":"tag-ukraine","21":"tag-vladimir-poutine","22":"tag-volodymyr-zelensky"},"share_on_mastodon":{"url":"https:\/\/pubeurope.com\/@fr\/115806575208526976","error":""},"_links":{"self":[{"href":"https:\/\/www.europesays.com\/fr\/wp-json\/wp\/v2\/posts\/629083","targetHints":{"allow":["GET"]}}],"collection":[{"href":"https:\/\/www.europesays.com\/fr\/wp-json\/wp\/v2\/posts"}],"about":[{"href":"https:\/\/www.europesays.com\/fr\/wp-json\/wp\/v2\/types\/post"}],"author":[{"embeddable":true,"href":"https:\/\/www.europesays.com\/fr\/wp-json\/wp\/v2\/users\/2"}],"replies":[{"embeddable":true,"href":"https:\/\/www.europesays.com\/fr\/wp-json\/wp\/v2\/comments?post=629083"}],"version-history":[{"count":0,"href":"https:\/\/www.europesays.com\/fr\/wp-json\/wp\/v2\/posts\/629083\/revisions"}],"wp:featuredmedia":[{"embeddable":true,"href":"https:\/\/www.europesays.com\/fr\/wp-json\/wp\/v2\/media\/629084"}],"wp:attachment":[{"href":"https:\/\/www.europesays.com\/fr\/wp-json\/wp\/v2\/media?parent=629083"}],"wp:term":[{"taxonomy":"category","embeddable":true,"href":"https:\/\/www.europesays.com\/fr\/wp-json\/wp\/v2\/categories?post=629083"},{"taxonomy":"post_tag","embeddable":true,"href":"https:\/\/www.europesays.com\/fr\/wp-json\/wp\/v2\/tags?post=629083"}],"curies":[{"name":"wp","href":"https:\/\/api.w.org\/{rel}","templated":true}]}}