{"id":629085,"date":"2025-12-30T04:14:10","date_gmt":"2025-12-30T04:14:10","guid":{"rendered":"https:\/\/www.europesays.com\/fr\/629085\/"},"modified":"2025-12-30T04:14:10","modified_gmt":"2025-12-30T04:14:10","slug":"mike-benz-le-complotiste-charge-de-planter-le-dernier-clou-dans-le-cercueil-de-lusaid","status":"publish","type":"post","link":"https:\/\/www.europesays.com\/fr\/629085\/","title":{"rendered":"Mike Benz, le complotiste charg\u00e9 de planter le dernier clou dans le cercueil de l\u2019USAID"},"content":{"rendered":"\n<p>L\u2019anticipation est l\u2019un des points forts de The Atlantic depuis sa cr\u00e9ation en 1857. Cette v\u00e9n\u00e9rable revue litt\u00e9raire et politique, o\u00f9 \u00e9crivent les plumes les plus prestigieuses du moment, a su faire de son site un tr\u00e8s dynamique lieu de r\u00e9flexion et de d\u00e9bat. Elle a franchi en 2024\u00a0la barre symbolique du million d\u2019abonn\u00e9s \u00e0 ses versions num\u00e9rique et papier.<\/p>\n<p>Fond\u00e9 par un groupe d\u2019\u00e9crivains \u00e0 Boston, quelques ann\u00e9es avant la guerre de S\u00e9cession, le magazine s\u2019est donn\u00e9 pour mission de n\u2019\u00eatre l\u2019\u201corgane d\u2019aucun parti\u201d, mais le porte-parole de l\u2019\u201cid\u00e9e am\u00e9ricaine\u201d. La publication des premiers textes de Mark Twain, des reportages de guerre de Nathaniel Hawthorne et de la Lettre de la prison de Birmingham (vibrante d\u00e9fense de la non-violence, 1963) de Martin Luther King ne d\u00e9ment pas cet id\u00e9al.<\/p>\n<p>Si la revue n\u2019a que rarement soutenu un candidat \u00e0 la pr\u00e9sidence, elle a pris trois fois parti contre Donald Trump, d\u00e9non\u00e7ant le danger qu\u2019il repr\u00e9sente. The Atlantic a m\u00eame fini par devenir une sorte de b\u00eate noire du pr\u00e9sident r\u00e9publicain, tout comme l\u2019actuel directeur de la r\u00e9daction, Jeffrey Goldberg. Ce dernier a pourtant \u00e9t\u00e9 inclus par erreur dans une boucle Signal o\u00f9 des plans de guerre ont \u00e9t\u00e9 \u00e9chang\u00e9s, se voyant ainsi offrir un \u00e9norme scoop.<\/p>\n","protected":false},"excerpt":{"rendered":"L\u2019anticipation est l\u2019un des points forts de The Atlantic depuis sa cr\u00e9ation en 1857. Cette v\u00e9n\u00e9rable revue litt\u00e9raire&hellip;\n","protected":false},"author":2,"featured_media":629086,"comment_status":"","ping_status":"","sticky":false,"template":"","format":"standard","meta":{"footnotes":""},"categories":[1589],"tags":[11,3822,75,46,73,1866,6429,12,316,770,1864,1865,1863,308,73854],"class_list":{"0":"post-629085","1":"post","2":"type-post","3":"status-publish","4":"format-standard","5":"has-post-thumbnail","7":"category-etats-unis","8":"tag-actualites","9":"tag-amu00e9riques","10":"tag-donald-trump","11":"tag-elon-musk","12":"tag-etats-unis","13":"tag-etats-unis-damerique","14":"tag-extru00eame-droite","15":"tag-news","16":"tag-politique","17":"tag-u00e9tats-unis","18":"tag-united-states","19":"tag-united-states-of-america","20":"tag-us","21":"tag-usa","22":"tag-usaid"},"share_on_mastodon":{"url":"https:\/\/pubeurope.com\/@fr\/115806579600525467","error":""},"_links":{"self":[{"href":"https:\/\/www.europesays.com\/fr\/wp-json\/wp\/v2\/posts\/629085","targetHints":{"allow":["GET"]}}],"collection":[{"href":"https:\/\/www.europesays.com\/fr\/wp-json\/wp\/v2\/posts"}],"about":[{"href":"https:\/\/www.europesays.com\/fr\/wp-json\/wp\/v2\/types\/post"}],"author":[{"embeddable":true,"href":"https:\/\/www.europesays.com\/fr\/wp-json\/wp\/v2\/users\/2"}],"replies":[{"embeddable":true,"href":"https:\/\/www.europesays.com\/fr\/wp-json\/wp\/v2\/comments?post=629085"}],"version-history":[{"count":0,"href":"https:\/\/www.europesays.com\/fr\/wp-json\/wp\/v2\/posts\/629085\/revisions"}],"wp:featuredmedia":[{"embeddable":true,"href":"https:\/\/www.europesays.com\/fr\/wp-json\/wp\/v2\/media\/629086"}],"wp:attachment":[{"href":"https:\/\/www.europesays.com\/fr\/wp-json\/wp\/v2\/media?parent=629085"}],"wp:term":[{"taxonomy":"category","embeddable":true,"href":"https:\/\/www.europesays.com\/fr\/wp-json\/wp\/v2\/categories?post=629085"},{"taxonomy":"post_tag","embeddable":true,"href":"https:\/\/www.europesays.com\/fr\/wp-json\/wp\/v2\/tags?post=629085"}],"curies":[{"name":"wp","href":"https:\/\/api.w.org\/{rel}","templated":true}]}}