{"id":629087,"date":"2025-12-30T04:15:23","date_gmt":"2025-12-30T04:15:23","guid":{"rendered":"https:\/\/www.europesays.com\/fr\/629087\/"},"modified":"2025-12-30T04:15:23","modified_gmt":"2025-12-30T04:15:23","slug":"noel-a-sandringham-le-bapteme-du-feu-dharriet-sperling","status":"publish","type":"post","link":"https:\/\/www.europesays.com\/fr\/629087\/","title":{"rendered":"No\u00ebl \u00e0 Sandringham : le bapt\u00eame du feu d\u2019Harriet Sperling"},"content":{"rendered":"<p>Durant l\u2019\u00e9t\u00e9, elle s\u2019est \u00e9lanc\u00e9e \u00e0 la conqu\u00eate du <a target=\"_blank\" href=\"https:\/\/www.pointdevue.fr\/royal\/royaume-uni\/harriet-sperling-fiancee-de-peter-phillips-reussit-le-test-de-balmoral-et-seduit-les-windsor\" rel=\"noopener\">ch\u00e2teau de Balmoral<\/a>. Un d\u00e9fi de taille pour <a target=\"_blank\" href=\"https:\/\/www.pointdevue.fr\/royal\/royaume-uni\/lecon-de-style-a-royal-ascot-le-sans-faute-en-jaune-de-harriet-sperling\" rel=\"noopener\">Harriet Sperling<\/a>, apr\u00e8s l\u2019annonce de ses <a target=\"_blank\" href=\"https:\/\/www.pointdevue.fr\/tag\/fiancailles\" rel=\"noopener\">fian\u00e7ailles<\/a> avec <a target=\"_blank\" href=\"https:\/\/www.pointdevue.fr\/grand-angle\/biographies\/peter-phillips\" rel=\"noopener\">Peter Phillips<\/a> formul\u00e9e le 1er ao\u00fbt 2025. Qu\u2019importe\u00a0: l\u2019infirmi\u00e8re de 45 ans a pass\u00e9 le \u00ab\u00a0test\u00a0\u00bb haut la main. Entre promenades sur des v\u00e9los \u00e9lectriques avec Savannah Philipps, fille a\u00een\u00e9e de son compagnon, balades \u00e0 cheval et jeux de soci\u00e9t\u00e9, <strong>Harriet Sperling semblait dans son \u00e9l\u00e9ment aupr\u00e8s de la famille royale<\/strong>. Adoub\u00e9e par les Windsor, elle vient par ailleurs de franchir un nouveau cap.<\/p>\n<p><img decoding=\"async\" src=\"https:\/\/www.europesays.com\/fr\/wp-content\/uploads\/2025\/12\/ABACA_BRPAPhotos20251228_094ONeG8OZRgO.jpg\" alt=\"Peter Phillips et Harriet Sperling\"\/><strong>V\u00eatue d&rsquo;un ensemble au motif pied-de-poule, Harriet Sperling s&rsquo;est avanc\u00e9e aux c\u00f4t\u00e9s de son futur \u00e9poux Peter Phillips.<\/strong> \u00a9 PA Photos\/ABACAPremiers pas<\/p>\n<p>Quatre mois plus tard, elle a ainsi <strong>pass\u00e9 son premier No\u00ebl \u00e0 Sandringham<\/strong>. L\u2019occasion d\u2019assister \u00e0 une messe aux c\u00f4t\u00e9s de certains membres de la famille royale. La <a target=\"_blank\" href=\"https:\/\/www.pointdevue.fr\/grand-angle\/biographies\/princesse-anne\" rel=\"noopener\">princesse Anne<\/a>, <a target=\"_blank\" href=\"https:\/\/www.pointdevue.fr\/grand-angle\/biographies\/timothy-laurence\" rel=\"noopener\">Timothy Laurence<\/a>, <a target=\"_blank\" href=\"https:\/\/www.pointdevue.fr\/grand-angle\/biographies\/charles-iii\" rel=\"noopener\">Charles III<\/a>, le <a target=\"_blank\" href=\"https:\/\/www.pointdevue.fr\/grand-angle\/biographies\/edward-dedimbourg\" rel=\"noopener\">prince Edward<\/a> et <a target=\"_blank\" href=\"https:\/\/www.pointdevue.fr\/grand-angle\/biographies\/sophie-dedimbourg\" rel=\"noopener\">Sophie d\u2019\u00c9dimbourg<\/a> ont pris place sur les bancs de l\u2019\u00e9glise St Mary Magdalene, le 28 d\u00e9cembre 2025. Tout comme David Armstrong-Jones, son fils Charles, 26 ans, et sa fille Lady Margarita, 23 ans, les petits-enfants de la <a target=\"_blank\" href=\"https:\/\/www.pointdevue.fr\/grand-angle\/biographies\/princesse-margaret\" rel=\"noopener\">princesse Margaret<\/a>.\u00a0<\/p>\n<p>La future \u00e9pouse de Peter Phillips est quant \u00e0 elle apparue le port altier en compagnie du neveu du roi. <strong>Harriet Sperling arborait pour l\u2019occasion un manteau au motif pied-de-poule et une jupe assortie, ceintur\u00e9e \u00e0 la taille, ainsi que des bottes en daim noir, un serre-t\u00eate et une pochette bordeaux<\/strong>. Celle qui c\u00e9l\u00e9brera son <a target=\"_blank\" href=\"https:\/\/www.pointdevue.fr\/tag\/mariage\" rel=\"noopener\">mariage<\/a> en 2026 a une nouvelle fois brill\u00e9 par son aisance naturelle. Peter Phillips, tout sourires, portait pour sa part un pantalon de costume noir et une veste couleur chocolat.<\/p>\n<p>En famille<\/p>\n<p>\u00ab\u00a0Ils ont tous deux pass\u00e9 No\u00ebl avec la famille d&rsquo;Harriet et se sont rendus aujourd&rsquo;hui \u00e0 Sandringham pour <strong>profiter des festivit\u00e9s \u00e0 venir avec la famille royale et assister \u00e0 des rencontres plus formelles<\/strong>, a indiqu\u00e9 un proche bien inform\u00e9 au magazine <a target=\"_blank\" href=\"https:\/\/www.hellomagazine.com\/royalty\/875032\/peter-phillips-harriet-sperling-major-first-sandringham-church-outing\/\" rel=\"noopener\">Hello !<\/a> Harriet est parfaitement \u00e0 l\u2019aise dans cet environnement et ils appr\u00e9cient tous deux de passer du temps avec les proches de Peter.\u00a0\u00bb S\u2019il n\u2019a pu se rendre \u00e0 la messe de No\u00ebl organis\u00e9e le 25 d\u00e9cembre en pr\u00e9sence du <a target=\"_blank\" href=\"https:\/\/www.pointdevue.fr\/grand-angle\/biographies\/prince-william\" rel=\"noopener\">prince William<\/a>, de son \u00e9pouse <a target=\"_blank\" href=\"https:\/\/www.pointdevue.fr\/grand-angle\/biographies\/kate-middleton\" rel=\"noopener\">Kate<\/a> et de leurs enfants, le couple se r\u00e9jouit de retrouver les Windsor entre No\u00ebl et le Nouvel an, a confi\u00e9 la correspondante royale Danielle Stacey \u00e0 l\u2019hebdomadaire anglais.\u00a0<\/p>\n<p>\u00ab\u00a0Traditionnellement, les conjoints de membres de la famille royale ne s\u00e9journaient pas \u00e0 Sandringham avant leur mariage, mais ces derni\u00e8res ann\u00e9es, des personnalit\u00e9s comme\u00a0<a target=\"_blank\" href=\"https:\/\/www.pointdevue.fr\/grand-angle\/biographies\/meghan-markle\" rel=\"noopener\">Meghan<\/a>\u00a0et\u00a0<a target=\"_blank\" href=\"https:\/\/www.pointdevue.fr\/grand-angle\/biographies\/edoardo-mapelli-mozzi\" rel=\"noopener\">Edoardo Mapelli Mozzi<\/a>\u00a0ont rejoint leurs futurs \u00e9poux dans le Norfolk \u00e0 l\u2019aube leurs noces respectives (\u2026)\u00a0\u00bb, a-t-elle soulign\u00e9. La suite logique pour Harriet Sperling, apr\u00e8s un an et demi de romance avec Peter Phillips. M\u00e8re de Georgina, une adolescente n\u00e9e en 2012 qu\u2019elle \u00e9l\u00e8ve seule, <strong>l\u2019infirmi\u00e8re aurait rencontr\u00e9 le fils de la princesse Anne lors d\u2019un \u00e9v\u00e9nement sportif auquel participaient leurs enfants respectifs<\/strong>.<\/p>\n<p>Parfaite entente<\/p>\n<p>Tous deux ont confirm\u00e9 leur relation en mai 2024. Ils s\u2019avan\u00e7aient alors main dans la main\u00a0lors des Badminton Horse Trials. Depuis, Harriet Sperling a \u00e9t\u00e9 aper\u00e7ue au Royal Ascot, en train de boire du champagne avec la princesse Anne, de plaisanter avec Beatrice d\u2019York, ou encore\u2026 de <strong>poser la main sur l\u2019\u00e9paule de Charles III<\/strong>. Le signe d\u2019une parfaite entente.<\/p>\n<p><img decoding=\"async\" src=\"https:\/\/www.europesays.com\/fr\/wp-content\/uploads\/2025\/12\/BESTIMAGE_00715191_000027yux16nWs08.jpg\" alt=\"Peter Phillips et Harriet Sperling\"\/><strong>Peter Phillips et sa compagne Harriet Sperling assistent aux exploits du prince William durant la Out-Sourcing Inc. Royal Charity Polo Cup 2025, \u00e0 Windsor, le 11 juillet 2025.<\/strong> \u00a9 \u00a0Julien Burton \/ Bestimage<\/p>\n<p>D\u00e9but ao\u00fbt, le magazine <a target=\"_blank\" href=\"https:\/\/www.hellomagazine.com\/brides\/847821\/peter-phillips-harriet-sperling-confirm-engagement\/\" rel=\"noopener\">Hello!<\/a> publiait sur son site une grande annonce. \u00ab\u00a0M. Peter Phillips, le fils de S.A.R. la princesse royale et du capitaine Mark Phillips, et Mme Harriet Sperling, fille du regrett\u00e9 M. Rupert Sanders et de Mme Mary Sanders, ont confirm\u00e9 aujourd\u2019hui leurs fian\u00e7ailles officielles\u00a0\u00bb, pouvait-on lire sur le site du m\u00e9dia. Une perspective des plus joyeuses pour les Windsor. <strong>\u00ab\u00a0Les deux familles ont \u00e9t\u00e9 inform\u00e9es conjointement de l\u2019annonce et se sont r\u00e9jouies de cette merveilleuse nouvelle<\/strong>\u00ab\u00a0, pr\u00e9cisait alors le communiqu\u00e9.<\/p>\n<p>Lire aussi &gt;&gt; <a target=\"_blank\" href=\"https:\/\/www.pointdevue.fr\/royal\/royaume-uni\/la-surprise-de-lete-chez-les-windsor-peter-phillips-annonce-ses-fiancailles-avec-harriet-sperling\" rel=\"noopener\">La surprise de l\u2019\u00e9t\u00e9 chez les Windsor : Peter Phillips annonce ses fian\u00e7ailles avec Harriet Sperling<\/a><\/p>\n","protected":false},"excerpt":{"rendered":"Durant l\u2019\u00e9t\u00e9, elle s\u2019est \u00e9lanc\u00e9e \u00e0 la conqu\u00eate du ch\u00e2teau de Balmoral. Un d\u00e9fi de taille pour Harriet&hellip;\n","protected":false},"author":2,"featured_media":629088,"comment_status":"","ping_status":"","sticky":false,"template":"","format":"standard","meta":{"footnotes":""},"categories":[1588],"tags":[11,1777,674,12,473,1853,1851,1850,1852],"class_list":{"0":"post-629087","1":"post","2":"type-post","3":"status-publish","4":"format-standard","5":"has-post-thumbnail","7":"category-royaume-uni","8":"tag-actualites","9":"tag-eu","10":"tag-europe","11":"tag-news","12":"tag-royaume-uni","13":"tag-royaume-uni-de-grande-bretagne-et-dirlande-du-nord","14":"tag-uk","15":"tag-united-kingdom","16":"tag-united-kingdom-of-great-britain-and-northern-ireland"},"share_on_mastodon":{"url":"https:\/\/pubeurope.com\/@fr\/115806583180688956","error":""},"_links":{"self":[{"href":"https:\/\/www.europesays.com\/fr\/wp-json\/wp\/v2\/posts\/629087","targetHints":{"allow":["GET"]}}],"collection":[{"href":"https:\/\/www.europesays.com\/fr\/wp-json\/wp\/v2\/posts"}],"about":[{"href":"https:\/\/www.europesays.com\/fr\/wp-json\/wp\/v2\/types\/post"}],"author":[{"embeddable":true,"href":"https:\/\/www.europesays.com\/fr\/wp-json\/wp\/v2\/users\/2"}],"replies":[{"embeddable":true,"href":"https:\/\/www.europesays.com\/fr\/wp-json\/wp\/v2\/comments?post=629087"}],"version-history":[{"count":0,"href":"https:\/\/www.europesays.com\/fr\/wp-json\/wp\/v2\/posts\/629087\/revisions"}],"wp:featuredmedia":[{"embeddable":true,"href":"https:\/\/www.europesays.com\/fr\/wp-json\/wp\/v2\/media\/629088"}],"wp:attachment":[{"href":"https:\/\/www.europesays.com\/fr\/wp-json\/wp\/v2\/media?parent=629087"}],"wp:term":[{"taxonomy":"category","embeddable":true,"href":"https:\/\/www.europesays.com\/fr\/wp-json\/wp\/v2\/categories?post=629087"},{"taxonomy":"post_tag","embeddable":true,"href":"https:\/\/www.europesays.com\/fr\/wp-json\/wp\/v2\/tags?post=629087"}],"curies":[{"name":"wp","href":"https:\/\/api.w.org\/{rel}","templated":true}]}}