{"id":62909,"date":"2025-04-29T22:50:12","date_gmt":"2025-04-29T22:50:12","guid":{"rendered":"https:\/\/www.europesays.com\/fr\/62909\/"},"modified":"2025-04-29T22:50:12","modified_gmt":"2025-04-29T22:50:12","slug":"le-ballet-national-de-bordeaux-danse-sur-le-miroir-deau-avec-les-badauds","status":"publish","type":"post","link":"https:\/\/www.europesays.com\/fr\/62909\/","title":{"rendered":"Le ballet national de Bordeaux danse sur le miroir d\u2019eau avec les badauds"},"content":{"rendered":"<p>                             Par     <a class=\"fig-content-metas__author\" href=\"https:\/\/www.lefigaro.fr\/auteur\/marie-helene-herouart\" rel=\"author noopener\" target=\"_blank\">Marie-H\u00e9l\u00e8ne H\u00e9rouart<\/a>, Le Figaro Bordeaux<\/p>\n<p>\n            Publi\u00e9<br \/>\n                le 29 avril 2025 \u00e0 19h03,<br \/>\n                 mis \u00e0 jour le 29 avril 2025 \u00e0 19h03<\/p>\n<p class=\"fig-slideshow__title\">\n                    Journ\u00e9e internationale de la danse \u00e0 Bordeaux\n                <\/p>\n<p>Acc\u00e9der au diaporama (9)<\/p>\n<p><strong>EN IMAGES &#8211; <\/strong>Ce mardi 29 avril, \u00e0 l\u2019occasion de la journ\u00e9e internationale de la danse, le ballet de l\u2019Op\u00e9ra national de Bordeaux s\u2019est m\u00eal\u00e9 aux amoureux de la danse pour un cours en plein air dans un lieu embl\u00e9matique de la ville.<\/p>\n<p class=\"fig-paragraph\">\u00abPli\u00e9, pli\u00e9, relev\u00e9, d\u00e9tourn\u00e9\u00bb. Sur un ciel bleu azur,\u00a0<a href=\"http:\/\/www.lefigaro.fr\/bordeaux\/lisier-sur-le-miroir-d-eau-a-bordeaux-la-coordination-rurale-refuse-une-audition-de-police-et-menace-de-bloquer-la-ville-20241014\" data-fig-type=\"NewsFlash\" data-gtm-custom-categorie=\"navigation\" data-gtm-custom-action=\"crossclick\" data-gtm-custom-label=\"Contextuel\" data-gtm-event=\"customEventSPE\" data-fig-domain=\"LEFIGARO\" target=\"_blank\" rel=\"noopener\">le miroir d\u2019eau de Bordeaux<\/a>\u00a0se d\u00e9tache\u00a0<a href=\"http:\/\/www.lefigaro.fr\/culture\/ecole-de-danse-de-l-opera-de-paris-cru-exceptionnel-cette-annee-20250427\" data-fig-type=\"Article\" data-gtm-custom-categorie=\"navigation\" data-gtm-custom-action=\"crossclick\" data-gtm-custom-label=\"Contextuel\" data-gtm-event=\"customEventSPE\" data-fig-domain=\"LEFIGARO\" target=\"_blank\" rel=\"noopener\">po\u00e9tiquement<\/a>\u00a0des bruits de la ville. Des notes de classique flotte dans l\u2019air, rythm\u00e9s par quelques rires enfantins et les doux chuintements des chaussons sur le b\u00e9ton. \u00c0 l\u2019occasion de la\u00a0<a href=\"http:\/\/www.lefigaro.fr\/culture\/montpellier-danse-est-orphelin-mort-de-jean-paul-montanari-20250428\" data-fig-type=\"NewsFlash\" data-gtm-custom-categorie=\"navigation\" data-gtm-custom-action=\"crossclick\" data-gtm-custom-label=\"Contextuel\" data-gtm-event=\"customEventSPE\" data-fig-domain=\"LEFIGARO\" target=\"_blank\" rel=\"noopener\">journ\u00e9e internationale de la danse<\/a>, ce mardi 29 avril, \u00c9ric Quiller\u00e9, le directeur de la danse de l\u2019Op\u00e9ra national de Bordeaux (ONB) dirige une classe de classique en plein air.<\/p>\n<p class=\"fig-paragraph\">Petites danseuses en herbe et amateurs passionn\u00e9s se sont m\u00eal\u00e9s au corps de ballet professionnel de l\u2019ONB, au p\u00f4le d\u2019enseignement sup\u00e9rieur de musique et de danse Bordeaux Aquitaine ainsi qu\u2019au conservatoire de Bordeaux Jacques Thibaud. \u00abC\u2019est toujours un joli moment de rencontres et de partage avec le public\u00bb, r\u00e9agit \u00c9ric Quiller\u00e9 \u00e0 l\u2019issue de la performance.<\/p>\n<p>Une sortie en famille<\/p>\n<p class=\"fig-paragraph\">Autour de cette sc\u00e8ne improvis\u00e9e au c\u0153ur de Bordeaux, les familles se pressent en cette deuxi\u00e8me semaine de vacances scolaires. Nombreux sont les enfants de moins de 10 ans pr\u00e9sents. \u00abJe suis juste venue pour sortir mon fils, c\u2019est sympa\u00bb, indique ainsi Aur\u00e9lie, tandis que le jeune gar\u00e7on opine de la t\u00eate quand on lui demande s\u2019il aime la danse. \u00abJe trouve cela sympa de partager ce moment festif\u00bb, abonde Genevi\u00e8ve Cauwel, ancienne danseuse du ballet l\u2019op\u00e9ra national de Bordeaux et d\u00e9sormais professeur de danse classique au conservatoire et au sein l\u2019Acad\u00e9mie Vanessa Feuillatte, \u00e9galement venue avec sa fille, \u00e2g\u00e9e de 10 ans.<\/p>\n<p class=\"fig-paragraph\">Membre du corps de ballet de l\u2019ONB depuis 16 ans, Guillaume Debut appr\u00e9cie particuli\u00e8rement ces moments. \u00abPour nous c\u2019est une barre de vacances, on est au soleil avec le vent qui souffle et la bonne humeur des spectateurs autour. Ce qui est chouette c\u2019est que des personnes qui n\u2019ont jamais fait de danse testent ou deviennent des nouveaux spectateurs\u00bb, conclut-il.<\/p>\n","protected":false},"excerpt":{"rendered":"Par Marie-H\u00e9l\u00e8ne H\u00e9rouart, Le Figaro Bordeaux Publi\u00e9 le 29 avril 2025 \u00e0 19h03, mis \u00e0 jour le 29&hellip;\n","protected":false},"author":2,"featured_media":62910,"comment_status":"","ping_status":"","sticky":false,"template":"","format":"standard","meta":{"footnotes":""},"categories":[2817],"tags":[1111,11,1997,2916,2911,2910,2915,2909,2904,2913,2912,2914,2906,2907,5972,1777,674,1011,27,2905,2908,12,2219,2551,25],"class_list":{"0":"post-62909","1":"post","2":"type-post","3":"status-publish","4":"format-standard","5":"has-post-thumbnail","7":"category-bordeaux","8":"tag-actu","9":"tag-actualites","10":"tag-bordeaux","11":"tag-bordeaux-cauderan","12":"tag-bordeaux-centre-ville","13":"tag-bordeaux-chartrons-grand-parc-jardin-public","14":"tag-bordeaux-la-bastide","15":"tag-bordeaux-maritime","16":"tag-bordeaux-metropole","17":"tag-bordeaux-nansouty-st-genes","18":"tag-bordeaux-st-augustin-tauzin-alphonse-dupeux","19":"tag-bordeaux-sud","20":"tag-capitale-de-gaule","21":"tag-cathedrale-gothique-de-saint-andre","22":"tag-danse","23":"tag-eu","24":"tag-europe","25":"tag-fr","26":"tag-france","27":"tag-gironde","28":"tag-girondins-de-bordeaux","29":"tag-news","30":"tag-nouvelle-aquitaine","31":"tag-patrimoine","32":"tag-republique-francaise"},"share_on_mastodon":{"url":"","error":"Validation failed: Text character limit of 500 exceeded"},"_links":{"self":[{"href":"https:\/\/www.europesays.com\/fr\/wp-json\/wp\/v2\/posts\/62909","targetHints":{"allow":["GET"]}}],"collection":[{"href":"https:\/\/www.europesays.com\/fr\/wp-json\/wp\/v2\/posts"}],"about":[{"href":"https:\/\/www.europesays.com\/fr\/wp-json\/wp\/v2\/types\/post"}],"author":[{"embeddable":true,"href":"https:\/\/www.europesays.com\/fr\/wp-json\/wp\/v2\/users\/2"}],"replies":[{"embeddable":true,"href":"https:\/\/www.europesays.com\/fr\/wp-json\/wp\/v2\/comments?post=62909"}],"version-history":[{"count":0,"href":"https:\/\/www.europesays.com\/fr\/wp-json\/wp\/v2\/posts\/62909\/revisions"}],"wp:featuredmedia":[{"embeddable":true,"href":"https:\/\/www.europesays.com\/fr\/wp-json\/wp\/v2\/media\/62910"}],"wp:attachment":[{"href":"https:\/\/www.europesays.com\/fr\/wp-json\/wp\/v2\/media?parent=62909"}],"wp:term":[{"taxonomy":"category","embeddable":true,"href":"https:\/\/www.europesays.com\/fr\/wp-json\/wp\/v2\/categories?post=62909"},{"taxonomy":"post_tag","embeddable":true,"href":"https:\/\/www.europesays.com\/fr\/wp-json\/wp\/v2\/tags?post=62909"}],"curies":[{"name":"wp","href":"https:\/\/api.w.org\/{rel}","templated":true}]}}