{"id":629095,"date":"2025-12-30T04:19:10","date_gmt":"2025-12-30T04:19:10","guid":{"rendered":"https:\/\/www.europesays.com\/fr\/629095\/"},"modified":"2025-12-30T04:19:10","modified_gmt":"2025-12-30T04:19:10","slug":"le-fils-unique-de-brigitte-bardot-lobjet-de-son-malheur-va-t-il-heriter-de-son-patrimoine","status":"publish","type":"post","link":"https:\/\/www.europesays.com\/fr\/629095\/","title":{"rendered":"Le fils unique de Brigitte Bardot, \u00ab\u00a0l&rsquo;objet de son malheur\u00a0\u00bb, va-t-il h\u00e9riter de son patrimoine\u00a0?"},"content":{"rendered":"<p>                    Par<br \/>\n        <strong><br \/>\n            <a href=\"https:\/\/actu.fr\/auteur\/redaction-actu\" title=\"Consulter tous les articles de R\u00e9daction Actu\" target=\"_blank\" rel=\"noopener\">R\u00e9daction Actu<\/a><br \/>\n                    <\/strong><\/p>\n<p>        Publi\u00e9 le<\/p>\n<p>            29 d\u00e9c. 2025 \u00e0 22h16        <\/p>\n<p>Brigitte Bardot s\u2019en est all\u00e9e \u00e0 l\u2019aube, ce dimanche 28\u00a0d\u00e9cembre 2025. Elle laisse derri\u00e8re elle un fils unique, rest\u00e9 dans son ombre. En janvier\u00a01960, au fa\u00eete de sa gloire, <a href=\"https:\/\/actu.fr\/ile-de-france\/paris_75056\/mort-de-brigitte-bardot-qui-est-nicolas-jacques-charrier-son-fils-unique-qu-elle-associait-a-son-malheur_63628040.html\" target=\"_blank\" rel=\"noopener\">\u00ab\u2009B.B.\u2009\u00bb accouche d\u2019un gar\u00e7on, Nicolas, son seul enfant<\/a>, n\u00e9 de son histoire d\u2019amour avec <a href=\"https:\/\/actu.fr\/loisirs-culture\/l-acteur-jacques-charrier-ancien-mari-de-brigitte-bardot-est-mort-a-88-ans_63116495.html\" target=\"_blank\" rel=\"noopener\">l\u2019acteur Jacques Charrier (d\u00e9c\u00e9d\u00e9 en septembre\u00a02025)<\/a>. Se disant d\u00e9nu\u00e9e d\u2019instinct maternel, l\u2019actrice laisse son mari \u00e9lever leur fils, loin des projecteurs.<br \/>Plus tard, elle dira qu\u2019elle v\u00e9cut cette grossesse comme \u00ab\u2009une tumeur\u2009\u00bb, puis cet enfant comme \u00ab\u2009l\u2019objet de [son] malheur\u2009\u00bb. Dans ses m\u00e9moires, Brigitte Bardot d\u00e9clarera\u2009: \u00ab\u2009J\u2019aurais pr\u00e9f\u00e9r\u00e9 accoucher d\u2019un petit chien.\u2009\u00bb L\u2019homme et son p\u00e8re la poursuivront pour violation de la vie priv\u00e9e, diffamation et injure, atteinte \u00e0 l\u2019intimit\u00e9 intra-ut\u00e9rine. Elle sera condamn\u00e9e.<br \/>Tout comme avec son fils, la relation de Brigitte Bardot avec ses petites-filles fut distante. Elle confiera que ses rapports p\u00e9nibles de l\u2019enfance s\u2019\u00e9taient apais\u00e9s avec son fils, qui vivait en Norv\u00e8ge et lui rendait visite une fois par an.<br \/>Mais alors, qui va h\u00e9riter du patrimoine de l\u2019actrice fran\u00e7aise\u2009?<\/p>\n<p>La r\u00e9serve h\u00e9r\u00e9ditaire<\/p>\n<p class=\" wall-content\">En France, on ne peut pas faire ce qu\u2019on veut dans le domaine de l\u2019h\u00e9ritage, ni exclure ses descendants de sa succession. \u00ab\u2009En effet, une fraction du patrimoine du d\u00e9funt revient obligatoirement \u00e0 des descendants\u2009\u00bb, <a href=\"https:\/\/www.service-public.gouv.fr\/particuliers\/vosdroits\/F606\" target=\"_blank\" rel=\"noopener\">indique service-public.fr<\/a>. On appelle aussi cette disposition la r\u00e9serve h\u00e9r\u00e9ditaire, qui\u00a0a \u00e9t\u00e9 d\u00e9finie par la loi du 23\u00a0juin 2006, au sein de l\u2019article\u00a0912 du Code civil.<\/p>\n<p class=\" wall-content\">\u00ab\u2009Non, si vous r\u00e9sidez en France, vous ne pouvez pas d\u00e9sh\u00e9riter vos enfants\u2009\u00bb, au contraire des lois de certains pays \u00e9trangers qui admettent cette possibilit\u00e9, ajoute le site, qui pr\u00e9cise que \u00ab\u2009la r\u00e9serve h\u00e9r\u00e9ditaire ne repr\u00e9sente jamais la totalit\u00e9 de votre h\u00e9ritage\u2009\u00bb.<\/p>\n<blockquote class=\"ac-article-quote wall-content\">\n<p>Vous pouvez donner une part de vos biens par donation ou testament \u00e0 la personne de votre choix (vos petits-enfants, votre conjoint survivant, un voisin, une association, etc.). Cette part est appel\u00e9e la quotit\u00e9 disponible. La quotit\u00e9 disponible d\u00e9pend du nombre d&rsquo;h\u00e9ritiers r\u00e9servataires.<\/p>\n<p>    <strong>service-public.fr<\/strong>\n            <\/p><\/blockquote>\n<p>Comment est divis\u00e9 un h\u00e9ritage\u2009?<\/p>\n<p class=\" wall-content\">Comme <a href=\"https:\/\/actu.fr\/societe\/succession-peut-on-desheriter-ses-enfants_53580114.html\" target=\"_blank\" rel=\"noopener\">actu.fr l\u2019expliquait dans un pr\u00e9c\u00e9dent article<\/a>, si le d\u00e9funt n\u2019a pas fait de testament, c\u2019est l\u2019ordre de priorit\u00e9 des h\u00e9ritiers qui d\u00e9termine les parts d\u2019h\u00e9ritage. Si le d\u00e9funt n\u2019avait pas de conjoint, h\u00e9ritent d\u2019abord ses enfants et leurs descendants, puis les p\u00e8re et m\u00e8re, les fr\u00e8res et s\u0153urs et descendants de ces derniers, ensuite les ascendants autres que les p\u00e8re et m\u00e8re (grands-parents) et enfin les collat\u00e9raux jusqu\u2019au sixi\u00e8me degr\u00e9, autres que les fr\u00e8res et s\u0153urs et les descendants de ces derniers (neveux, cousins).<\/p>\n<p class=\" wall-content\">Au contraire, si un testament a \u00e9t\u00e9 r\u00e9dig\u00e9, une partie du patrimoine du d\u00e9funt est r\u00e9serv\u00e9e \u00e0 certains h\u00e9ritiers et la part restante peut \u00eatre attribu\u00e9e aux personnes de son choix.<\/p>\n<p>Votre r\u00e9gion, votre actu !<\/p>\n<p>Recevez chaque jour les infos qui comptent pour vous.<\/p>\n<p>\t<a href=\"https:\/\/actu.fr\/newsletter\" class=\"ac-btn ac-btn--corner ac-btn--medium ac-btn--blue800\" target=\"_blank\" rel=\"noopener\">S&rsquo;incrire<\/a><\/p>\n<p class=\" wall-content\">Quelles sont les proportions du partage\u2009? Voici ce qu\u2019indique la loi fran\u00e7aise pour la part r\u00e9servataire\u2009: pour 1 enfant, la moiti\u00e9 des biens lui revient forc\u00e9ment\u2009; pour 2\u00a0enfants, ce sera les deux-tiers du patrimoine\u2009; pour 3\u00a0enfants ou plus, les trois-quarts de ce qui est poss\u00e9d\u00e9 leur seront r\u00e9serv\u00e9s.<\/p>\n<p class=\" wall-content\">Logiquement, le fils unique de Brigitte Bardot devrait donc toucher une partie de l\u2019h\u00e9ritage de l\u2019actrice (s\u2019il y en a un). Reste \u00e0 savoir dans quelle proportion. Sachant que la c\u00e9l\u00e8bre propri\u00e9t\u00e9 de l\u2019actrice, <a href=\"https:\/\/actu.fr\/loisirs-culture\/pourquoi-brigitte-bardot-ne-sera-finalement-pas-enterree-chez-elle-a-la-madrague-comme-elle-l-avait-souhaite_63630782.html\" target=\"_blank\" rel=\"noopener\">La Madrague \u00e0 Saint-Tropez<\/a>, a \u00e9t\u00e9 int\u00e9gr\u00e9e au capital de la Fondation Brigitte Bardot.<\/p>\n<p>Une exception : le comportement indigne<\/p>\n<p>Il existe un cas de figure qui autorise d\u2019\u00e9carter un enfant de sa succession : il s\u2019agit de l\u2019indignit\u00e9. Le comportement indigne r\u00e9pond \u00e0 des exigences particuli\u00e8res. On ne peut pas d\u00e9sh\u00e9riter un enfant pour un simple d\u00e9saccord ou parce qu\u2019on n\u2019est plus en contact avec lui depuis longtemps.<\/p>\n<p>Le Code civil encadre strictement les conditions dans lesquelles un h\u00e9ritier serait automatiquement consid\u00e9r\u00e9 comme indigne \u00e0 la suite d\u2019une condamnation.<br \/>Par exemple s&rsquo;il a \u00e9t\u00e9 \u00ab condamn\u00e9 comme auteur ou complice, \u00e0 une peine criminelle pour avoir volontairement donn\u00e9 ou tent\u00e9 de donner la mort au d\u00e9funt \u00bb ou \u00ab pour avoir volontairement port\u00e9 des coups ou commis des violences ou voies de fait ayant entrain\u00e9 la mort du d\u00e9funt sans intention de la donner \u00bb (art. 726 du Code Civil). Depuis 2001, les descendants de l\u2019indigne peuvent h\u00e9riter \u00e0 sa place.<\/p>\n<p>Apr\u00e8s Brigitte Bardot, sa Fondation survivra<\/p>\n<p class=\" wall-content\">La Fondation Brigitte Bardot, qui f\u00eatera ses quarante ans l\u2019an prochain, \u00ab\u2009continuera, plus que jamais, \u00e0 porter l\u2019\u0153uvre de Brigitte Bardot\u2009\u00bb, a assur\u00e9 dimanche l\u2019organisation <a href=\"https:\/\/www.fondationbrigittebardot.fr\/deces-de-notre-fondatrice-et-presidente-madame-brigitte-bardot\/\" target=\"_blank\" rel=\"noopener\">dans le communiqu\u00e9<\/a> annon\u00e7ant le d\u00e9c\u00e8s de sa fondatrice \u00e0 91\u00a0ans. Son h\u00e9ritage, souligne\u2011t\u2011elle, \u00ab\u2009demeure vivant dans les actions men\u00e9es avec la m\u00eame passion et la m\u00eame fid\u00e9lit\u00e9 \u00e0 ses id\u00e9aux.\u2009\u00bb<\/p>\n<p class=\" wall-content\">Cr\u00e9\u00e9e par l\u2019actrice mythique en 1986 \u00e0 Saint-Tropez (Var), cette association d\u00e9di\u00e9e \u00e0 la protection des animaux sauvages et domestiques en France et dans le monde est devenue l\u2019une des structures les plus importantes de la cause animale en France. \u00ab\u2009J\u2019ai donn\u00e9 ma jeunesse et ma beaut\u00e9 aux hommes. Maintenant je donne ma sagesse et mon exp\u00e9rience et le meilleur de moi-m\u00eame aux animaux\u2009\u00bb, disait la star de son combat.<\/p>\n<p class=\" wall-content\">Apr\u00e8s des d\u00e9buts modestes \u00ab\u2009dans une petite chambre d\u2019amis de La Madrague\u2009\u00bb, c\u00e9l\u00e8bre villa trop\u00e9zienne de l\u2019actrice, l\u2019organisation s\u2019\u00e9tait install\u00e9e en 1988 \u00e0 Paris, dans un immeuble de trois \u00e9tages du 16\u1d49 arrondissement dont elle est aujourd\u2019hui propri\u00e9taire. La Madrague elle\u2011m\u00eame a \u00e9t\u00e9 int\u00e9gr\u00e9e au capital de la fondation en 1992.<\/p>\n<p class=\" wall-content\">Depuis sa cr\u00e9ation, la fondation d\u00e9nombre plus de \u00ab\u200912\u2009000 animaux recueillis dans l\u2019\u201cArche de BB\u201d\u2009\u00bb. Pilot\u00e9e par un conseil d\u2019administration sous tutelle minist\u00e9rielle et soutenue par des b\u00e9n\u00e9voles, la structure est reconnue d\u2019utilit\u00e9 publique. Ce statut lui permet de recevoir des legs exon\u00e9r\u00e9s de droits de succession, qui repr\u00e9sentent d\u00e9sormais 95\u2009% de ses ressources.<\/p>\n<p class=\" wall-content\">Le reste provient de dons de particuliers. Au total, la fondation emploie environ 300\u00a0personnes r\u00e9parties au si\u00e8ge et sur plusieurs sites en France. \u00c0 ces infrastructures s\u2019ajoutent des actions \u00e0 l\u2019international, men\u00e9es dans 70 pays (Inde, Tha\u00eflande, Chine, Maroc, Turquie\u2026), du sauvetage d\u2019animaux domestiques aux programmes de protection d\u2019esp\u00e8ces menac\u00e9es. Chaque ann\u00e9e, le service juridique m\u00e8ne par ailleurs des centaines d\u2019enqu\u00eates pour lutter contre la maltraitance.<\/p>\n<p class=\" wall-content\">Personnalisez votre actualit\u00e9 en ajoutant vos villes et m\u00e9dias en favori avec <a href=\"https:\/\/moncompte.actu.fr\" title=\"D\u00e9couvez Mon Actu\" rel=\"nofollow noopener\" data-trk=\"{&quot;cta&quot;:{&quot;action&quot;:&quot;https:\\\/\\\/moncompte.actu.fr&quot;,&quot;category&quot;:&quot;mon compte&quot;,&quot;from&quot;:&quot;article footer&quot;,&quot;name&quot;:&quot;Mon actu&quot;,&quot;type&quot;:&quot;cta&quot;}}\" target=\"_blank\">Mon Actu<\/a>.<\/p>\n","protected":false},"excerpt":{"rendered":"Par R\u00e9daction Actu Publi\u00e9 le 29 d\u00e9c. 2025 \u00e0 22h16 Brigitte Bardot s\u2019en est all\u00e9e \u00e0 l\u2019aube, ce&hellip;\n","protected":false},"author":2,"featured_media":629096,"comment_status":"","ping_status":"","sticky":false,"template":"","format":"standard","meta":{"footnotes":""},"categories":[2],"tags":[11,650,1011,27,1652,12,973,25],"class_list":{"0":"post-629095","1":"post","2":"type-post","3":"status-publish","4":"format-standard","5":"has-post-thumbnail","7":"category-actualites","8":"tag-actualites","9":"tag-cinema","10":"tag-fr","11":"tag-france","12":"tag-loisirs-culture","13":"tag-news","14":"tag-people","15":"tag-republique-francaise"},"share_on_mastodon":{"url":"https:\/\/pubeurope.com\/@fr\/115806598847145827","error":""},"_links":{"self":[{"href":"https:\/\/www.europesays.com\/fr\/wp-json\/wp\/v2\/posts\/629095","targetHints":{"allow":["GET"]}}],"collection":[{"href":"https:\/\/www.europesays.com\/fr\/wp-json\/wp\/v2\/posts"}],"about":[{"href":"https:\/\/www.europesays.com\/fr\/wp-json\/wp\/v2\/types\/post"}],"author":[{"embeddable":true,"href":"https:\/\/www.europesays.com\/fr\/wp-json\/wp\/v2\/users\/2"}],"replies":[{"embeddable":true,"href":"https:\/\/www.europesays.com\/fr\/wp-json\/wp\/v2\/comments?post=629095"}],"version-history":[{"count":0,"href":"https:\/\/www.europesays.com\/fr\/wp-json\/wp\/v2\/posts\/629095\/revisions"}],"wp:featuredmedia":[{"embeddable":true,"href":"https:\/\/www.europesays.com\/fr\/wp-json\/wp\/v2\/media\/629096"}],"wp:attachment":[{"href":"https:\/\/www.europesays.com\/fr\/wp-json\/wp\/v2\/media?parent=629095"}],"wp:term":[{"taxonomy":"category","embeddable":true,"href":"https:\/\/www.europesays.com\/fr\/wp-json\/wp\/v2\/categories?post=629095"},{"taxonomy":"post_tag","embeddable":true,"href":"https:\/\/www.europesays.com\/fr\/wp-json\/wp\/v2\/tags?post=629095"}],"curies":[{"name":"wp","href":"https:\/\/api.w.org\/{rel}","templated":true}]}}