{"id":629104,"date":"2025-12-30T04:29:14","date_gmt":"2025-12-30T04:29:14","guid":{"rendered":"https:\/\/www.europesays.com\/fr\/629104\/"},"modified":"2025-12-30T04:29:14","modified_gmt":"2025-12-30T04:29:14","slug":"brand-en-patronne","status":"publish","type":"post","link":"https:\/\/www.europesays.com\/fr\/629104\/","title":{"rendered":"Brand en patronne"},"content":{"rendered":"<p><strong>Luncida Brand s&rsquo;est impos\u00e9e ce<br \/>\nlundi 29 d\u00e9cembre \u00e0 Loenhout (Belgique) devant Kristyna Zemanova<br \/>\n(2e) et Manon Bakker (3e).<\/strong><\/p>\n<p>Nouvelle victoire pour Lucinda Brand. La N\u00e9erlandaise s\u2019est<br \/>\nimpos\u00e9e sur le parcours de Loenhout (Belgique) ce lundi et inscrit<br \/>\nune 12e victoire cons\u00e9cutive \u00e0 son tableau de chasse, la 16e cette<br \/>\nsaison. La patronne du cyclo-cross est bien N\u00e9erlandaise. Elle a<br \/>\ntermin\u00e9 avec cinq secondes d\u2019avance sur Zemanova et 12 sur Bakker.<br \/>\n\u00ab C\u2019\u00e9tait difficile de faire la diff\u00e9rence ici. Je voulais attendre<br \/>\nun peu de toute fa\u00e7on, et la piste \u00e9tait glissante. J\u2019ai opt\u00e9 pour<br \/>\ndes pneus \u00e0 profil plus agressif afin de pouvoir lib\u00e9rer plus de<br \/>\npuissance, et je savais que je ne pouvais pas me permettre<br \/>\nd\u2019attendre un sprint. Zemanova a fini par craquer \u00bb, a comment\u00e9 la<br \/>\nlaur\u00e9ate de l\u2019\u00e9preuve du jour.<\/p>\n<p>Zemanova a craqu\u00e9<\/p>\n<p>Malgr\u00e9 un d\u00e9part manqu\u00e9, plus lent qu\u2019\u00e0 son habitude, Brand a<br \/>\nrapidement pris la t\u00eate de la course. Dans un groupe compos\u00e9 de<br \/>\nZemanova, Bakker et B\u00e4ckstedt, la N\u00e9erlandaise a tout doucement mis<br \/>\nla pression sur ses opposantes. Dans le dernier tour, elle a<br \/>\nacc\u00e9l\u00e9r\u00e9 pour distancer Zemanova, encore dans sa roue. La Tch\u00e8que<br \/>\n\u00e9tait d\u2019ailleurs tr\u00e8s satisfaite de sa course et heureuse d\u2019avoir<br \/>\nrivalis\u00e9 jusqu\u2019au dernier tour avec son idole. \u00ab Je suis sans voix,<br \/>\ncar Lucinda est mon idole. C\u2019est incroyable de pouvoir courir<br \/>\ncontre elle. Ma photo sur le podium sera mon nouveau fond d\u2019\u00e9cran<br \/>\n\u00bb, a d\u00e9clar\u00e9 Zemanova. Brand m\u00e8ne la danse au championnat X20<br \/>\nTrofee avec cinq victoires sur les cinq premi\u00e8re manches (huit au<br \/>\ntotal).<\/p>\n<p>C\u00f4t\u00e9 fran\u00e7ais, alors qu\u2019Amandine Fouquenet avait termin\u00e9 sur le<br \/>\npodium (3e) ce dimanche \u00e0 Termonde (Belgique), c\u2019est Marl\u00e8ne<br \/>\nPetitgirard qui a r\u00e9alis\u00e9 la meilleure performance tricolore.<br \/>\nMalgr\u00e9 tout, la Fran\u00e7aise prend la 21e place du classement \u00e0 2<br \/>\nminutes et 11 secondes de Brand.<\/p>\n<p><strong>CYCLO-CROSS (F) \u2013 LOENHOUT \u2013 Lundi 29<br \/>\nd\u00e9cembre<\/strong><br \/>1- Lucinda BRAND (NED) en 48\u201934\u00a0\u00bb<br \/>2- Kristyna ZEMANOVA (RTC) + 5\u2033<br \/>3- Manon BAKKER (NED) + 12\u2033<br \/>4- Zoe BACKSTEDT (GBR) + 22\u2033<br \/>5- Marion NORBERT RIBEROLLE (BEL) + 35\u2033<br \/>6- Annemarie WORST (NED) + 36\u2033<br \/>7- Larissa HARTOG (NED) + 37\u2033<br \/>8- Julie BROUWERS (BEL) + 37\u2033<br \/>9- Marie SCHREIBER (LUX) + 1\u201920\u00a0\u00bb<br \/>10- Rebecca GARIBOLDI (ITA) + 1\u201921\u00a0\u00bb<br \/>\u2026<\/p>\n","protected":false},"excerpt":{"rendered":"Luncida Brand s&rsquo;est impos\u00e9e ce lundi 29 d\u00e9cembre \u00e0 Loenhout (Belgique) devant Kristyna Zemanova (2e) et Manon Bakker&hellip;\n","protected":false},"author":2,"featured_media":629105,"comment_status":"","ping_status":"","sticky":false,"template":"","format":"standard","meta":{"footnotes":""},"categories":[1411],"tags":[1154,207,59294,1011,27,73855,57681,60],"class_list":{"0":"post-629104","1":"post","2":"type-post","3":"status-publish","4":"format-standard","5":"has-post-thumbnail","7":"category-cyclisme","8":"tag-cycling","9":"tag-cyclisme","10":"tag-cyclo-cross","11":"tag-fr","12":"tag-france","13":"tag-loenhout","14":"tag-sport365-fr","15":"tag-sports"},"share_on_mastodon":{"url":"https:\/\/pubeurope.com\/@fr\/115806638143340200","error":""},"_links":{"self":[{"href":"https:\/\/www.europesays.com\/fr\/wp-json\/wp\/v2\/posts\/629104","targetHints":{"allow":["GET"]}}],"collection":[{"href":"https:\/\/www.europesays.com\/fr\/wp-json\/wp\/v2\/posts"}],"about":[{"href":"https:\/\/www.europesays.com\/fr\/wp-json\/wp\/v2\/types\/post"}],"author":[{"embeddable":true,"href":"https:\/\/www.europesays.com\/fr\/wp-json\/wp\/v2\/users\/2"}],"replies":[{"embeddable":true,"href":"https:\/\/www.europesays.com\/fr\/wp-json\/wp\/v2\/comments?post=629104"}],"version-history":[{"count":0,"href":"https:\/\/www.europesays.com\/fr\/wp-json\/wp\/v2\/posts\/629104\/revisions"}],"wp:featuredmedia":[{"embeddable":true,"href":"https:\/\/www.europesays.com\/fr\/wp-json\/wp\/v2\/media\/629105"}],"wp:attachment":[{"href":"https:\/\/www.europesays.com\/fr\/wp-json\/wp\/v2\/media?parent=629104"}],"wp:term":[{"taxonomy":"category","embeddable":true,"href":"https:\/\/www.europesays.com\/fr\/wp-json\/wp\/v2\/categories?post=629104"},{"taxonomy":"post_tag","embeddable":true,"href":"https:\/\/www.europesays.com\/fr\/wp-json\/wp\/v2\/tags?post=629104"}],"curies":[{"name":"wp","href":"https:\/\/api.w.org\/{rel}","templated":true}]}}