{"id":629108,"date":"2025-12-30T04:31:11","date_gmt":"2025-12-30T04:31:11","guid":{"rendered":"https:\/\/www.europesays.com\/fr\/629108\/"},"modified":"2025-12-30T04:31:11","modified_gmt":"2025-12-30T04:31:11","slug":"quand-il-devient-hargneux-la-princesse-de-galles-sait-y-faire","status":"publish","type":"post","link":"https:\/\/www.europesays.com\/fr\/629108\/","title":{"rendered":"\u00ab\u00a0quand il devient hargneux\u00a0\u00bb, la princesse de Galles sait y faire"},"content":{"rendered":"<p>Par <a class=\"author_recette\" id=\"author_name\" href=\"https:\/\/www.nextplz.fr\/auteur\/noelle-binet\" target=\"_blank\" rel=\"noopener\">No\u00eblle<br \/>\nBinet<\/a> &#8211;<br \/>\nPubli\u00e9 le 29 D\u00e9c 2025 \u00e0<br \/>\n20:35 &#8211; Modifi\u00e9 le 29 D\u00e9c 2025 \u00e0 20:36<\/p>\n<p class=\"article-intro excerpt\">Mari\u00e9s depuis plusieurs ann\u00e9es, le<br \/>\nprince William et Kate Middleton semblent constamment \u00eatre sur la<br \/>\nm\u00eame longueur d\u2019onde. Toutefois, dans l\u2019intimit\u00e9, le futur roi<br \/>\nd\u2019Angleterre aurait parfois un tout autre visage\u2026<\/p>\n<p>Cette ann\u00e9e encore, Kate Middleton et le prince William ont<br \/>\nr\u00e9pondu pr\u00e9sents pour assister \u00e0 la traditionnelle messe de No\u00ebl<br \/>\norchestr\u00e9e \u00e0 Sandringham avec leurs trois enfants George, Charlotte<br \/>\net Louis, et une partie du clan Windsor \u00e9tait naturellement \u00e0 leurs<br \/>\nc\u00f4t\u00e9s.<\/p>\n<p>Rien ne va<br \/>\nplus entre les princes William et Harry<\/p>\n<p>Sans surprise, Meghan Markle et le prince Harry \u2014 avec qui ils<br \/>\nseraient en froid bien avant le Megxit \u2014 ont brill\u00e9 par leur<br \/>\nabsence. Si le <a href=\"https:\/\/www.nextplz.fr\/personnalite\/prince-harry\/\" target=\"_blank\" rel=\"noopener\">papa d\u2019Archie<br \/>\net Lilibet<\/a> a pu s\u2019entretenir avec son p\u00e8re, le roi Charles III,<br \/>\nen septembre, son fr\u00e8re a\u00een\u00e9 n\u2019aurait jamais dig\u00e9r\u00e9 les multiples<br \/>\nr\u00e9v\u00e9lations choc qu\u2019il a faites \u00e0 l\u2019\u00e9gard de la Couronne. \u00ab\u00a0Il<br \/>\nn\u2019a plus aucun contact direct avec Harry. Il s\u2019agit d\u2019une<br \/>\nrupture nette\u00a0\u00bb, avait d\u00a0\u00bbailleurs affirm\u00e9 un proche de<br \/>\nBuckingham Palace au Daily Beast, comme l&rsquo;a rapport\u00e9<br \/>\nGala. \u00c0 ce jour, grand nombre esp\u00e8rent pourtant une<br \/>\nr\u00e9conciliation entre les deux fr\u00e8res.<\/p>\n<p>\u00ab\u00a0C\u2019est quelqu\u2019un qui a deux<br \/>\npersonnalit\u00e9s\u00a0\u00bb<\/p>\n<p>Si en public, le futur roi d&rsquo;Angleterre se veut irr\u00e9prochable,<br \/>\nen priv\u00e9 le prince William aurait un tout autre visage. Et <a href=\"https:\/\/www.nextplz.fr\/personnalite\/prince-william\/\" target=\"_blank\" rel=\"noopener\">pour cause,<br \/>\nle prince William<\/a> n&rsquo;aurait pas toujours un caract\u00e8re facile.<br \/>\n\u00ab\u00a0C\u2019est quelqu\u2019un qui a deux personnalit\u00e9s. C\u2019est la personne<br \/>\nhyper sympa devant les gens. Mais une fois que la porte est ferm\u00e9e,<br \/>\napparemment\u2026 Il est capable de col\u00e8res<br \/>\nnoires\u00a0\u00bb<strong>,<\/strong> a ainsi expliqu\u00e9 Laura Buys<br \/>\njournaliste pour Voici, dans le documentaire Kate et<br \/>\nWilliam : anges ou d\u00e9mons\u2009? diffus\u00e9 sur C8, dont l&rsquo;extrait a<br \/>\n\u00e9t\u00e9 rep\u00e9r\u00e9 par Gala. De plus en f\u00e9vrier, d&rsquo;apr\u00e8s Le<br \/>\nTimes, l&rsquo;expert royal Tom Quinn en a aussi dit davantage \u00e0 son<br \/>\nsujet dans son ouvrage intitul\u00e9 Yes Ma\u2019am : The Secret Life of<br \/>\nRoyal Servants.<\/p>\n<p>Face aux crises de col\u00e8re de son royal mari, Kate Middleton sait y<br \/>\nfaire<\/p>\n<p>\u00c0 l&rsquo;en croire, un ex-membre du personnel de la Firme a d\u00e9clar\u00e9<br \/>\nque le prince William ne serait pas <a href=\"https:\/\/www.nextplz.fr\/famille-royale\/514172-dans-la-tourmente-de-la-succession-charles-iii-affaibli-et-sous-pression-a-cause-de-william\" target=\"_blank\" rel=\"noopener\"><br \/>\ntoujours tendre avec son illustre paternel<\/a>, qui lutte<br \/>\ncourageusement contre la maladie. Fort heureusement, son \u00e9pouse<br \/>\nKate Middleton serait l&rsquo;une des seules \u00e0 pouvoir apaiser les<br \/>\ntensions en interne : \u00ab\u00a0Je ne sais pas o\u00f9 serait William sans<br \/>\nKate (&#8230;). On ne lui a pas tout offert sur un plateau d&rsquo;argent,<br \/>\ntout au long de sa vie. Alors elle le calme quand il devient<br \/>\nhargneux. Elle a dit qu&rsquo;il devait parfois \u00eatre trait\u00e9 comme son<br \/>\nquatri\u00e8me enfant\u00a0\u00bb. Un fort temp\u00e9rament aussi d\u00e9crit dans les<br \/>\nm\u00e9moires du prince Harry baptis\u00e9es Le Suppl\u00e9ant.<\/p>\n<p>Une<br \/>\nviolente bagarre rapport\u00e9e par l&rsquo;\u00e9poux de Meghan Markle<\/p>\n<p>Apr\u00e8s s&rsquo;\u00eatre <a href=\"https:\/\/www.nextplz.fr\/famille-royale\/518847-le-prince-harry-trahi-meghan-flirtait-avec-william-vives-tensions-a-buckingham\" target=\"_blank\" rel=\"noopener\"><br \/>\ndisput\u00e9s au sujet de Meghan Markle<\/a>, les deux hommes en seraient<br \/>\nd&rsquo;ailleurs venus aux mains. \u00ab\u00a0C\u2019est arriv\u00e9 tr\u00e8s vite. Il m\u2019a<br \/>\nattrap\u00e9 par le col, a cass\u00e9 mon collier et m\u2019a jet\u00e9 \u00e0 terre. J\u2019ai<br \/>\natterri dans la gamelle du chien qui, en se brisant sous mon dos,<br \/>\nm\u2019a coup\u00e9. J\u2019ai \u00e9t\u00e9 \u00e9tourdi un moment&#8230; Puis je me suis<br \/>\nrelev\u00e9 et je lui ai dit de sortir\u00a0\u00bb, avait d&rsquo;ailleurs regrett\u00e9<br \/>\nle prince Harry. Pour le Daily Mail, l\u2019historien Robert<br \/>\nLacey avait notamment soulign\u00e9 que le prince William n&rsquo;aurait pas<br \/>\n\u00e9t\u00e9 un enfant de c\u0153ur durant sa jeunesse.<\/p>\n<p>\u00ab\u00a0C\u2019est un<br \/>\nsanguin, qui peut exploser \u00e0 tout moment&#8230;\u00a0\u00bb<\/p>\n<p>Selon lui, il aurait \u00e9t\u00e9 particuli\u00e8rement \u201cinsolent\u201d et<br \/>\n\u201cbruyant\u201d durant sa jeunesse. Adul\u00e9 par le peuple<br \/>\nbritannique, beaucoup ignorent qu&rsquo;il y a bien des ann\u00e9es, le prince<br \/>\nWilliam aurait \u00e9t\u00e9 \u201cimpliqu\u00e9 dans de nombreuses bagarres de<br \/>\ncour de r\u00e9cr\u00e9ation\u201d. Un avis aussi partag\u00e9 par le journaliste<br \/>\nRobert Jobson, \u00e9galement auteur de\u00a0William at 40\u00a0:<br \/>\nThe making of a modern monarch : \u00ab\u00a0C\u2019est un sanguin, qui<br \/>\npeut exploser \u00e0 tout moment, surtout quand il est contrari\u00e9 ou<br \/>\nquand sa famille est sous le feu des critiques\u00a0\u00bb.<br \/>\nAmbiance&#8230;<\/p>\n","protected":false},"excerpt":{"rendered":"Par No\u00eblle Binet &#8211; Publi\u00e9 le 29 D\u00e9c 2025 \u00e0 20:35 &#8211; Modifi\u00e9 le 29 D\u00e9c 2025 \u00e0&hellip;\n","protected":false},"author":2,"featured_media":629109,"comment_status":"","ping_status":"","sticky":false,"template":"","format":"standard","meta":{"footnotes":""},"categories":[1359],"tags":[58,59,1011,27,29017,973,65861],"class_list":{"0":"post-629108","1":"post","2":"type-post","3":"status-publish","4":"format-standard","5":"has-post-thumbnail","7":"category-people","8":"tag-divertissement","9":"tag-entertainment","10":"tag-fr","11":"tag-france","12":"tag-nonli_nextplz","13":"tag-people","14":"tag-trend"},"share_on_mastodon":{"url":"https:\/\/pubeurope.com\/@fr\/115806646017490217","error":""},"_links":{"self":[{"href":"https:\/\/www.europesays.com\/fr\/wp-json\/wp\/v2\/posts\/629108","targetHints":{"allow":["GET"]}}],"collection":[{"href":"https:\/\/www.europesays.com\/fr\/wp-json\/wp\/v2\/posts"}],"about":[{"href":"https:\/\/www.europesays.com\/fr\/wp-json\/wp\/v2\/types\/post"}],"author":[{"embeddable":true,"href":"https:\/\/www.europesays.com\/fr\/wp-json\/wp\/v2\/users\/2"}],"replies":[{"embeddable":true,"href":"https:\/\/www.europesays.com\/fr\/wp-json\/wp\/v2\/comments?post=629108"}],"version-history":[{"count":0,"href":"https:\/\/www.europesays.com\/fr\/wp-json\/wp\/v2\/posts\/629108\/revisions"}],"wp:featuredmedia":[{"embeddable":true,"href":"https:\/\/www.europesays.com\/fr\/wp-json\/wp\/v2\/media\/629109"}],"wp:attachment":[{"href":"https:\/\/www.europesays.com\/fr\/wp-json\/wp\/v2\/media?parent=629108"}],"wp:term":[{"taxonomy":"category","embeddable":true,"href":"https:\/\/www.europesays.com\/fr\/wp-json\/wp\/v2\/categories?post=629108"},{"taxonomy":"post_tag","embeddable":true,"href":"https:\/\/www.europesays.com\/fr\/wp-json\/wp\/v2\/tags?post=629108"}],"curies":[{"name":"wp","href":"https:\/\/api.w.org\/{rel}","templated":true}]}}