{"id":629112,"date":"2025-12-30T04:34:12","date_gmt":"2025-12-30T04:34:12","guid":{"rendered":"https:\/\/www.europesays.com\/fr\/629112\/"},"modified":"2025-12-30T04:34:12","modified_gmt":"2025-12-30T04:34:12","slug":"pandore-ca-change-deja-pour-olivier-minne-sur-m6","status":"publish","type":"post","link":"https:\/\/www.europesays.com\/fr\/629112\/","title":{"rendered":"Pandore\u00a0: \u00e7a change d\u00e9j\u00e0 pour Olivier Minne sur M6"},"content":{"rendered":"<p>\n\t\t\t\t\t\tPubli\u00e9 le 29\/12\/2025 \u00e0 20:03<\/p>\n<p>L\u2019aventure de <strong> Pandore <\/strong> se poursuit ce lundi 29 d\u00e9cembre 2025 sur M6. L\u2019\u00e9mission sera toutefois d\u00e9j\u00e0 au c\u0153ur d\u2019un changement sur la cha\u00eene. Explications.<\/p>\n<p>Le lundi 22 d\u00e9cembre 2025, les t\u00e9l\u00e9spectateurs ont d\u00e9couvert l\u2019\u00e9mission <a href=\"https:\/\/toutelatele.ouest-france.fr\/pandore-1553\" target=\"_blank\" rel=\"noopener\"><strong> Pandore <\/strong><\/a>, <a href=\"https:\/\/toutelatele.ouest-france.fr\/interview-olivier-minne-pandore-n-a-pas-conditionne-mon-arrivee-sur-m6-181924\" class=\"spip_in\" target=\"_blank\" rel=\"noopener\">pr\u00e9sent\u00e9e par <strong>Olivier Minne<\/strong><\/a>, sur M6. Ce jeu s\u2019inspire de la mythologie grecque. Douze candidats et candidates d\u2019exception, s\u00e9lectionn\u00e9s pour leur puissance, leur endurance mentale et leur savoir, s\u2019engagent dans une aventure hors du commun.<\/p>\n<p>Plong\u00e9s au c\u0153ur de l\u2019univers de la mythologique grec, ils doivent relever <a href=\"https:\/\/toutelatele.ouest-france.fr\/pandore-les-secrets-des-epreuves-ce-qui-a-surpris-la-production-lors-du-tournage-181988\" class=\"spip_in\" target=\"_blank\" rel=\"noopener\">une s\u00e9rie d\u2019\u00e9preuves<\/a> redoutables inspir\u00e9es des plus grandes l\u00e9gendes grecques. \u00c0 chaque d\u00e9fi, leur corps, leur esprit et leur intelligence seront pouss\u00e9s \u00e0 leurs limites dans l\u2019espoir de conqu\u00e9rir une offrande prestigieuse d\u2019une valeur de 100 000 euros.<\/p>\n<p>Pandore\u00a0: cette nouvelle \u00e9preuve que vont devoir affronter les candidats<\/p>\n<p>Dans ce deuxi\u00e8me num\u00e9ro, diffus\u00e9 ce lundi 29 d\u00e9cembre 2025, les t\u00e9l\u00e9spectateurs vont notamment d\u00e9couvrir une nouvelle \u00e9preuve, celle de \u201cLa M\u00e9duse\u201d. Lors de la conf\u00e9rence de presse, <strong>Mathieu Chalvignac<\/strong>, le producteur de <strong> Pandore <\/strong>, avait d\u00e9clar\u00e9 au sujet de cette \u00e9preuve\u00a0: \u201cLe but sera d\u2019\u00e9viter le regard de M\u00e9duse et d\u2019avancer jusqu\u2019\u00e0 elle pour lui trancher la t\u00eate\u201d.<\/p>\n<p>Pour rappel, un premier candidat a \u00e9t\u00e9 \u00e9limin\u00e9 lors de la premi\u00e8re soir\u00e9e de <strong> Pandore <\/strong>. En effet, <strong>Brigitte<\/strong> a \u00e9t\u00e9 la premi\u00e8re \u00e0 quitter l\u2019aventure. Qui sera alors le prochain candidat \u00e0 subir la loi du jeu lors de cette deuxi\u00e8me soir\u00e9e sur M6\u00a0?<\/p>\n<p>Ce changement de programmation qui va toucher Pandore sur M6<\/p>\n<p>\u00c0 noter qu\u2019un grand changement touche d\u00e9j\u00e0 le programme sur M6. Le jeu va changer de jour de diffusion sur la cha\u00eene priv\u00e9e. Diffus\u00e9 pour l\u2019instant le lundi pour les deux premi\u00e8res \u00e9missions, le troisi\u00e8me rendez-vous sera, quant \u00e0 lui, propos\u00e9 le mardi 6 janvier 2026. Il affrontera alors le nouveau jeu d\u2019aventure de France 2, L\u2019anneau.<\/p>\n<p>Le divertissement incarn\u00e9 par Olivier Minne laissera sa place \u00e0 <strong>Philippe Etchebest<\/strong> avec <strong> Cauchemar en cuisine <\/strong> le lundi 5 janvier 2026. <strong> Pandore <\/strong> retrouvera cependant sa case du lundi d\u00e8s le 12 janvier 2026 sur M6.<\/p>\n<p><strong> Pandore <\/strong> est \u00e0 retrouver ce lundi 29 d\u00e9cembre 2025, \u00e0 21h10, sur M6.<\/p>\n","protected":false},"excerpt":{"rendered":"Publi\u00e9 le 29\/12\/2025 \u00e0 20:03 L\u2019aventure de Pandore se poursuit ce lundi 29 d\u00e9cembre 2025 sur M6. L\u2019\u00e9mission&hellip;\n","protected":false},"author":2,"featured_media":629113,"comment_status":"","ping_status":"","sticky":false,"template":"","format":"standard","meta":{"footnotes":""},"categories":[1356],"tags":[58,59,1011,27,252,1364],"class_list":{"0":"post-629112","1":"post","2":"type-post","3":"status-publish","4":"format-standard","5":"has-post-thumbnail","7":"category-television","8":"tag-divertissement","9":"tag-entertainment","10":"tag-fr","11":"tag-france","12":"tag-television","13":"tag-tv"},"share_on_mastodon":{"url":"https:\/\/pubeurope.com\/@fr\/115806657937023552","error":""},"_links":{"self":[{"href":"https:\/\/www.europesays.com\/fr\/wp-json\/wp\/v2\/posts\/629112","targetHints":{"allow":["GET"]}}],"collection":[{"href":"https:\/\/www.europesays.com\/fr\/wp-json\/wp\/v2\/posts"}],"about":[{"href":"https:\/\/www.europesays.com\/fr\/wp-json\/wp\/v2\/types\/post"}],"author":[{"embeddable":true,"href":"https:\/\/www.europesays.com\/fr\/wp-json\/wp\/v2\/users\/2"}],"replies":[{"embeddable":true,"href":"https:\/\/www.europesays.com\/fr\/wp-json\/wp\/v2\/comments?post=629112"}],"version-history":[{"count":0,"href":"https:\/\/www.europesays.com\/fr\/wp-json\/wp\/v2\/posts\/629112\/revisions"}],"wp:featuredmedia":[{"embeddable":true,"href":"https:\/\/www.europesays.com\/fr\/wp-json\/wp\/v2\/media\/629113"}],"wp:attachment":[{"href":"https:\/\/www.europesays.com\/fr\/wp-json\/wp\/v2\/media?parent=629112"}],"wp:term":[{"taxonomy":"category","embeddable":true,"href":"https:\/\/www.europesays.com\/fr\/wp-json\/wp\/v2\/categories?post=629112"},{"taxonomy":"post_tag","embeddable":true,"href":"https:\/\/www.europesays.com\/fr\/wp-json\/wp\/v2\/tags?post=629112"}],"curies":[{"name":"wp","href":"https:\/\/api.w.org\/{rel}","templated":true}]}}