{"id":629118,"date":"2025-12-30T04:37:17","date_gmt":"2025-12-30T04:37:17","guid":{"rendered":"https:\/\/www.europesays.com\/fr\/629118\/"},"modified":"2025-12-30T04:37:17","modified_gmt":"2025-12-30T04:37:17","slug":"schizophrenie-troubles-bipolaires-vers-de-nouveaux-traitements-des-maladies-mentales-apres-la-decouverte-de-genes-communs-lhumanite","status":"publish","type":"post","link":"https:\/\/www.europesays.com\/fr\/629118\/","title":{"rendered":"Schizophr\u00e9nie, troubles bipolaires&#8230; Vers de nouveaux traitements des maladies mentales apr\u00e8s la d\u00e9couverte de g\u00e8nes communs &#8211; L&#039;Humanit\u00e9"},"content":{"rendered":"<ol>\n<li><a href=\"https:\/\/news.google.com\/rss\/articles\/CBMi-AFBVV95cUxOdWVqRlBlV2ZULTRBeG82ZXJsR0FWNm5vT05iWElKUVFHNzFsN3hOX3dLaDAtLVRGZW1MQVlCTlJtN29HazZzQ25XV1hrSXdhbDJiWDU3MjR2UWo0cTRhMVdYT1VCSW1wU3FnUVpFWV8yV1JUUnpqcFFnVVd0dExVLWkyZXB2R2VDSE9DYmE4V0tNa3ZLd1dsdS1kbmdLOXFIdHF0UE5NSF82ck5UV3c2Z0h0TkdJMmNpcTJQNEZPWUZzSmNWZm5BbjVTWmlqYXROUVRpcGtpejByY2gtWHRsRU10UnlocElPS2toenRDSGo4NHl0ZmdwUQ?oc=5\" target=\"_blank\" rel=\"noopener\">Schizophr\u00e9nie, troubles bipolaires&#8230; Vers de nouveaux traitements des maladies mentales apr\u00e8s la d\u00e9couverte de g\u00e8nes communs<\/a>&nbsp;&nbsp;L&rsquo;Humanit\u00e9<\/li>\n<li><a href=\"https:\/\/news.google.com\/rss\/articles\/CBMinAJBVV95cUxPeXRwSzNWZVVMSDVyYmQzYTZzMG44WGVDNzFiZ096VXp2R01PdG5FOC1yS0RkTHlQenFtb0ZaR0xad2gzWDA1SlJXaEFuNzRRQTZTNExFMXptVDJFRVFaM05qYXlEUHBnOTFtLVVEcHNRMkZneFVqQkQ5bTRiR0d5RW02R1U0eHF5MlpIUXlRX1RERWswRWhLVmhZX0psWnF2VEZFNVp2ZWQyTUNHSm50T1RJb2NXLVNQTllDMUdJTGdyWkctX1JDeGplVmRWdV92bDFicGZoaWFoQVU2RmtRN081bElfUHNRaDV4ak9aaFEtTkFjUDNKajNrZ1pkMWVJaUJEVll2bVU5U1FwOWxfSWxiZ1FsMS1iTXhmWA?oc=5\" target=\"_blank\" rel=\"noopener\">Sant\u00e9 mentale : ce lien g\u00e9n\u00e9tique cach\u00e9 entre schizophr\u00e9nie, bipolarit\u00e9 et anorexie bouscule les diagnostics<\/a>&nbsp;&nbsp;Doctissimo<\/li>\n<li><a href=\"https:\/\/news.google.com\/rss\/articles\/CBMi8AFBVV95cUxQQlkzdnZxRTk1UmdnWmRJOXhFeWdCX2FrM2NWWTIybTdVMGVGcDZ1V3ktNHo5U3Qxcmt4TDlYRjZYMmI3UUhkekNJV1FQZTZYYmF4ZEczNkhZbi02QTJtR0YyNTh0NlVGRzNvRTVFR0QzVWJsYUpUaHd1dE5qVDdaMjZydGZ1R19yazhGenVSNnNZVHVXTkdDYnJCbjMwSUpzQzNCWUdINldqNTkwX3BNUUNBZG9rZE1qVk9HTFJFallvM2lFSE84YkpKNll4MTZ4Z3ZuZTlBTThKTTRiR09oTG5tVV9qZlVFT1VTUGV1VV8?oc=5\" target=\"_blank\" rel=\"noopener\">La schizophr\u00e9nie, la d\u00e9pression et l&rsquo;anorexie auraient des g\u00e8nes en commun, selon une nouvelle \u00e9tude majeure<\/a>&nbsp;&nbsp;Psychologies.com<\/li>\n<li><a href=\"https:\/\/news.google.com\/rss\/articles\/CBMihwJBVV95cUxOSlotQUNleTFCdFpmSnFXdDkySHJ1VHNFdnNFZjJOOWl0VGdWVzk5SFJWS1lId0l1LTZwUzRhbEpNSlRDQWg4VTdMZEdiYVZUUzRlR0FDVWUxWmxIcTBhd1VvcUoyOEdnSS1pNXVrc1dBalJLV3pYcmtocVNiRVpyU3gtTlB1X2RTenVyR19iZmVkazBJZkJ0U3N0Q1IyUmZKLXBtV1FtQU1YbjJfLVhQajltX1FocGV5NlBJenM2X2xMVDZoMkZDODZCenRmVjgyaGgtQ1BLUHZ3UHhvUDdCNXB6TEZZWDU0TDJkajAtM05XSkVTMm1nbFNmRHQtNmNVOXBGWF9rRQ?oc=5\" target=\"_blank\" rel=\"noopener\">Schizophr\u00e9nie, bipolarit\u00e9, anorexie : Et si tous les troubles mentaux avaient une racine g\u00e9n\u00e9tique commune ?<\/a>&nbsp;&nbsp;MSN<\/li>\n<\/ol>\n","protected":false},"excerpt":{"rendered":"Schizophr\u00e9nie, troubles bipolaires&#8230; Vers de nouveaux traitements des maladies mentales apr\u00e8s la d\u00e9couverte de g\u00e8nes communs&nbsp;&nbsp;L&rsquo;Humanit\u00e9 Sant\u00e9 mentale&hellip;\n","protected":false},"author":2,"featured_media":395849,"comment_status":"","ping_status":"","sticky":false,"template":"","format":"standard","meta":{"footnotes":""},"categories":[10],"tags":[1011,27,72,71],"class_list":{"0":"post-629118","1":"post","2":"type-post","3":"status-publish","4":"format-standard","5":"has-post-thumbnail","7":"category-sante","8":"tag-fr","9":"tag-france","10":"tag-health","11":"tag-sante"},"share_on_mastodon":{"url":"https:\/\/pubeurope.com\/@fr\/115806669646260314","error":""},"_links":{"self":[{"href":"https:\/\/www.europesays.com\/fr\/wp-json\/wp\/v2\/posts\/629118","targetHints":{"allow":["GET"]}}],"collection":[{"href":"https:\/\/www.europesays.com\/fr\/wp-json\/wp\/v2\/posts"}],"about":[{"href":"https:\/\/www.europesays.com\/fr\/wp-json\/wp\/v2\/types\/post"}],"author":[{"embeddable":true,"href":"https:\/\/www.europesays.com\/fr\/wp-json\/wp\/v2\/users\/2"}],"replies":[{"embeddable":true,"href":"https:\/\/www.europesays.com\/fr\/wp-json\/wp\/v2\/comments?post=629118"}],"version-history":[{"count":0,"href":"https:\/\/www.europesays.com\/fr\/wp-json\/wp\/v2\/posts\/629118\/revisions"}],"wp:featuredmedia":[{"embeddable":true,"href":"https:\/\/www.europesays.com\/fr\/wp-json\/wp\/v2\/media\/395849"}],"wp:attachment":[{"href":"https:\/\/www.europesays.com\/fr\/wp-json\/wp\/v2\/media?parent=629118"}],"wp:term":[{"taxonomy":"category","embeddable":true,"href":"https:\/\/www.europesays.com\/fr\/wp-json\/wp\/v2\/categories?post=629118"},{"taxonomy":"post_tag","embeddable":true,"href":"https:\/\/www.europesays.com\/fr\/wp-json\/wp\/v2\/tags?post=629118"}],"curies":[{"name":"wp","href":"https:\/\/api.w.org\/{rel}","templated":true}]}}