{"id":629123,"date":"2025-12-30T04:40:16","date_gmt":"2025-12-30T04:40:16","guid":{"rendered":"https:\/\/www.europesays.com\/fr\/629123\/"},"modified":"2025-12-30T04:40:16","modified_gmt":"2025-12-30T04:40:16","slug":"5-defauts-majeurs-que-google-doit-corriger-en-2026-pour-parfaire-votre-experience","status":"publish","type":"post","link":"https:\/\/www.europesays.com\/fr\/629123\/","title":{"rendered":"5 d\u00e9fauts majeurs que Google doit corriger en 2026 pour parfaire votre exp\u00e9rience"},"content":{"rendered":"<p class=\"sc-9e1vpx-0 jVoltE\">Si Google a su marquer les esprits en 2025 avec la sortie des Pixel 10, le Pixel 10a, encore en pr\u00e9paration, devrait probablement d\u00e9cevoir les utilisateurs : <a href=\"https:\/\/www.clubic.com\/actualite-591130-la-fiche-technique-du-pixel-10a-fuit-preparez-vous-a-etre-decu.html\" class=\"un-styled-linked sc-1kr9532-0 iifgJY\" target=\"_blank\" rel=\"noopener\">aucune \u00e9volution majeure<\/a> n&rsquo;est, a priori, pr\u00e9vue, une strat\u00e9gie plut\u00f4t dangereuse quand on sait \u00e0 quel point le secteur est concurrentiel. Pour 2026, on esp\u00e8re donc plus de prise de risque c\u00f4t\u00e9 milieu de gamme et, pourquoi pas, plus d&rsquo;audace concernant les formats. <\/p>\n","protected":false},"excerpt":{"rendered":"Si Google a su marquer les esprits en 2025 avec la sortie des Pixel 10, le Pixel 10a,&hellip;\n","protected":false},"author":2,"featured_media":629124,"comment_status":"","ping_status":"","sticky":false,"template":"","format":"standard","meta":{"footnotes":""},"categories":[7],"tags":[1011,27,43,40,41,39,42,44],"class_list":{"0":"post-629123","1":"post","2":"type-post","3":"status-publish","4":"format-standard","5":"has-post-thumbnail","7":"category-sciences-et-technologies","8":"tag-fr","9":"tag-france","10":"tag-science","11":"tag-science-and-technology","12":"tag-sciences","13":"tag-sciences-et-technologies","14":"tag-technologies","15":"tag-technology"},"share_on_mastodon":{"url":"","error":""},"_links":{"self":[{"href":"https:\/\/www.europesays.com\/fr\/wp-json\/wp\/v2\/posts\/629123","targetHints":{"allow":["GET"]}}],"collection":[{"href":"https:\/\/www.europesays.com\/fr\/wp-json\/wp\/v2\/posts"}],"about":[{"href":"https:\/\/www.europesays.com\/fr\/wp-json\/wp\/v2\/types\/post"}],"author":[{"embeddable":true,"href":"https:\/\/www.europesays.com\/fr\/wp-json\/wp\/v2\/users\/2"}],"replies":[{"embeddable":true,"href":"https:\/\/www.europesays.com\/fr\/wp-json\/wp\/v2\/comments?post=629123"}],"version-history":[{"count":0,"href":"https:\/\/www.europesays.com\/fr\/wp-json\/wp\/v2\/posts\/629123\/revisions"}],"wp:featuredmedia":[{"embeddable":true,"href":"https:\/\/www.europesays.com\/fr\/wp-json\/wp\/v2\/media\/629124"}],"wp:attachment":[{"href":"https:\/\/www.europesays.com\/fr\/wp-json\/wp\/v2\/media?parent=629123"}],"wp:term":[{"taxonomy":"category","embeddable":true,"href":"https:\/\/www.europesays.com\/fr\/wp-json\/wp\/v2\/categories?post=629123"},{"taxonomy":"post_tag","embeddable":true,"href":"https:\/\/www.europesays.com\/fr\/wp-json\/wp\/v2\/tags?post=629123"}],"curies":[{"name":"wp","href":"https:\/\/api.w.org\/{rel}","templated":true}]}}