{"id":629127,"date":"2025-12-30T04:42:22","date_gmt":"2025-12-30T04:42:22","guid":{"rendered":"https:\/\/www.europesays.com\/fr\/629127\/"},"modified":"2025-12-30T04:42:22","modified_gmt":"2025-12-30T04:42:22","slug":"decembre-2025-parmi-les-plus-sombres-depuis-1896","status":"publish","type":"post","link":"https:\/\/www.europesays.com\/fr\/629127\/","title":{"rendered":"d\u00e9cembre 2025 parmi les plus sombres depuis 1896"},"content":{"rendered":"\n<p>       \u2013   <\/p>\n<p>  Gen\u00e8ve vit son mois de d\u00e9cembre le plus sombre depuis plus de vingt ans <\/p>\n<p class=\"lead regular externalicon-big astro-mrojhlls\"> Du jamais-vu depuis 2002. Le mois qui s\u2019ach\u00e8ve int\u00e8gre le \u00abtop 5\u00bb des pires d\u00e9ficits d\u2019ensoleillement enregistr\u00e9s depuis le d\u00e9but des mesures, en 1896.    <\/p>\n<p>   <img loading=\"lazy\" decoding=\"async\" src=\"https:\/\/www.europesays.com\/fr\/wp-content\/uploads\/2025\/12\/0UEXz4-jKGL9kltHlWdeuP.png\"  width=\"100\" height=\"100\"  alt=\"Marc Renfer\" class=\"AuthorImage -content-head authorimage astro-vmrqen7w astro-g7nkasli\" style=\"background-color:#737373\"\/>        Publi\u00e9: 29.12.2025, 18h36                   <img decoding=\"async\" loading=\"eager\" fetchpriority=\"high\" src=\"https:\/\/www.europesays.com\/fr\/wp-content\/uploads\/2025\/12\/8tnvQpMp4-49pMpg4TkCoN.jpg\" data-image-url=\"https:\/\/www.europesays.com\/fr\/wp-content\/uploads\/2025\/12\/8tnvQpMp4-49pMpg4TkCoN.jpg\" alt=\"Des skieurs sur les pistes enneig\u00e9es de La Berra avec un canon \u00e0 neige en avant-plan et une mer de brouillard \u00e0 l\u2019horizon, dans les Pr\u00e9alpes fribourgeoises.\" title=\"Des skieurs sur les pistes enneig\u00e9es de La Berra avec un canon \u00e0 neige en avant-plan et une mer de brouillard \u00e0 l\u2019horizon, dans les Pr\u00e9alpes fribourgeoises.\" class=\"ResponsiveImage responsive-image astro-lrzy7jfn\" style=\"background-color:#98BCD9\" onload=\"this.style.backgroundColor = &quot;transparent&quot;\"\/>         <\/p>\n<p>Le Plateau suisse est rest\u00e9 d\u00e9sesp\u00e9r\u00e9ment couvert ce mois de d\u00e9cembre. Gen\u00e8ve n\u2019y a pas \u00e9chapp\u00e9. <\/p>\n<p>KEYSTONE\/Jean-Christophe Bott<\/p>\n<p>        Abonnez-vous d\u00e8s maintenant et profitez de la fonction de lecture audio. <\/p>\n<p>  S&rsquo;abonner   Se connecter  <\/p>\n<p>    <a href=\"https:\/\/bottalk.io\/\" class=\"bottalklink astro-5ez2hx6t\" target=\"_blank\" rel=\"noreferrer noopener\"> BotTalk <\/a>         <strong class=\"title astro-drgxelou\">En bref:<\/strong> <\/p>\n<ul class=\"list astro-drgxelou\" data-is-full-list=\"false\">\n<li class=\"astro-drgxelou\">Gen\u00e8ve enregistre seulement treize heures de soleil depuis d\u00e9but d\u00e9cembre.<\/li>\n<li class=\"astro-drgxelou\">C\u2019est provisoirement le quatri\u00e8me mois de d\u00e9cembre le moins ensoleill\u00e9 depuis 1896.<\/li>\n<li class=\"astro-drgxelou\">Un lac d\u2019air froid bloque le stratus sur tout le Plateau suisse.<\/li>\n<\/ul>\n<p class=\"articleParagraph externalicon-big focus _content-width article-element astro-g2qwsodm astro-hwk6bfo3\">Si vous avez l\u2019impression de vivre dans une cave depuis d\u00e9but d\u00e9cembre, ce n\u2019est pas qu\u2019une impression. Les derniers chiffres de M\u00e9t\u00e9oSuisse confirment un d\u00e9ficit d\u2019ensoleillement historique dans la r\u00e9gion. <\/p>\n<p class=\"articleParagraph externalicon-big focus _content-width article-element astro-g2qwsodm astro-hwk6bfo3\">Avec \u00e0 peine 13\u00a0heures de soleil cumul\u00e9es, Gen\u00e8ve n\u2019avait pas connu un mois de d\u00e9cembre aussi sombre depuis 2002. <\/p>\n<p class=\"articleParagraph externalicon-big focus _content-width article-element astro-g2qwsodm astro-hwk6bfo3\">La \u00abmer de  <a class=\"noExternalIcon astro-hwk6bfo3\" target=\"_self\" href=\"https:\/\/www.tdg.ch\/meteo-stratus-et-brouillard-persistent-en-plaine-ce-week-end-343574579523\" data-article-link=\"https:\/\/www.tdg.ch\/meteo-stratus-et-brouillard-persistent-en-plaine-ce-week-end-343574579523\" rel=\"noopener\">brouillard<\/a>\u00bb a rarement aussi bien port\u00e9 son nom. Alors que les vacanciers peuvent profiter d\u2019un grand ciel bleu sur le Jura et les Alpes, la cuvette genevoise suffoque sous la grisaille. <\/p>\n<p class=\"articleParagraph externalicon-big focus _content-width article-element astro-g2qwsodm astro-hwk6bfo3\">Mais cette grisaille n\u2019est pas propre \u00e0 Gen\u00e8ve. L\u2019ensemble du Plateau suisse, du L\u00e9man au lac de Constance, est rest\u00e9 presque continuellement sous le stratus durant les trois premi\u00e8res semaines de d\u00e9cembre. <\/p>\n<p class=\"articleParagraph externalicon-big focus _content-width article-element astro-g2qwsodm astro-hwk6bfo3\">Au 29\u00a0d\u00e9cembre,  <a class=\" astro-hwk6bfo3\" target=\"_blank\" rel=\"noopener noreferrer\" href=\"https:\/\/www.meteosuisse.admin.ch\/services-et-publications\/applications\/valeurs-mesurees-et-reseaux-de-mesure.html#param=messwerte-lufttemperatur-10min&amp;table=false&amp;station=GVE\" data-article-link=\"https:\/\/www.meteosuisse.admin.ch\/services-et-publications\/applications\/valeurs-mesurees-et-reseaux-de-mesure.html#param=messwerte-lufttemperatur-10min&amp;table=false&amp;station=GVE\">la station de Cointrin<\/a> ne comptabilise que 13,1 heures d\u2019ensoleillement cumul\u00e9 depuis le d\u00e9but du mois. Pour mettre ce chiffre en perspective, la norme pour un mois de d\u00e9cembre se situe habituellement autour de 40 \u00e0 50\u00a0heures. Nous sommes donc \u00e0 peine \u00e0 30% de ce que nous devrions recevoir. <\/p>\n<p class=\"articleParagraph externalicon-big focus _content-width article-element astro-g2qwsodm astro-hwk6bfo3\">Le contraste est cruel \u00e0 quelques centaines de m\u00e8tres au-dessus de Gen\u00e8ve. M\u00e9t\u00e9oSuisse  <a class=\" astro-hwk6bfo3\" target=\"_blank\" rel=\"noopener noreferrer\" href=\"https:\/\/www.meteosuisse.admin.ch\/portrait\/meteosuisse-blog\/fr\/2025\/12\/decembre-avec-un-deficit-d-ensoleillement-en-plaine-jusqu-a-present.html\" data-article-link=\"https:\/\/www.meteosuisse.admin.ch\/portrait\/meteosuisse-blog\/fr\/2025\/12\/decembre-avec-un-deficit-d-ensoleillement-en-plaine-jusqu-a-present.html\">constate<\/a> que sur les cr\u00eates du Jura, une grande partie de l\u2019ensoleillement mensuel habituel avait d\u00e9j\u00e0 \u00e9t\u00e9 atteinte avant No\u00ebl (station de Fahy). <\/p>\n<p>  La douche froide apr\u00e8s deux ann\u00e9es dor\u00e9es <\/p>\n<p class=\"articleParagraph externalicon-big focus _content-width article-element astro-g2qwsodm astro-hwk6bfo3\">Le choc psychologique est d\u2019autant plus violent que les Genevois s\u2019\u00e9taient mal habitu\u00e9s ces derniers hivers. L\u2019analyse des archives climatiques montre un contraste saisissant avec les deux ann\u00e9es pr\u00e9c\u00e9dentes. <\/p>\n<p class=\"articleParagraph externalicon-big focus _content-width article-element astro-g2qwsodm astro-hwk6bfo3\">En d\u00e9cembre  <a class=\"noExternalIcon astro-hwk6bfo3\" target=\"_self\" href=\"https:\/\/www.tdg.ch\/changement-climatique-a-geneve-automne-de-tous-les-records-pour-la-meteo-genevoise-414548459400\" data-article-link=\"https:\/\/www.tdg.ch\/changement-climatique-a-geneve-automne-de-tous-les-records-pour-la-meteo-genevoise-414548459400\" rel=\"noopener\">2023<\/a>, Gen\u00e8ve avait b\u00e9n\u00e9fici\u00e9 de 75,4 heures de soleil (193% de la norme), l\u2019un des mois de d\u00e9cembre les plus lumineux jamais enregistr\u00e9s. L\u2019an dernier encore, en d\u00e9cembre 2024, les rayons ont brill\u00e9 pr\u00e8s de 57\u00a0heures. <\/p>\n<p class=\"articleParagraph externalicon-big focus _content-width article-element astro-g2qwsodm astro-hwk6bfo3\">En 2025, c\u2019est donc une rupture brutale. Nous sommes pass\u00e9s de l\u2019abondance \u00e0 la disette quasi-totale, soit plus de 60\u00a0heures de soleil en moins par rapport \u00e0 d\u00e9cembre 2023. <\/p>\n<p>  Dans le \u00abtop 5\u00bb des pires mois de d\u00e9cembre <\/p>\n<p class=\"articleParagraph externalicon-big focus _content-width article-element astro-g2qwsodm astro-hwk6bfo3\">Pour trouver un mois de d\u00e9cembre aussi d\u00e9primant, il faut remonter une g\u00e9n\u00e9ration en arri\u00e8re. En \u00e9tudiant la s\u00e9rie des observations commenc\u00e9es en 1896, d\u00e9cembre 2025 se classe provisoirement au 4e\u00a0rang des mois de d\u00e9cembre les moins ensoleill\u00e9s depuis le d\u00e9but des mesures. <\/p>\n<p class=\"articleParagraph externalicon-big focus _content-width article-element astro-g2qwsodm astro-hwk6bfo3\">Si le ciel genevois semble bas, un coup d\u2019\u0153il dans le r\u00e9troviseur permet de relativiser la grisaille actuelle en rappelant des p\u00e9riodes historiques d\u2019obscurit\u00e9. <\/p>\n<p class=\"articleParagraph externalicon-big focus _content-width article-element astro-g2qwsodm astro-hwk6bfo3\">La palme revient \u00e0 d\u00e9cembre 1932, qui conserve le record absolu et a priori difficilement d\u00e9tr\u00f4nable avec un total fam\u00e9lique de 4\u00a0heures de soleil sur l\u2019ensemble du mois. <\/p>\n<p class=\"articleParagraph externalicon-big focus _content-width article-element astro-g2qwsodm astro-hwk6bfo3\">Plus pr\u00e8s de nous, l\u2019ann\u00e9e 2002 reste dans les annales comme le dernier mois le plus p\u00e9nible, avec un compteur bloqu\u00e9 \u00e0 7\u00a0heures d\u2019ensoleillement, talonnant la morose ann\u00e9e 1964 qui n\u2019avait offert que 10 petites heures de lumi\u00e8re aux Genevois. <\/p>\n<p class=\"articleParagraph externalicon-big focus _content-width article-element astro-g2qwsodm astro-hwk6bfo3\">Avec ses 13,1 heures actuelles, d\u00e9cembre 2025 \u00e9volue dans le m\u00eame ordre de grandeur que les mois de d\u00e9cembre les plus sombres de l\u2019apr\u00e8s-guerre, comme 1971 ou 1975. <\/p>\n<p>  Le coupable: un \u00ablac d\u2019air froid\u00bb verrouill\u00e9 <\/p>\n<p class=\"articleParagraph externalicon-big focus _content-width article-element astro-g2qwsodm astro-hwk6bfo3\">Selon M\u00e9t\u00e9oSuisse, cette situation s\u2019explique par une configuration de blocage tenace. L\u2019air froid, plus lourd, reste pi\u00e9g\u00e9 sur le Plateau, formant un \u00ablac d\u2019air froid\u00bb impossible \u00e0 d\u00e9loger. <\/p>\n<p class=\"articleParagraph externalicon-big focus _content-width article-element astro-g2qwsodm astro-hwk6bfo3\">Le stratus est si tenace que les m\u00e9t\u00e9orologues eux-m\u00eames le qualifient de \u00abd\u00e9sesp\u00e9r\u00e9ment bien accroch\u00e9\u00bb dans leur dernier bulletin. <\/p>\n<p class=\"articleParagraph externalicon-big focus _content-width article-element astro-g2qwsodm astro-hwk6bfo3\">Reste-t-il un espoir pour le r\u00e9veillon? Oui, mais mince. Une forte bise est attendue pour ces 30 et 31\u00a0d\u00e9cembre. Si elle parvient \u00e0 d\u00e9stabiliser la couche de nuages, nous pourrions grappiller quelques minutes de lumi\u00e8re in extremis. <\/p>\n<p class=\"articleParagraph externalicon-big focus _content-width article-element astro-g2qwsodm astro-hwk6bfo3\">En attendant, si les Genevois broient du noir, ils peuvent avoir une pens\u00e9e pour les habitants de Schaffhouse, o\u00f9 \u00e0 peine 2,2 heures de soleil ont \u00e9t\u00e9 enregistr\u00e9es sur les trois premi\u00e8res semaines de d\u00e9cembre. <\/p>\n<p class=\"boxtitle astro-42aj3uwb astro-hwk6bfo3\">M\u00e9t\u00e9o et climat \u00e0 Gen\u00e8ve <\/p>\n<p>        Newsletter   <\/p>\n<p>\u00abDerni\u00e8res nouvelles\u00bb<\/p>\n<p> Vous voulez rester au top de l\u2019info? \u00abTribune de Gen\u00e8ve\u00bb vous propose deux rendez-vous par jour, directement dans votre bo\u00eete e-mail. Pour ne rien rater de ce qui se passe dans votre canton, en Suisse ou dans le monde. <\/p>\n<p class=\"astro-cztuaoj5\"> <a class=\"more astro-cztuaoj5\" href=\"https:\/\/www.tdg.ch\/nos-newsletters\" target=\"_blank\" rel=\"noopener\"> Autres newsletters <\/a> <\/p>\n<p>     Se connecter             <strong>Marc Renfer<\/strong> est journaliste \u00e0 la rubrique genevoise depuis d\u00e9but 2022. Auparavant, il a travaill\u00e9 dix ans \u00e0 la RTS, en partie comme datajournaliste.    <a href=\"https:\/\/www.tdg.ch\/author\/80608733\/marc-renfer\" class=\"moreinfo _underlinelink astro-pukeoetg\" target=\"_blank\" rel=\"noopener\"> Plus d&rsquo;infos <\/a>  <a href=\"https:\/\/twitter.com\/marcrenfer\" class=\"astro-pukeoetg\" target=\"_blank\" rel=\"noopener\">  @marcrenfer <\/a>   <\/p>\n<p class=\"Feedback content-width astro-kvtdmsee\"> Vous avez trouv\u00e9 une erreur? <a href=\"https:\/\/www.tdg.ch\/mailto:tes_correction@tamedia.ch?subject=Avis%20d\" erreur=\"\" class=\"feedbacklink _underlinelink astro-kvtdmsee\" target=\"_blank\" rel=\"noopener\"> Merci de nous la signaler. <\/a> <\/p>\n<p>Le Plateau suisse est rest\u00e9 d\u00e9sesp\u00e9r\u00e9ment couvert ce mois de d\u00e9cembre. Gen\u00e8ve n\u2019y a pas \u00e9chapp\u00e9. <\/p>\n<p>KEYSTONE\/Jean-Christophe Bott<\/p>\n<p>          <script async src=\"https:\/\/platform.twitter.com\/widgets.js\" charset=\"utf-8\"><\/script><\/p>\n","protected":false},"excerpt":{"rendered":"\u2013 Gen\u00e8ve vit son mois de d\u00e9cembre le plus sombre depuis plus de vingt ans Du jamais-vu depuis&hellip;\n","protected":false},"author":2,"featured_media":629128,"comment_status":"","ping_status":"","sticky":false,"template":"","format":"standard","meta":{"footnotes":""},"categories":[5],"tags":[11,1011,27,14,2487,12,2300,28],"class_list":{"0":"post-629127","1":"post","2":"type-post","3":"status-publish","4":"format-standard","5":"has-post-thumbnail","7":"category-international","8":"tag-actualites","9":"tag-fr","10":"tag-france","11":"tag-international","12":"tag-meteo","13":"tag-news","14":"tag-stats-seo","15":"tag-world"},"share_on_mastodon":{"url":"https:\/\/pubeurope.com\/@fr\/115806689377913915","error":""},"_links":{"self":[{"href":"https:\/\/www.europesays.com\/fr\/wp-json\/wp\/v2\/posts\/629127","targetHints":{"allow":["GET"]}}],"collection":[{"href":"https:\/\/www.europesays.com\/fr\/wp-json\/wp\/v2\/posts"}],"about":[{"href":"https:\/\/www.europesays.com\/fr\/wp-json\/wp\/v2\/types\/post"}],"author":[{"embeddable":true,"href":"https:\/\/www.europesays.com\/fr\/wp-json\/wp\/v2\/users\/2"}],"replies":[{"embeddable":true,"href":"https:\/\/www.europesays.com\/fr\/wp-json\/wp\/v2\/comments?post=629127"}],"version-history":[{"count":0,"href":"https:\/\/www.europesays.com\/fr\/wp-json\/wp\/v2\/posts\/629127\/revisions"}],"wp:featuredmedia":[{"embeddable":true,"href":"https:\/\/www.europesays.com\/fr\/wp-json\/wp\/v2\/media\/629128"}],"wp:attachment":[{"href":"https:\/\/www.europesays.com\/fr\/wp-json\/wp\/v2\/media?parent=629127"}],"wp:term":[{"taxonomy":"category","embeddable":true,"href":"https:\/\/www.europesays.com\/fr\/wp-json\/wp\/v2\/categories?post=629127"},{"taxonomy":"post_tag","embeddable":true,"href":"https:\/\/www.europesays.com\/fr\/wp-json\/wp\/v2\/tags?post=629127"}],"curies":[{"name":"wp","href":"https:\/\/api.w.org\/{rel}","templated":true}]}}