{"id":629135,"date":"2025-12-30T04:48:11","date_gmt":"2025-12-30T04:48:11","guid":{"rendered":"https:\/\/www.europesays.com\/fr\/629135\/"},"modified":"2025-12-30T04:48:11","modified_gmt":"2025-12-30T04:48:11","slug":"concert-solidaire-au-profit-de-linstitut-de-cancerologie-de-lorraine","status":"publish","type":"post","link":"https:\/\/www.europesays.com\/fr\/629135\/","title":{"rendered":"Concert solidaire au profit de l\u2019institut de canc\u00e9rologie de Lorraine"},"content":{"rendered":"<p>L\u2019Op\u00e9ra national de Nancy-Lorraine soutient la lutte contre le cancer aux c\u00f4t\u00e9s de l\u2019Institut de Canc\u00e9rologie de Lorraine. Afin de contribuer par l\u2019art \u00e0 cette cause qui lui est essentielle, l\u2019Op\u00e9ra et ses \u00e9quipes proposent un concert \u00e0 titre gracieux pour permettre \u00e0 toutes celles et ceux qui veulent soutenir la recherche contre le cancer de vivre un moment de musique collectif. Des nuits \u00e9toil\u00e9es peupl\u00e9es d\u2019insectes aux horizons marins, de l\u2019esprit espi\u00e8gle d\u2019une musique tendre aux \u00e9clairages g\u00e9n\u00e9reux livr\u00e9s par la musicologue Cora Joris, ce concert m\u00eale r\u00eave, humour et \u00e9motion. Il est une invitation \u00e0 \u00e9couter le monde avec des oreilles d\u2019enfant et un c\u0153ur de po\u00e8te.<\/p>\n<p class=\"note\">Samedi 17\u00a0janvier \u00e0 20\u00a0h \u00e0 l\u2019Op\u00e9ra de Nancy place Stanislas. Gratuit sur r\u00e9servation www.opera-nancy.fr L\u2019Op\u00e9ra invite le public du concert \u00e0 faire un don \u00e0 l\u2019Institut de Canc\u00e9rologie de Lorraine.<\/p>\n","protected":false},"excerpt":{"rendered":"L\u2019Op\u00e9ra national de Nancy-Lorraine soutient la lutte contre le cancer aux c\u00f4t\u00e9s de l\u2019Institut de Canc\u00e9rologie de Lorraine.&hellip;\n","protected":false},"author":2,"featured_media":629136,"comment_status":"","ping_status":"","sticky":false,"template":"","format":"standard","meta":{"footnotes":""},"categories":[9635],"tags":[1111,11,1687,1704,1777,674,1011,27,775,873,1702,1703,12,25],"class_list":{"0":"post-629135","1":"post","2":"type-post","3":"status-publish","4":"format-standard","5":"has-post-thumbnail","7":"category-nancy","8":"tag-actu","9":"tag-actualites","10":"tag-culture-loisirs","11":"tag-edition-nancy-et-agglomeration","12":"tag-eu","13":"tag-europe","14":"tag-fr","15":"tag-france","16":"tag-grand-est","17":"tag-musique","18":"tag-nancy","19":"tag-nancy-ville-54b","20":"tag-news","21":"tag-republique-francaise"},"share_on_mastodon":{"url":"https:\/\/pubeurope.com\/@fr\/115806713003097737","error":""},"_links":{"self":[{"href":"https:\/\/www.europesays.com\/fr\/wp-json\/wp\/v2\/posts\/629135","targetHints":{"allow":["GET"]}}],"collection":[{"href":"https:\/\/www.europesays.com\/fr\/wp-json\/wp\/v2\/posts"}],"about":[{"href":"https:\/\/www.europesays.com\/fr\/wp-json\/wp\/v2\/types\/post"}],"author":[{"embeddable":true,"href":"https:\/\/www.europesays.com\/fr\/wp-json\/wp\/v2\/users\/2"}],"replies":[{"embeddable":true,"href":"https:\/\/www.europesays.com\/fr\/wp-json\/wp\/v2\/comments?post=629135"}],"version-history":[{"count":0,"href":"https:\/\/www.europesays.com\/fr\/wp-json\/wp\/v2\/posts\/629135\/revisions"}],"wp:featuredmedia":[{"embeddable":true,"href":"https:\/\/www.europesays.com\/fr\/wp-json\/wp\/v2\/media\/629136"}],"wp:attachment":[{"href":"https:\/\/www.europesays.com\/fr\/wp-json\/wp\/v2\/media?parent=629135"}],"wp:term":[{"taxonomy":"category","embeddable":true,"href":"https:\/\/www.europesays.com\/fr\/wp-json\/wp\/v2\/categories?post=629135"},{"taxonomy":"post_tag","embeddable":true,"href":"https:\/\/www.europesays.com\/fr\/wp-json\/wp\/v2\/tags?post=629135"}],"curies":[{"name":"wp","href":"https:\/\/api.w.org\/{rel}","templated":true}]}}