{"id":629140,"date":"2025-12-30T04:52:24","date_gmt":"2025-12-30T04:52:24","guid":{"rendered":"https:\/\/www.europesays.com\/fr\/629140\/"},"modified":"2025-12-30T04:52:24","modified_gmt":"2025-12-30T04:52:24","slug":"christian-clausier-dengage-avec-lattes-fiers-et-unis","status":"publish","type":"post","link":"https:\/\/www.europesays.com\/fr\/629140\/","title":{"rendered":"Christian Clausier d\u2019engage avec \u00ab\u00a0Lattes, fiers et unis !\u00a0\u00bb"},"content":{"rendered":"<p>Bien connu \u00e0 Lattes o\u00f9 il r\u00e9side depuis 1980, Christian Clausier y a expos\u00e9 ses \u0153uvres en qualit\u00e9 d\u2019artiste photographe plasticien. Journaliste grand reporter, il a particip\u00e9 pendant 15 ans \u00e0 l\u2019aventure Midi M\u00e9dia de la presse locale. La fibre municipale l\u2019a anim\u00e9 plusieurs fois et en 2014, il se pr\u00e9sente comme t\u00eate de liste du groupe \u00ab\u00a0Rassemblement Bleu Marine \u00ab\u00a0. Il sera \u00e9lu dans l\u2019opposition. Un r\u00f4le qu\u2019il assurera avec \u00e9nergie et constance pendant tout son mandat. Le voici de nouveau en liste sur celle de Wassim Boughnim \u00ab\u00a0Lattes, fiers et unis !\u00a0\u00bb \u00e0 qui il compte bien apporter son exp\u00e9rience politique. C\u2019est de sa fibre artistique qu\u2019il compte tirer parti en se chargeant de la culture au sein de son groupe. L\u2019artiste vise la cr\u00e9ation d\u2019un centre d\u2019art contemporain (arts plastiques, photographie, sculpture) et \u00e0 ouvrir Lattes \u00e0 la culture. Un lieu o\u00f9 se c\u00f4toieraient enfants et adultes lattois. Le politique, lui, aimerait am\u00e9liorer la s\u00e9curit\u00e9 journali\u00e8re des Lattois. Affaire \u00e0 suivre. Correspondant Midi libre : 06 66 42 0280<\/p>\n","protected":false},"excerpt":{"rendered":"Bien connu \u00e0 Lattes o\u00f9 il r\u00e9side depuis 1980, Christian Clausier y a expos\u00e9 ses \u0153uvres en qualit\u00e9&hellip;\n","protected":false},"author":2,"featured_media":629141,"comment_status":"","ping_status":"","sticky":false,"template":"","format":"standard","meta":{"footnotes":""},"categories":[9599],"tags":[1111,11,1777,674,1011,27,7089,66497,2208,12,2680,316,25],"class_list":{"0":"post-629140","1":"post","2":"type-post","3":"status-publish","4":"format-standard","5":"has-post-thumbnail","7":"category-montpellier","8":"tag-actu","9":"tag-actualites","10":"tag-eu","11":"tag-europe","12":"tag-fr","13":"tag-france","14":"tag-herault","15":"tag-lattes","16":"tag-montpellier","17":"tag-news","18":"tag-occitanie","19":"tag-politique","20":"tag-republique-francaise"},"share_on_mastodon":{"url":"https:\/\/pubeurope.com\/@fr\/115806729798041747","error":""},"_links":{"self":[{"href":"https:\/\/www.europesays.com\/fr\/wp-json\/wp\/v2\/posts\/629140","targetHints":{"allow":["GET"]}}],"collection":[{"href":"https:\/\/www.europesays.com\/fr\/wp-json\/wp\/v2\/posts"}],"about":[{"href":"https:\/\/www.europesays.com\/fr\/wp-json\/wp\/v2\/types\/post"}],"author":[{"embeddable":true,"href":"https:\/\/www.europesays.com\/fr\/wp-json\/wp\/v2\/users\/2"}],"replies":[{"embeddable":true,"href":"https:\/\/www.europesays.com\/fr\/wp-json\/wp\/v2\/comments?post=629140"}],"version-history":[{"count":0,"href":"https:\/\/www.europesays.com\/fr\/wp-json\/wp\/v2\/posts\/629140\/revisions"}],"wp:featuredmedia":[{"embeddable":true,"href":"https:\/\/www.europesays.com\/fr\/wp-json\/wp\/v2\/media\/629141"}],"wp:attachment":[{"href":"https:\/\/www.europesays.com\/fr\/wp-json\/wp\/v2\/media?parent=629140"}],"wp:term":[{"taxonomy":"category","embeddable":true,"href":"https:\/\/www.europesays.com\/fr\/wp-json\/wp\/v2\/categories?post=629140"},{"taxonomy":"post_tag","embeddable":true,"href":"https:\/\/www.europesays.com\/fr\/wp-json\/wp\/v2\/tags?post=629140"}],"curies":[{"name":"wp","href":"https:\/\/api.w.org\/{rel}","templated":true}]}}