{"id":629148,"date":"2025-12-30T05:02:55","date_gmt":"2025-12-30T05:02:55","guid":{"rendered":"https:\/\/www.europesays.com\/fr\/629148\/"},"modified":"2025-12-30T05:02:55","modified_gmt":"2025-12-30T05:02:55","slug":"en-2026-a-brest-le-programme-les-active-e-s-accompagne-17-projets-issus-des-quartiers-prioritaires","status":"publish","type":"post","link":"https:\/\/www.europesays.com\/fr\/629148\/","title":{"rendered":"En 2026, \u00e0 Brest, le programme \u00ab\u00a0Les Activ\u00e9.e.s\u00a0\u00bb accompagne 17 projets issus des quartiers prioritaires"},"content":{"rendered":"<p>Apr\u00e8s onze projets en 2024 et dix en 2025, ce sont 17 entreprises &#8211; pour 18 cr\u00e9ateurs &#8211; qui ont \u00e9t\u00e9 choisies pour \u00eatre suivies par la d\u00e9clinaison brestoise des \u00ab\u00a0Activ\u00e9.e.s\u00a0\u00bb. Ce <a href=\"https:\/\/www.letelegramme.fr\/finistere\/brest-29200\/a-brest-les-entrepreneurs-de-quartiers-prioritaires-peuvent-a-nouveau-beneficier-dun-accompagnement-6896623.php\" target=\"_blank\" rel=\"noopener\">programme de France Active Bretagne<\/a> accompagne les cr\u00e9ateurs de soci\u00e9t\u00e9 issus des quartiers prioritaires. \u00ab\u00a0Nous avons surtout des projets \u00e0 Bellevue, Lamb\u00e9zellec et Recouvrance. L\u2019objectif est d\u2019avoir une mont\u00e9e en puissance du dispositif\u00a0\u00bb, indiquent les deux coordinatrices, Clara Kevarec et Fanny Le Roux.<\/p>\n<p><img decoding=\"async\" src=\"https:\/\/www.europesays.com\/fr\/wp-content\/uploads\/2025\/12\/69512ffa6a75b9d83404a65e.1.jpeg\" width=\"480\" height=\"300\" class=\"web_golden_m\" loading=\"lazy\" alt=\"Clara Keravec et fanny Le Roux sont les deux coordinatrices du dispositif \u00ab\u00a0Les Activ\u00e9.e.s\u00a0\u00bb \u00e0 Brest.\"\/>Clara Keravec et fanny Le Roux sont les deux coordinatrices du dispositif \u00ab\u00a0Les Activ\u00e9.e.s\u00a0\u00bb \u00e0 Brest. (Le T\u00e9l\u00e9gramme\/Isabelle Jaffr\u00e9)Accompagnement gratuit pendant un an<\/p>\n<p>Parmi la promotion 2026, on retrouve la laiterie brestoise, la librairie solidaire Sapristi, la cantoche ou encore <a href=\"https:\/\/www.letelegramme.fr\/finistere\/brest-29200\/a-brest-ils-lancent-ribine-leur-service-de-location-de-velos-equipes-pour-le-voyage-6617115.php\" target=\"_blank\" rel=\"noopener\">V\u00e9lo Ribine<\/a>. Pour les cr\u00e9ateurs de cette derni\u00e8re soci\u00e9t\u00e9, n\u00e9e en f\u00e9vrier 2025 et sp\u00e9cialis\u00e9e dans la location de v\u00e9los de voyage, l\u2019objectif est de se cr\u00e9er un r\u00e9seau, rompre la solitude et se former pour mieux d\u00e9velopper l\u2019entreprise. Si cette derni\u00e8re est install\u00e9e \u00e0 la PAM, en centre-ville, elle est \u00e9ligible car au moins l\u2019un des fondateurs est domicili\u00e9 dans un quartier prioritaire.<\/p>\n<p>Le lancement de cette troisi\u00e8me promotion, en pr\u00e9sence de certains anciens, a eu lieu mercredi 17 d\u00e9cembre 2025, dans les locaux de Brest m\u00e9tropole. L\u2019occasion pour tous de faire connaissance. Tout au long de l\u2019ann\u00e9e, les laur\u00e9ats auront des formations collectives, un suivi individuel mais \u00e9galement des mises en r\u00e9seau de ce genre. \u00ab\u00a0Et c\u2019est gratuit, insistent les deux coordinatrices. Nous sommes notamment financ\u00e9s par Bpifrance, la Banque de France et Brest m\u00e9tropole\u00a0\u00bb.<\/p>\n","protected":false},"excerpt":{"rendered":"Apr\u00e8s onze projets en 2024 et dix en 2025, ce sont 17 entreprises &#8211; pour 18 cr\u00e9ateurs &#8211;&hellip;\n","protected":false},"author":2,"featured_media":629149,"comment_status":"","ping_status":"","sticky":false,"template":"","format":"standard","meta":{"footnotes":""},"categories":[2821],"tags":[1111,11,3450,49229,49231,23176,829,33,257,1777,674,1011,27,12,584,25],"class_list":{"0":"post-629148","1":"post","2":"type-post","3":"status-publish","4":"format-standard","5":"has-post-thumbnail","7":"category-rennes","8":"tag-actu","9":"tag-actualites","10":"tag-brest","11":"tag-brest-bellevue","12":"tag-brest-lambezellec","13":"tag-brest-recouvrance","14":"tag-bretagne","15":"tag-economie","16":"tag-entreprise","17":"tag-eu","18":"tag-europe","19":"tag-fr","20":"tag-france","21":"tag-news","22":"tag-rennes","23":"tag-republique-francaise"},"share_on_mastodon":{"url":"https:\/\/pubeurope.com\/@fr\/115806771815311476","error":""},"_links":{"self":[{"href":"https:\/\/www.europesays.com\/fr\/wp-json\/wp\/v2\/posts\/629148","targetHints":{"allow":["GET"]}}],"collection":[{"href":"https:\/\/www.europesays.com\/fr\/wp-json\/wp\/v2\/posts"}],"about":[{"href":"https:\/\/www.europesays.com\/fr\/wp-json\/wp\/v2\/types\/post"}],"author":[{"embeddable":true,"href":"https:\/\/www.europesays.com\/fr\/wp-json\/wp\/v2\/users\/2"}],"replies":[{"embeddable":true,"href":"https:\/\/www.europesays.com\/fr\/wp-json\/wp\/v2\/comments?post=629148"}],"version-history":[{"count":0,"href":"https:\/\/www.europesays.com\/fr\/wp-json\/wp\/v2\/posts\/629148\/revisions"}],"wp:featuredmedia":[{"embeddable":true,"href":"https:\/\/www.europesays.com\/fr\/wp-json\/wp\/v2\/media\/629149"}],"wp:attachment":[{"href":"https:\/\/www.europesays.com\/fr\/wp-json\/wp\/v2\/media?parent=629148"}],"wp:term":[{"taxonomy":"category","embeddable":true,"href":"https:\/\/www.europesays.com\/fr\/wp-json\/wp\/v2\/categories?post=629148"},{"taxonomy":"post_tag","embeddable":true,"href":"https:\/\/www.europesays.com\/fr\/wp-json\/wp\/v2\/tags?post=629148"}],"curies":[{"name":"wp","href":"https:\/\/api.w.org\/{rel}","templated":true}]}}