{"id":629152,"date":"2025-12-30T05:07:02","date_gmt":"2025-12-30T05:07:02","guid":{"rendered":"https:\/\/www.europesays.com\/fr\/629152\/"},"modified":"2025-12-30T05:07:02","modified_gmt":"2025-12-30T05:07:02","slug":"strasbourg-avec-son-tracker-suivant-le-soleil-lentreprise-falco-solar-optimise-le-solaire-photovoltaique-2","status":"publish","type":"post","link":"https:\/\/www.europesays.com\/fr\/629152\/","title":{"rendered":"Strasbourg. Avec son \u00ab\u00a0tracker\u00a0\u00bb suivant le soleil, l&rsquo;entreprise Falco Solar optimise le solaire photovolta\u00efque"},"content":{"rendered":"<p>\u00ab\u00a0Jusqu\u2019\u00e0 pr\u00e9sent, le mod\u00e8le dominant \u00e9tait d\u2019installer du photovolta\u00efque pour vendre l\u2019\u00e9lectricit\u00e9 produite. Mais la baisse des tarifs de rachat par EDF et des aides publiques fait que cette revente n\u2019est plus tr\u00e8s rentable. Les seuls projets qui ont du sens, financi\u00e8rement, sont d\u00e9sormais ceux d\u2019autoconsommation\u00a0\u00bb, estime Capucine Zusslin, g\u00e9rante de Falco Solar.<\/p>\n<p>Cette soci\u00e9t\u00e9 strasbourgeoise a \u00e9t\u00e9 cr\u00e9\u00e9e en 2021 pour commercialiser le tracker solaire mis au point par Insolem, un bureau d\u2019\u00e9tudes que Capucine Zusslin a fond\u00e9 sept ans plus t\u00f4t avec Yannick Dieudonn\u00e9 et qui d\u00e9veloppe des syst\u00e8mes \u00e9lectroniques sur mesure pour diff\u00e9rents secteurs industriels.<\/p>\n<p>Jusqu\u2019\u00e0 100\u00a0% de production en plus aux&#8230;                        <\/p>\n","protected":false},"excerpt":{"rendered":"\u00ab\u00a0Jusqu\u2019\u00e0 pr\u00e9sent, le mod\u00e8le dominant \u00e9tait d\u2019installer du photovolta\u00efque pour vendre l\u2019\u00e9lectricit\u00e9 produite. Mais la baisse des tarifs&hellip;\n","protected":false},"author":2,"featured_media":624122,"comment_status":"","ping_status":"","sticky":false,"template":"","format":"standard","meta":{"footnotes":""},"categories":[2820],"tags":[1111,11,2389,33,893,1777,674,107,1011,27,775,12,25,640],"class_list":{"0":"post-629152","1":"post","2":"type-post","3":"status-publish","4":"format-standard","5":"has-post-thumbnail","7":"category-strasbourg","8":"tag-actu","9":"tag-actualites","10":"tag-alsace","11":"tag-economie","12":"tag-energie","13":"tag-eu","14":"tag-europe","15":"tag-fil-info","16":"tag-fr","17":"tag-france","18":"tag-grand-est","19":"tag-news","20":"tag-republique-francaise","21":"tag-strasbourg"},"share_on_mastodon":{"url":"https:\/\/pubeurope.com\/@fr\/115806787671373400","error":""},"_links":{"self":[{"href":"https:\/\/www.europesays.com\/fr\/wp-json\/wp\/v2\/posts\/629152","targetHints":{"allow":["GET"]}}],"collection":[{"href":"https:\/\/www.europesays.com\/fr\/wp-json\/wp\/v2\/posts"}],"about":[{"href":"https:\/\/www.europesays.com\/fr\/wp-json\/wp\/v2\/types\/post"}],"author":[{"embeddable":true,"href":"https:\/\/www.europesays.com\/fr\/wp-json\/wp\/v2\/users\/2"}],"replies":[{"embeddable":true,"href":"https:\/\/www.europesays.com\/fr\/wp-json\/wp\/v2\/comments?post=629152"}],"version-history":[{"count":0,"href":"https:\/\/www.europesays.com\/fr\/wp-json\/wp\/v2\/posts\/629152\/revisions"}],"wp:featuredmedia":[{"embeddable":true,"href":"https:\/\/www.europesays.com\/fr\/wp-json\/wp\/v2\/media\/624122"}],"wp:attachment":[{"href":"https:\/\/www.europesays.com\/fr\/wp-json\/wp\/v2\/media?parent=629152"}],"wp:term":[{"taxonomy":"category","embeddable":true,"href":"https:\/\/www.europesays.com\/fr\/wp-json\/wp\/v2\/categories?post=629152"},{"taxonomy":"post_tag","embeddable":true,"href":"https:\/\/www.europesays.com\/fr\/wp-json\/wp\/v2\/tags?post=629152"}],"curies":[{"name":"wp","href":"https:\/\/api.w.org\/{rel}","templated":true}]}}