{"id":629159,"date":"2025-12-30T05:12:30","date_gmt":"2025-12-30T05:12:30","guid":{"rendered":"https:\/\/www.europesays.com\/fr\/629159\/"},"modified":"2025-12-30T05:12:30","modified_gmt":"2025-12-30T05:12:30","slug":"fc-nantes-avec-cabella-mais-sans-ganago-les-canaris-ont-repris-lentrainement-sport","status":"publish","type":"post","link":"https:\/\/www.europesays.com\/fr\/629159\/","title":{"rendered":"FC Nantes. Avec Cabella mais sans Ganago, les Canaris ont repris l\u2019entra\u00eenement . Sport"},"content":{"rendered":"<p>C\u2019est la reprise au FC Nantes. Huit jours apr\u00e8s leur victoire <a href=\"https:\/\/www.ouest-france.fr\/sport\/football\/coupe-de-france\/direct\/direct-us-concarneau-fc-nantes-live-score-buts-suivez-le-32e-de-finale-de-coupe-de-france-en-live-da8b628b-6f7b-47d7-93a6-5420a988c16f\" target=\"_self\" rel=\"noopener\">en 32es de finale de la Coupe de France \u00e0 Concarneau (5-3)<\/a>, les Nantais \u00e9taient d\u00e9j\u00e0 de retour \u00e0 l\u2019entra\u00eenement, ce lundi 29\u00a0d\u00e9cembre. Les Canaris se d\u00e9placeront \u00e0 Marseille, ce dimanche 4\u00a0janvier 2026 (15\u00a0h), pour le compte de la 17e journ\u00e9e de Ligue 1.<\/p>\n<p>Ganago attendu dans la semaine<\/p>\n<p><a href=\"https:\/\/nantes.maville.com\/sport\/detail_-mercato.-fc-nantes-remy-cabella-c-est-signe-le-club-cherche-a-d-autres-postes...-_8-7123745_actu.Htm\" target=\"_self\" rel=\"noopener\">Pr\u00eat\u00e9 pour six mois sans option d\u2019achat par l\u2019Olympiakos<\/a>, R\u00e9my Cabella \u00e9tait pr\u00e9sent sur les terrains de la Joneli\u00e8re. En revanche, Ignatius Ganago, de retour de pr\u00eat des\u00a0\u00c9tats-Unis, est attendu plus tard dans la semaine. L\u2019attaquant camerounais avait manqu\u00e9 la fin de saison en MLS \u00e0 cause d\u2019une blessure au mollet. Sinon, Ahmed Kantari disposait de tout son effectif lors de cette reprise si l\u2019on fait exception des deux joueurs concern\u00e9s par la Coupe d\u2019Afrique des Nations\u00a0: Mostafa Mohamed et Chidozie Awaziem. Reste \u00e0 savoir si Louis Leroux et Herba Girassy, en phase de r\u00e9athl\u00e9tisation lors du match \u00e0 Concarneau, seront aptes pour le d\u00e9placement au V\u00e9lodrome.<\/p>\n<p><strong>Lire aussi\u00a0:<\/strong> <a href=\"https:\/\/nantes.maville.com\/sport\/detail_-info-ouest-france.-mercato-fc-nantes-un-attaquant-polyvalent-passe-par-toulouse-sur-les-tablettes-_8-7127166_actu.Htm\" target=\"_self\" rel=\"noopener\">INFO OUEST-FRANCE. Mercato FC Nantes\u00a0: Un attaquant polyvalent, pass\u00e9 par Toulouse, sur les tablettes<\/a><\/p>\n<p>\u00a0<\/p>\n","protected":false},"excerpt":{"rendered":"C\u2019est la reprise au FC Nantes. Huit jours apr\u00e8s leur victoire en 32es de finale de la Coupe&hellip;\n","protected":false},"author":2,"featured_media":629160,"comment_status":"","ping_status":"","sticky":false,"template":"","format":"standard","meta":{"footnotes":""},"categories":[2818],"tags":[1111,11,2063,1777,674,1011,27,1922,1393,2487,766,12,2636,1404,25,2923,4251,853,3165],"class_list":{"0":"post-629159","1":"post","2":"type-post","3":"status-publish","4":"format-standard","5":"has-post-thumbnail","7":"category-nantes","8":"tag-actu","9":"tag-actualites","10":"tag-annonces","11":"tag-eu","12":"tag-europe","13":"tag-fr","14":"tag-france","15":"tag-info","16":"tag-loisirs","17":"tag-meteo","18":"tag-nantes","19":"tag-news","20":"tag-pays-de-la-loire","21":"tag-quotidien","22":"tag-republique-francaise","23":"tag-restaurants","24":"tag-sortir","25":"tag-spectacles","26":"tag-vannes"},"share_on_mastodon":{"url":"https:\/\/pubeurope.com\/@fr\/115806807227038479","error":""},"_links":{"self":[{"href":"https:\/\/www.europesays.com\/fr\/wp-json\/wp\/v2\/posts\/629159","targetHints":{"allow":["GET"]}}],"collection":[{"href":"https:\/\/www.europesays.com\/fr\/wp-json\/wp\/v2\/posts"}],"about":[{"href":"https:\/\/www.europesays.com\/fr\/wp-json\/wp\/v2\/types\/post"}],"author":[{"embeddable":true,"href":"https:\/\/www.europesays.com\/fr\/wp-json\/wp\/v2\/users\/2"}],"replies":[{"embeddable":true,"href":"https:\/\/www.europesays.com\/fr\/wp-json\/wp\/v2\/comments?post=629159"}],"version-history":[{"count":0,"href":"https:\/\/www.europesays.com\/fr\/wp-json\/wp\/v2\/posts\/629159\/revisions"}],"wp:featuredmedia":[{"embeddable":true,"href":"https:\/\/www.europesays.com\/fr\/wp-json\/wp\/v2\/media\/629160"}],"wp:attachment":[{"href":"https:\/\/www.europesays.com\/fr\/wp-json\/wp\/v2\/media?parent=629159"}],"wp:term":[{"taxonomy":"category","embeddable":true,"href":"https:\/\/www.europesays.com\/fr\/wp-json\/wp\/v2\/categories?post=629159"},{"taxonomy":"post_tag","embeddable":true,"href":"https:\/\/www.europesays.com\/fr\/wp-json\/wp\/v2\/tags?post=629159"}],"curies":[{"name":"wp","href":"https:\/\/api.w.org\/{rel}","templated":true}]}}