{"id":629161,"date":"2025-12-30T05:13:23","date_gmt":"2025-12-30T05:13:23","guid":{"rendered":"https:\/\/www.europesays.com\/fr\/629161\/"},"modified":"2025-12-30T05:13:23","modified_gmt":"2025-12-30T05:13:23","slug":"les-futurs-docteurs-juniors-ne-veulent-pas-etre-la-variable-dajustement-des-deserts-medicaux","status":"publish","type":"post","link":"https:\/\/www.europesays.com\/fr\/629161\/","title":{"rendered":"Les futurs docteurs juniors ne veulent pas \u00ab\u00a0\u00eatre la variable d\u2019ajustement\u00a0\u00bb des d\u00e9serts m\u00e9dicaux"},"content":{"rendered":"<p>        <img decoding=\"async\" id=\"27217579\" src=\"https:\/\/www.europesays.com\/fr\/wp-content\/uploads\/2025\/12\/pierre-alexandre-lecomte.jpg\" alt=\"Pierre-Alexandre Lecomte, interne de m\u00e9decine g\u00e9n\u00e9rale \u00e0 Poitiers, est porte-parole de l\u2019ISNAR-IMG\" itemprop=\"contentURL\"\/><\/p>\n<p>    Pierre-Alexandre Lecomte, interne de m\u00e9decine g\u00e9n\u00e9rale \u00e0 Poitiers, est porte-parole de l\u2019ISNAR-IMG<\/p>\n<p>ISMAR IMG<\/p>\n<blockquote><p>\u00ab\u00a0Nous avons le sentiment d\u2019\u00eatre consid\u00e9r\u00e9s comme de simples bouche-trous\u00a0\u00bb<\/p><\/blockquote>\n<p>Pierre-Alexandre Lecomte, interne de m\u00e9decine g\u00e9n\u00e9rale \u00e0 Poitiers, porte-parole de l<a href=\"https:\/\/www.isnar-img.com\/\" target=\"_blank\" rel=\"nofollow noopener\">\u2019ISNAR-IMG, intersyndicale nationale des internes de m\u00e9decine g\u00e9n\u00e9rale,<\/a> parle m\u00eame de \u00ab\u00a0m\u00e9pris\u00a0\u00bb. \u00ab\u00a0Se voir traiter comme une variable d\u2019ajustement des d\u00e9serts m\u00e9dicaux, sans prendre en consid\u00e9ration notre volont\u00e9, notre formation, notre sant\u00e9 mentale, apr\u00e8s des ann\u00e9es d\u2019\u00e9tudes \u00e9prouvantes d\u00e9j\u00e0 marqu\u00e9es par le sacrifice et l\u2019exploitation, nous est insupportable.\u00a0\u00bb Selon lui, il y a trop \u00ab\u00a0d\u2019impr\u00e9cisions dans cette r\u00e9forme\u00a0\u00bb. D\u00e9j\u00e0,<a href=\"https:\/\/www.sudouest.fr\/france\/medecins-attention-les-generalistes-ne-comprennent-plus-ce-qu-on-attend-d-eux-alerte-la-presidente-de-mg-france-24744371.php\" target=\"_blank\" rel=\"noopener\"> la 10e ann\u00e9e de m\u00e9decine g\u00e9n\u00e9rale, signale-t-il, n\u2019a pas \u00e9t\u00e9 vot\u00e9e,<\/a> elle a \u00e9t\u00e9 adopt\u00e9e via le 49.3. \u00ab\u00a0Nous aurions souhait\u00e9 coconstruire cette r\u00e9forme. Or elle nous a \u00e9chapp\u00e9, nos propositions n\u2019ont jamais \u00e9t\u00e9 \u00e9cout\u00e9es. Aujourd\u2019hui, nous avons le sentiment d\u2019\u00eatre consid\u00e9r\u00e9s comme de simples bouche-trous, alors m\u00eame que nous avions des choses concr\u00e8tes \u00e0 avancer pour am\u00e9liorer l\u2019acc\u00e8s aux soins.\u00a0\u00bb<\/p>\n<p>Le choix de l\u2019installation<\/p>\n<p>Les internes sont aussi inquiets vis-\u00e0-vis de la probl\u00e9matique des lieux d\u2019installation. \u00ab\u00a0Nous n\u2019avons, \u00e0 ce jour, aucun d\u00e9cret publi\u00e9 qui d\u00e9taille la fa\u00e7on dont la r\u00e9partition va se faire. Comment peut-on se projeter\u00a0?\u00a0\u00bb \u00c0 cette question, Beno\u00eet Elleboode, directeur de l\u2019ARS Nouvelle-Aquitaine, r\u00e9pond aujourd\u2019hui avec assurance\u00a0: \u00ab\u00a0D\u00e8s le mois de juin, nous allons publier la liste des ma\u00eetres de stage qui auront re\u00e7u l\u2019agr\u00e9ment des facult\u00e9s de Bordeaux, Limoges et Poitiers. Cela leur donnera droit \u00e0 une ouverture de poste de docteur junior. La r\u00e9partition se fera sur la base du \u2018\u2018matching\u2019\u2019\u00a0: le docteur junior contactera le ma\u00eetre de stage sur le territoire qui l\u2019int\u00e9resse et ce dernier donnera suite.\u00a0\u00bb<\/p>\n<p>Il y aura forc\u00e9ment des couacs, des zones g\u00e9ographiques plus pl\u00e9biscit\u00e9es que d\u2019autres. Dans ce cas, qui va arbitrer\u00a0? La question reste en suspens. M\u00e9decin \u00e0 Bizanos (64), le docteur Vonick Corvest, membre du Collectif pour une m\u00e9decine libre et ind\u00e9pendante, a souhait\u00e9 \u00e9galement r\u00e9agir aux propos tenus par l\u2019ARS\u00a0: \u00ab\u00a0On a le sentiment que la m\u00e9decine g\u00e9n\u00e9raliste est encore une fois tra\u00een\u00e9e dans la boue. C\u2019est quoi le dispositif France-Sant\u00e9 sur lequel s\u2019appuie cette r\u00e9forme\u00a0? Une coquille vide. Aujourd\u2019hui, les ARS de France vont directement faire signer l\u2019octroi de ce label aux m\u00e9decins dans les communaut\u00e9s professionnelles territoriales de sant\u00e9 (CPTS) et dans les maisons de sant\u00e9 pluriprofessionnelle (MSP). Que signent-ils\u00a0? Ils ne connaissent m\u00eame pas les contours de ce label qui leur promet 50\u00a0000\u00a0euros contre un docteur junior. Il s\u2019agit de garder une main-d\u2019\u0153uvre pas ch\u00e8re, sous la main de l\u2019\u00c9tat, pour r\u00e9soudre le probl\u00e8me des d\u00e9serts m\u00e9dicaux \u00e0 bas prix\u00a0!\u00a0\u00bb affirme-t-il.<\/p>\n<p>59\u00a0heures de travail par semaine<\/p>\n<p>Alors oui, les m\u00e9decins g\u00e9n\u00e9ralistes sont tr\u00e8s en col\u00e8re. Ils \u00e9voquent m\u00eame un \u00ab\u00a0bashing\u00a0\u00bb, soit un d\u00e9nigrement de toute une profession, g\u00e9n\u00e9r\u00e9 par le gouvernement. \u00ab\u00a0Au-del\u00e0 de cette r\u00e9forme des internes, il y a le vote du projet de loi de financement de la S\u00e9curit\u00e9 sociale, le projet de loi antifraude contre l\u2019abus des arr\u00eats maladie avec des mises sous objectif obligatoires, s\u2019insurge le docteur Corvest. Nous sommes cal\u00e9s entre la loi antidrogue et celle du blanchiment d\u2019argent.\u00a0\u00bb<\/p>\n<p>Pierre-Alexandre Lecomte ajoute que<a href=\"https:\/\/www.sudouest.fr\/economie\/social\/greve\/greve-des-medecins-liberaux-dix-jours-de-mobilisation-en-janvier-contre-le-budget-de-la-securite-sociale-26865251.php\" target=\"_blank\" rel=\"follow noopener\"> le mouvement de gr\u00e8ve des m\u00e9decins d\u00e9but janvier<\/a> sera global\u00a0: \u00ab\u00a0Aujourd\u2019hui, les internes sont utilis\u00e9s pour combler les trous du syst\u00e8me de sant\u00e9, avec un temps de\u00a0travail moyen de cinquante-neuf\u00a0heures\u00a0par semaine contre les quarante-huit\u00a0heures r\u00e9glementaires. Les cons\u00e9quences sur la sant\u00e9 mentale des internes sont \u00e9videntes\u00a0: on d\u00e9plore 66\u00a0% de burn-out. Troubles anxieux, charge de travail, charge \u00e9motionnelle, ins\u00e9curit\u00e9, conflit de valeur\u2026\u00a0\u00bb<\/p>\n","protected":false},"excerpt":{"rendered":"Pierre-Alexandre Lecomte, interne de m\u00e9decine g\u00e9n\u00e9rale \u00e0 Poitiers, est porte-parole de l\u2019ISNAR-IMG ISMAR IMG \u00ab\u00a0Nous avons le sentiment&hellip;\n","protected":false},"author":2,"featured_media":629162,"comment_status":"","ping_status":"","sticky":false,"template":"","format":"standard","meta":{"footnotes":""},"categories":[2817],"tags":[1111,11,1997,1777,674,1011,27,12,2219,25],"class_list":{"0":"post-629161","1":"post","2":"type-post","3":"status-publish","4":"format-standard","5":"has-post-thumbnail","7":"category-bordeaux","8":"tag-actu","9":"tag-actualites","10":"tag-bordeaux","11":"tag-eu","12":"tag-europe","13":"tag-fr","14":"tag-france","15":"tag-news","16":"tag-nouvelle-aquitaine","17":"tag-republique-francaise"},"share_on_mastodon":{"url":"https:\/\/pubeurope.com\/@fr\/115806811185029356","error":""},"_links":{"self":[{"href":"https:\/\/www.europesays.com\/fr\/wp-json\/wp\/v2\/posts\/629161","targetHints":{"allow":["GET"]}}],"collection":[{"href":"https:\/\/www.europesays.com\/fr\/wp-json\/wp\/v2\/posts"}],"about":[{"href":"https:\/\/www.europesays.com\/fr\/wp-json\/wp\/v2\/types\/post"}],"author":[{"embeddable":true,"href":"https:\/\/www.europesays.com\/fr\/wp-json\/wp\/v2\/users\/2"}],"replies":[{"embeddable":true,"href":"https:\/\/www.europesays.com\/fr\/wp-json\/wp\/v2\/comments?post=629161"}],"version-history":[{"count":0,"href":"https:\/\/www.europesays.com\/fr\/wp-json\/wp\/v2\/posts\/629161\/revisions"}],"wp:featuredmedia":[{"embeddable":true,"href":"https:\/\/www.europesays.com\/fr\/wp-json\/wp\/v2\/media\/629162"}],"wp:attachment":[{"href":"https:\/\/www.europesays.com\/fr\/wp-json\/wp\/v2\/media?parent=629161"}],"wp:term":[{"taxonomy":"category","embeddable":true,"href":"https:\/\/www.europesays.com\/fr\/wp-json\/wp\/v2\/categories?post=629161"},{"taxonomy":"post_tag","embeddable":true,"href":"https:\/\/www.europesays.com\/fr\/wp-json\/wp\/v2\/tags?post=629161"}],"curies":[{"name":"wp","href":"https:\/\/api.w.org\/{rel}","templated":true}]}}