{"id":629163,"date":"2025-12-30T05:14:10","date_gmt":"2025-12-30T05:14:10","guid":{"rendered":"https:\/\/www.europesays.com\/fr\/629163\/"},"modified":"2025-12-30T05:14:10","modified_gmt":"2025-12-30T05:14:10","slug":"on-a-eu-peur-un-incendie-touche-lemblematique-brasserie-le-noailles-a-bordeaux","status":"publish","type":"post","link":"https:\/\/www.europesays.com\/fr\/629163\/","title":{"rendered":"\u00ab\u00a0On a eu peur\u00a0\u00bb : un incendie touche l&#8217;embl\u00e9matique brasserie Le Noailles \u00e0 Bordeaux"},"content":{"rendered":"<p>Le feu s&rsquo;est d\u00e9clench\u00e9 dans la cuisine avant de remonter les quatre \u00e9tages de l&rsquo;immeubles. Une centaine de personnes ont \u00e9t\u00e9 \u00e9vacu\u00e9es le temps de l&rsquo;intervention mais personne n&rsquo;a \u00e9t\u00e9 bless\u00e9. <\/p>\n<p>Un incendie s&rsquo;est d\u00e9clench\u00e9 dans l&#8217;embl\u00e9matique brasserie Le Noailles \u00e0 Bordeaux ce lundi 29 d\u00e9cembre. Le feu s&rsquo;est d\u00e9clench\u00e9 dans la <strong>cuisine<\/strong> du restaurant. Une cinquantaine de pompiers ont lutt\u00e9 contre les flammes d\u00e8s 21h. Une centaine de personnes ont d\u00fb \u00eatre \u00e9vacu\u00e9es. Deux familles ont \u00e9t\u00e9 relog\u00e9es, il n&rsquo;y a pas eu de bless\u00e9s.<\/p>\n<p>\u00ab\u00a0On a eu peur\u00a0\u00bb<\/p>\n<p>Tout s&rsquo;est pass\u00e9 tr\u00e8s vite. \u00ab\u00a0La plancha a pris feu\u00a0\u00bb, raconte Marion Cuny, co-propri\u00e9taire du restaurant Le Noailles, \u00ab\u00a0on a essay\u00e9 de l&rsquo;arr\u00eater mais c&rsquo;\u00e9tait impossible, en deux minutes il y avait le feu dans la cuisine\u00a0\u00bb, rench\u00e9rit Yuri, chef de partie. Les flammes se sont ensuite rapidement propag\u00e9es au quatre \u00e9tages de l&rsquo;immeuble par les tuyaux d&rsquo;\u00e9vacuation, jusqu&rsquo;\u00e0 atteindre les combles et le toit. \u00ab\u00a0C&rsquo;\u00e9tait d\u00e9j\u00e0 en feu dans d&rsquo;autres appartement, c&rsquo;est terrible\u00a0\u00bb, souffle Marion Cuny. \u00ab\u00a0On a pu peur que cela explose\u00a0\u00bb, r\u00e9sume de son c\u00f4t\u00e9 Yuri.<\/p>\n<p>Lorsque le feu s&rsquo;est d\u00e9clench\u00e9, le personnel \u00e9vacue rapidement la salle et pr\u00e9vient les habitants \u00e0 proximit\u00e9, pour leur permettre de quitter les lieux. A l&rsquo;arriv\u00e9e des pompiers, entre les clients du restaurant, le personnel et les habitants, une <strong>centaine de personnes<\/strong> sont \u00e9vacu\u00e9es.<\/p>\n<p>Une cinquantaine de pompiers mobilis\u00e9s<\/p>\n<p>Tout le quartier est ensuite boucl\u00e9 par les secours, venus en nombre. Au plus fort de l&rsquo;intervention, il y avait <strong>cinquante pompiers sur place<\/strong>, une vingtaine de v\u00e9hicules, une \u00e9quipe drone, d\u00e9blaiement et grimpe. Une vingtaine de m\u00e8tres carr\u00e9s de la cuisine ont \u00e9t\u00e9 impact\u00e9s, 200 m2 de toiture ont \u00e9t\u00e9 \u00ab\u00a0sauv\u00e9s\u00a0\u00bb, explique le Capitaine Braz, officier communication du SDIS 33, \u00ab\u00a0l&rsquo;action des sapeurs-pompiers a permis d&rsquo;\u00e9viter d&rsquo;endiguer le sinistre et \u00e9viter la propagation sur les b\u00e2timents contigus\u00a0\u00bb.<\/p>\n<p>Parmi les personnes \u00e9vacu\u00e9es, Philippe, a vu l&rsquo;\u00e9pais panache de fum\u00e9e et les flammes impressionnantes, sortir du toit\u00a0: \u00ab\u00a0tout le monde conna\u00eet le Noailles, c&rsquo;est notre QG pour beaucoup, c&rsquo;est quelque chose qu&rsquo;on envisage m\u00eame pas\u00a0\u00bb.<\/p>\n<p>\u00ab\u00a0Le plus important, c&rsquo;est qu&rsquo;il n&rsquo;y ait pas eu de bless\u00e9s\u00a0\u00bb<\/p>\n<p>\u00ab\u00a0Ce qui me touche c&rsquo;est les personnes que l&rsquo;on connait, qui habitent au-dessus de nous et vont devoir trouver une solution\u00a0\u00bb, r\u00e9agit Nicolas Cuny, propri\u00e9taire et g\u00e9rant du Noailles, \u00ab\u00a0je pense \u00e9galement au restaurant, on va devoir \u00eatre ferm\u00e9s pendant un long moment\u00a0\u00bb.<\/p>\n<p>Pas de service le 31 d\u00e9cembre ou le 1er janvier, deux grosses soir\u00e9es pour le restaurant qui s&rsquo;attendait \u00e0 <strong>300 couverts par jours<\/strong>. Mais le propri\u00e9taire relativise\u00a0: \u00ab\u00a0la bonne nouvelle c&rsquo;est que le staff va pouvoir f\u00eater le nouvel an en famille, pr\u00e9voir quelque chose. On s&rsquo;en remettra, le principal c&rsquo;est qu&rsquo;il n&rsquo;y ait pas de victimes\u00a0\u00bb.<\/p>\n","protected":false},"excerpt":{"rendered":"Le feu s&rsquo;est d\u00e9clench\u00e9 dans la cuisine avant de remonter les quatre \u00e9tages de l&rsquo;immeubles. Une centaine de&hellip;\n","protected":false},"author":2,"featured_media":629164,"comment_status":"","ping_status":"","sticky":false,"template":"","format":"standard","meta":{"footnotes":""},"categories":[2817],"tags":[1111,11,1997,1777,674,1011,27,12,2219,25],"class_list":{"0":"post-629163","1":"post","2":"type-post","3":"status-publish","4":"format-standard","5":"has-post-thumbnail","7":"category-bordeaux","8":"tag-actu","9":"tag-actualites","10":"tag-bordeaux","11":"tag-eu","12":"tag-europe","13":"tag-fr","14":"tag-france","15":"tag-news","16":"tag-nouvelle-aquitaine","17":"tag-republique-francaise"},"share_on_mastodon":{"url":"https:\/\/pubeurope.com\/@fr\/115806815059837457","error":""},"_links":{"self":[{"href":"https:\/\/www.europesays.com\/fr\/wp-json\/wp\/v2\/posts\/629163","targetHints":{"allow":["GET"]}}],"collection":[{"href":"https:\/\/www.europesays.com\/fr\/wp-json\/wp\/v2\/posts"}],"about":[{"href":"https:\/\/www.europesays.com\/fr\/wp-json\/wp\/v2\/types\/post"}],"author":[{"embeddable":true,"href":"https:\/\/www.europesays.com\/fr\/wp-json\/wp\/v2\/users\/2"}],"replies":[{"embeddable":true,"href":"https:\/\/www.europesays.com\/fr\/wp-json\/wp\/v2\/comments?post=629163"}],"version-history":[{"count":0,"href":"https:\/\/www.europesays.com\/fr\/wp-json\/wp\/v2\/posts\/629163\/revisions"}],"wp:featuredmedia":[{"embeddable":true,"href":"https:\/\/www.europesays.com\/fr\/wp-json\/wp\/v2\/media\/629164"}],"wp:attachment":[{"href":"https:\/\/www.europesays.com\/fr\/wp-json\/wp\/v2\/media?parent=629163"}],"wp:term":[{"taxonomy":"category","embeddable":true,"href":"https:\/\/www.europesays.com\/fr\/wp-json\/wp\/v2\/categories?post=629163"},{"taxonomy":"post_tag","embeddable":true,"href":"https:\/\/www.europesays.com\/fr\/wp-json\/wp\/v2\/tags?post=629163"}],"curies":[{"name":"wp","href":"https:\/\/api.w.org\/{rel}","templated":true}]}}