{"id":629167,"date":"2025-12-30T05:16:10","date_gmt":"2025-12-30T05:16:10","guid":{"rendered":"https:\/\/www.europesays.com\/fr\/629167\/"},"modified":"2025-12-30T05:16:10","modified_gmt":"2025-12-30T05:16:10","slug":"decision-cle-attendue-sur-lavenir-de-la69-lexpress","status":"publish","type":"post","link":"https:\/\/www.europesays.com\/fr\/629167\/","title":{"rendered":"D\u00e9cision cl\u00e9 attendue sur l&rsquo;avenir de l&rsquo;A69 \u2013 L&rsquo;Express"},"content":{"rendered":"<p class=\"paragraph article-body-paragraph article__item   article-body-paragraph--first \">Les opposants \u00e0 cette autoroute, devenue un embl\u00e8me des luttes environnementales contre des projets jug\u00e9s d\u00e9pass\u00e9s \u00e0 l&rsquo;heure du changement climatique, craignent que l&rsquo;arr\u00eat rendu par la cour administrative d&rsquo;appel de Toulouse ne leur soit d\u00e9favorable.<\/p>\n<p class=\"paragraph article-body-paragraph article__item   \">Le rapporteur public, dont l&rsquo;avis est en g\u00e9n\u00e9ral suivi par les juridictions administratives, a effectivement recommand\u00e9 la poursuite des travaux.<\/p>\n<p class=\"paragraph article-body-paragraph article__item   \">Compte tenu de la taille critique du bassin de population et d&#8217;emploi des villes de Castres et de Mazamet, dans le sud du Tarn, il est difficile de lui d\u00e9nier la n\u00e9cessit\u00e9 d&rsquo;une liaison autorouti\u00e8re avec la m\u00e9tropole toulousaine, a estim\u00e9 le rapporteur Fr\u00e9d\u00e9ric Diard, lors de l&rsquo;audience le 11 d\u00e9cembre.<\/p>\n<p class=\"paragraph article-body-paragraph article__item   \">Le magistrat a donc demand\u00e9 l&rsquo;annulation du jugement du tribunal administratif de Toulouse qui, le 27 f\u00e9vrier, avait stopp\u00e9 le chantier, mis en pause de fin f\u00e9vrier \u00e0 fin mai.<\/p>\n<p class=\"paragraph article-body-paragraph article__item   \">L&rsquo;hiver dernier, le tribunal avait invalid\u00e9 l&rsquo;autorisation environnementale de l&rsquo;A69, estimant que ce projet d&rsquo;autoroute ne pr\u00e9sentait pas de Raison imp\u00e9rative d&rsquo;int\u00e9r\u00eat public majeur (RIIPM), imp\u00e9ratif juridique justifiant les atteintes \u00e0 l&rsquo;environnement caus\u00e9es par ce type d&rsquo;infrastructure.<\/p>\n<p class=\"paragraph article-body-paragraph article__item   \">A la demande de l&rsquo;\u00c9tat et du constructeur et futur concessionnaire Atosca, la cour administrative d&rsquo;appel a n\u00e9anmoins autoris\u00e9 le 28 mai la reprise du chantier, en attendant de se prononcer sur le fond.<\/p>\n<p class=\"paragraph article-body-paragraph article__item   \">Le droit et les avis techniques plaident pour la confirmation de la d\u00e9cision de premi\u00e8re instance, a soutenu \u00e0 l&rsquo;audience, Me Julie Rover, avocate des associations d&rsquo;opposants, pour qui l&rsquo;anomalie juridique serait un arr\u00eat de la cour conforme \u00e0 la position du rapporteur public.<\/p>\n<p> D\u00e9passements du chantier <\/p>\n<p class=\"paragraph article-body-paragraph article__item   \">D\u00e8s l&rsquo;issue des d\u00e9bats, le 11 d\u00e9cembre, les anti-A69 ne cachaient pas leur pessimisme vis-\u00e0-vis de la d\u00e9cision attendue ce mardi, mettant notamment en cause l&rsquo;impartialit\u00e9 de la cour, pr\u00e9sid\u00e9e dans ce dossier par le m\u00eame magistrat, Denis Chabert, ayant d\u00e9j\u00e0 autoris\u00e9 la reprise des travaux en mai dernier.<\/p>\n<p class=\"paragraph article-body-paragraph article__item   \">Ils esp\u00e8rent n\u00e9anmoins que les d\u00e9passements non autoris\u00e9s du p\u00e9rim\u00e8tre du chantier de l&rsquo;autoroute, constat\u00e9s en novembre, et reconnus par le constructeur lui-m\u00eame pourront peut-\u00eatre faire pencher la balance en leur faveur.<\/p>\n<p class=\"paragraph article-body-paragraph article__item   \">Si elle ne confirme pas l&rsquo;annulation de l&rsquo;autorisation du chantier, la cour doit au moins rouvrir le dossier pour analyser l&rsquo;impact environnemental de ces emprises suppl\u00e9mentaires, a ainsi d\u00e9clar\u00e9 \u00e0 l&rsquo;AFP un porte-parole de La Voie est libre (LVEL), collectif d&rsquo;opposants au projet.<\/p>\n<p class=\"paragraph article-body-paragraph article__item   \">Pour ces militants \u00e9cologistes, le sujet de ces emprises ill\u00e9gales a un impact sur la compensation du projet, \u00e0 savoir l&rsquo;obligation pour le constructeur de compenser les impacts n\u00e9gatifs sur l&rsquo;environnement du projet. <\/p>\n<p class=\"paragraph article-body-paragraph article__item   \">De ce fait, il a un impact sur la d\u00e9cision qui va \u00eatre rendue mardi, souligne ce porte-parole de LVEL, m\u00eame si, lors de l&rsquo;audience, M. Chabert avait bien pris soin de pr\u00e9ciser que cette question n&rsquo;\u00e9tait justement pas au coeur des d\u00e9bats.<\/p>\n<p class=\"paragraph article-body-paragraph article__item   \">Dans une autre proc\u00e9dure entam\u00e9e par ces opposants \u00e0 l&rsquo;A69, la justice p\u00e9nale doit se prononcer le 12 janvier sur le sort de ces emprises non autoris\u00e9es, le parquet ayant point\u00e9 la gravit\u00e9 des atteintes \u00e0 l&rsquo;environnement relev\u00e9es et requis la suspension des travaux dans ces zones.<\/p>\n<p class=\"paragraph article-body-paragraph article__item   \">L&rsquo;importance des d\u00e9passements d&#8217;emprise, ainsi que le caract\u00e8re incomplet des documents adress\u00e9s par le futur concessionnaire Atosca qui supervise les travaux, ont d&rsquo;ailleurs conduit le 19 d\u00e9cembre les pr\u00e9fets du Tarn et de la Haute-Garonne \u00e0 geler la situation du chantier pour les zones situ\u00e9es hors emprise de l&rsquo;autorisation environnementale initiale.<\/p>\n<p class=\"paragraph article-body-paragraph article__item   \">Hormis ces surfaces compl\u00e9mentaires utilis\u00e9es de fa\u00e7on temporaire pour la logistique du chantier (&#8230;), les travaux se poursuivront sur la surface de r\u00e9f\u00e9rence de l&rsquo;autoroute conform\u00e9ment \u00e0 l&rsquo;autorisation environnementale portant sur 340 hectares, avait r\u00e9agi le constructeur.<\/p>\n<p class=\"paragraph article-body-paragraph article__item    article__text__endpicto\">Selon le calendrier convenu avec l&rsquo;Etat, Atosca pr\u00e9voit une inauguration de cette autoroute \u00e0 l&rsquo;automne 2026.<\/p>\n","protected":false},"excerpt":{"rendered":"Les opposants \u00e0 cette autoroute, devenue un embl\u00e8me des luttes environnementales contre des projets jug\u00e9s d\u00e9pass\u00e9s \u00e0 l&rsquo;heure&hellip;\n","protected":false},"author":2,"featured_media":629168,"comment_status":"","ping_status":"","sticky":false,"template":"","format":"standard","meta":{"footnotes":""},"categories":[2816],"tags":[1111,11,10944,1777,674,1011,27,12,2680,25,2312],"class_list":{"0":"post-629167","1":"post","2":"type-post","3":"status-publish","4":"format-standard","5":"has-post-thumbnail","7":"category-toulouse","8":"tag-actu","9":"tag-actualites","10":"tag-archives","11":"tag-eu","12":"tag-europe","13":"tag-fr","14":"tag-france","15":"tag-news","16":"tag-occitanie","17":"tag-republique-francaise","18":"tag-toulouse"},"share_on_mastodon":{"url":"https:\/\/pubeurope.com\/@fr\/115806822915069283","error":""},"_links":{"self":[{"href":"https:\/\/www.europesays.com\/fr\/wp-json\/wp\/v2\/posts\/629167","targetHints":{"allow":["GET"]}}],"collection":[{"href":"https:\/\/www.europesays.com\/fr\/wp-json\/wp\/v2\/posts"}],"about":[{"href":"https:\/\/www.europesays.com\/fr\/wp-json\/wp\/v2\/types\/post"}],"author":[{"embeddable":true,"href":"https:\/\/www.europesays.com\/fr\/wp-json\/wp\/v2\/users\/2"}],"replies":[{"embeddable":true,"href":"https:\/\/www.europesays.com\/fr\/wp-json\/wp\/v2\/comments?post=629167"}],"version-history":[{"count":0,"href":"https:\/\/www.europesays.com\/fr\/wp-json\/wp\/v2\/posts\/629167\/revisions"}],"wp:featuredmedia":[{"embeddable":true,"href":"https:\/\/www.europesays.com\/fr\/wp-json\/wp\/v2\/media\/629168"}],"wp:attachment":[{"href":"https:\/\/www.europesays.com\/fr\/wp-json\/wp\/v2\/media?parent=629167"}],"wp:term":[{"taxonomy":"category","embeddable":true,"href":"https:\/\/www.europesays.com\/fr\/wp-json\/wp\/v2\/categories?post=629167"},{"taxonomy":"post_tag","embeddable":true,"href":"https:\/\/www.europesays.com\/fr\/wp-json\/wp\/v2\/tags?post=629167"}],"curies":[{"name":"wp","href":"https:\/\/api.w.org\/{rel}","templated":true}]}}