{"id":629171,"date":"2025-12-30T05:19:15","date_gmt":"2025-12-30T05:19:15","guid":{"rendered":"https:\/\/www.europesays.com\/fr\/629171\/"},"modified":"2025-12-30T05:19:15","modified_gmt":"2025-12-30T05:19:15","slug":"lopera-de-marseille-secoue-par-un-audit-qui-epingle-son-atelier-de-couture","status":"publish","type":"post","link":"https:\/\/www.europesays.com\/fr\/629171\/","title":{"rendered":"L&rsquo;Op\u00e9ra de Marseille secou\u00e9 par un audit qui \u00e9pingle son atelier de couture"},"content":{"rendered":"<p>\t    L&rsquo;Op\u00e9ra de Marseille secou\u00e9 par un audit qui \u00e9pingle son atelier de couture &#8211; Marsactu<\/p>\n<p>&#13;<br \/>\n\t\t&#13;<\/p>\n<p>Nous utilisons des cookies pour vous garantir la meilleure exp\u00e9rience sur notre site. Vous pouvez choisir de refuser les cookies.J&rsquo;accepteNonEn savoir plus<\/p>\n<p>\t\t&#13;<\/p>\n","protected":false},"excerpt":{"rendered":"L&rsquo;Op\u00e9ra de Marseille secou\u00e9 par un audit qui \u00e9pingle son atelier de couture &#8211; Marsactu &#13; &#13; Nous&hellip;\n","protected":false},"author":2,"featured_media":629172,"comment_status":"","ping_status":"","sticky":false,"template":"","format":"standard","meta":{"footnotes":""},"categories":[2814],"tags":[1111,11,73858,1067,1777,674,1011,27,884,12,73859,882,25,6381,4772],"class_list":{"0":"post-629171","1":"post","2":"type-post","3":"status-publish","4":"format-standard","5":"has-post-thumbnail","7":"category-marseille","8":"tag-actu","9":"tag-actualites","10":"tag-article40","11":"tag-enquete","12":"tag-eu","13":"tag-europe","14":"tag-fr","15":"tag-france","16":"tag-marseille","17":"tag-news","18":"tag-opera-de-marseille","19":"tag-provence-alpes-cote-dazur","20":"tag-republique-francaise","21":"tag-ville-de-marseille","22":"tag-zalu"},"share_on_mastodon":{"url":"https:\/\/pubeurope.com\/@fr\/115806835073557967","error":""},"_links":{"self":[{"href":"https:\/\/www.europesays.com\/fr\/wp-json\/wp\/v2\/posts\/629171","targetHints":{"allow":["GET"]}}],"collection":[{"href":"https:\/\/www.europesays.com\/fr\/wp-json\/wp\/v2\/posts"}],"about":[{"href":"https:\/\/www.europesays.com\/fr\/wp-json\/wp\/v2\/types\/post"}],"author":[{"embeddable":true,"href":"https:\/\/www.europesays.com\/fr\/wp-json\/wp\/v2\/users\/2"}],"replies":[{"embeddable":true,"href":"https:\/\/www.europesays.com\/fr\/wp-json\/wp\/v2\/comments?post=629171"}],"version-history":[{"count":0,"href":"https:\/\/www.europesays.com\/fr\/wp-json\/wp\/v2\/posts\/629171\/revisions"}],"wp:featuredmedia":[{"embeddable":true,"href":"https:\/\/www.europesays.com\/fr\/wp-json\/wp\/v2\/media\/629172"}],"wp:attachment":[{"href":"https:\/\/www.europesays.com\/fr\/wp-json\/wp\/v2\/media?parent=629171"}],"wp:term":[{"taxonomy":"category","embeddable":true,"href":"https:\/\/www.europesays.com\/fr\/wp-json\/wp\/v2\/categories?post=629171"},{"taxonomy":"post_tag","embeddable":true,"href":"https:\/\/www.europesays.com\/fr\/wp-json\/wp\/v2\/tags?post=629171"}],"curies":[{"name":"wp","href":"https:\/\/api.w.org\/{rel}","templated":true}]}}