{"id":629177,"date":"2025-12-30T05:22:18","date_gmt":"2025-12-30T05:22:18","guid":{"rendered":"https:\/\/www.europesays.com\/fr\/629177\/"},"modified":"2025-12-30T05:22:18","modified_gmt":"2025-12-30T05:22:18","slug":"polemique-a-lyon-apres-des-chants-de-supporters-algeriens","status":"publish","type":"post","link":"https:\/\/www.europesays.com\/fr\/629177\/","title":{"rendered":"pol\u00e9mique \u00e0 Lyon apr\u00e8s des chants de supporters alg\u00e9riens"},"content":{"rendered":"<p>\n    L\u2019influenceuse franco-alg\u00e9rienne Sofia Benlemmane et plusieurs supporters alg\u00e9riens font l\u2019objet d\u2019un signalement au procureur de la R\u00e9publique pour avoir entonn\u00e9 ce chant dimanche soir, apr\u00e8s la victoire de l\u2019\u00e9quipe d\u2019Alg\u00e9rie lors de la Coupe d\u2019Afrique des nations.<\/p>\n<p class=\"fig-paragraph\">De nombreux supporters alg\u00e9riens se sont r\u00e9unis dimanche soir dans le quartier de la Guilloti\u00e8re \u00e0 Lyon,\u00a0<a href=\"http:\/\/www.lefigaro.fr\/faits-divers\/tirs-de-mortiers-degradations-des-heurts-eclatent-dans-plusieurs-villes-de-france-apres-la-victoire-de-l-algerie-a-la-can-20251229\" data-fig-type=\"NewsFlash\" data-gtm-custom-categorie=\"navigation\" data-gtm-custom-action=\"crossclick\" data-gtm-custom-label=\"Contextuel\" data-gtm-event=\"customEventSPE\" data-fig-domain=\"LEFIGARO\" target=\"_blank\" rel=\"noopener\">apr\u00e8s la victoire de leur \u00e9quipe nationale lors de la phase de poule de la Coupe d\u2019Afrique<\/a>\u00a0des nations. Parmi eux, l\u2019influenceuse franco-alg\u00e9rienne\u00a0<a href=\"http:\/\/www.lefigaro.fr\/lyon\/n-ta-mere-toi-et-ta-france-une-influenceuse-franco-algerienne-jugee-pour-menaces-de-mort-a-lyon-20250318\" data-fig-type=\"NewsFlash\" data-gtm-custom-categorie=\"navigation\" data-gtm-custom-action=\"crossclick\" data-gtm-custom-label=\"Contextuel\" data-gtm-event=\"customEventSPE\" data-fig-domain=\"LEFIGARO\" target=\"_blank\" rel=\"noopener\">Sofia Benlemmane<\/a>, condamn\u00e9e en avril \u00e0 Lyon \u00e0 neuf mois de prison avec sursis apr\u00e8s avoir menac\u00e9 de mort des opposants au r\u00e9gime alg\u00e9rien. \u00abVous nous avez colonis\u00e9s, maintenant vous \u00eates dans la merde [\u2026] Le pays est le n\u00f4tre, on fait ce qu\u2019on veut\u00bb, a chant\u00e9 la quinquag\u00e9naire lors du rassemblement des supporters alg\u00e9riens selon une vid\u00e9o publi\u00e9e sur plusieurs r\u00e9seaux sociaux. La pr\u00e9f\u00e8te du Rh\u00f4ne\u00a0<a href=\"http:\/\/www.lefigaro.fr\/lyon\/lyon-qui-est-fabienne-buccio-la-nouvelle-prefete-d-auvergne-rhone-alpes-20230112\" data-fig-type=\"Article\" data-gtm-custom-categorie=\"navigation\" data-gtm-custom-action=\"crossclick\" data-gtm-custom-label=\"Contextuel\" data-gtm-event=\"customEventSPE\" data-fig-domain=\"LEFIGARO\" target=\"_blank\" rel=\"noopener\">Fabienne Buccio<\/a>\u00a0indique au Figaro avoir saisi le procureur de la R\u00e9publique via un article 40 au vu de la teneur des propos tenus.<\/p>\n<p>                                            Un rassemblement dispers\u00e9 \u00e0 l\u2019aide de moyens lacrymog\u00e8nes<\/p>\n<p class=\"fig-paragraph\">Au printemps,\u00a0<a href=\"http:\/\/www.lefigaro.fr\/lyon\/nique-ta-mere-toi-et-ta-france-une-influenceuse-franco-algerienne-lyonnaise-placee-en-garde-a-vue-20250109\" data-fig-type=\"NewsFlash\" data-gtm-custom-categorie=\"navigation\" data-gtm-custom-action=\"crossclick\" data-gtm-custom-label=\"Contextuel\" data-gtm-event=\"customEventSPE\" data-fig-domain=\"LEFIGARO\" target=\"_blank\" rel=\"noopener\">Sofia Benlemmane<\/a>, suivie par pr\u00e8s de 350.000 personnes \u00e0 l\u2019\u00e9poque sur TikTok et Facebook, avait d\u00e9clar\u00e9 \u00abN*** ta m\u00e8re toi et ta France\u00bb et \u00abj\u2019esp\u00e8re que tu seras tu\u00e9e, j\u2019esp\u00e8re qu\u2019ils vont te tuer\u00bb. Propos pour lesquels elle avait \u00e9t\u00e9 condamn\u00e9e. Cette ancienne joueuse de football avait d\u00e9j\u00e0 fait parler d\u2019elle en 2001 apr\u00e8s avoir \u00e9cop\u00e9 de sept mois de prison avec sursis et trois ans d\u2019interdiction de stade pour avoir p\u00e9n\u00e9tr\u00e9 sur la pelouse du Stade de France avec un drapeau alg\u00e9rien lors d\u2019un match amical France-Alg\u00e9rie.<\/p>\n<p>                                            <a class=\"fig-a11y-skip\" href=\"#fig-a11y-skip-main-inarticle\" data-module=\"a11y-skip\" data-context=\"was @visible\"><br \/>\n    Passer la publicit\u00e9<br \/>\n<\/a>            <\/p>\n<p class=\"fig-paragraph\"><a href=\"http:\/\/www.lefigaro.fr\/faits-divers\/tirs-de-mortiers-degradations-des-heurts-eclatent-dans-plusieurs-villes-de-france-apres-la-victoire-de-l-algerie-a-la-can-20251229\" data-fig-type=\"NewsFlash\" data-gtm-custom-categorie=\"navigation\" data-gtm-custom-action=\"crossclick\" data-gtm-custom-label=\"Contextuel\" data-gtm-event=\"customEventSPE\" data-fig-domain=\"LEFIGARO\" target=\"_blank\" rel=\"noopener\">Les festivit\u00e9s de la victoire de l\u2019Alg\u00e9rie<\/a>\u00a0ont r\u00e9uni environ 150 personnes dans le quartier de la Guilloti\u00e8re \u00e0 Lyon dimanche soir. La circulation dans le quartier a \u00e9t\u00e9 bloqu\u00e9e par le rassemblement. Des mortiers d\u2019artifice ont \u00e9t\u00e9 tir\u00e9s et des projectiles ont \u00e9t\u00e9 lanc\u00e9s sur les forces de l\u2019ordre. Ces derniers ont ripost\u00e9 \u00e0 l\u2019aide de moyens lacrymog\u00e8nes pour disperser le rassemblement.<\/p>\n","protected":false},"excerpt":{"rendered":"L\u2019influenceuse franco-alg\u00e9rienne Sofia Benlemmane et plusieurs supporters alg\u00e9riens font l\u2019objet d\u2019un signalement au procureur de la R\u00e9publique pour&hellip;\n","protected":false},"author":2,"featured_media":629178,"comment_status":"","ping_status":"","sticky":false,"template":"","format":"standard","meta":{"footnotes":""},"categories":[1889],"tags":[1111,11,15,2430,45410,69595,1777,674,1011,27,2428,12,25],"class_list":{"0":"post-629177","1":"post","2":"type-post","3":"status-publish","4":"format-standard","5":"has-post-thumbnail","7":"category-lyon","8":"tag-actu","9":"tag-actualites","10":"tag-algerie","11":"tag-auvergne-rhone-alpes","12":"tag-colonisation","13":"tag-coupe-dafrique-des-nations","14":"tag-eu","15":"tag-europe","16":"tag-fr","17":"tag-france","18":"tag-lyon","19":"tag-news","20":"tag-republique-francaise"},"share_on_mastodon":{"url":"https:\/\/pubeurope.com\/@fr\/115806846499153417","error":""},"_links":{"self":[{"href":"https:\/\/www.europesays.com\/fr\/wp-json\/wp\/v2\/posts\/629177","targetHints":{"allow":["GET"]}}],"collection":[{"href":"https:\/\/www.europesays.com\/fr\/wp-json\/wp\/v2\/posts"}],"about":[{"href":"https:\/\/www.europesays.com\/fr\/wp-json\/wp\/v2\/types\/post"}],"author":[{"embeddable":true,"href":"https:\/\/www.europesays.com\/fr\/wp-json\/wp\/v2\/users\/2"}],"replies":[{"embeddable":true,"href":"https:\/\/www.europesays.com\/fr\/wp-json\/wp\/v2\/comments?post=629177"}],"version-history":[{"count":0,"href":"https:\/\/www.europesays.com\/fr\/wp-json\/wp\/v2\/posts\/629177\/revisions"}],"wp:featuredmedia":[{"embeddable":true,"href":"https:\/\/www.europesays.com\/fr\/wp-json\/wp\/v2\/media\/629178"}],"wp:attachment":[{"href":"https:\/\/www.europesays.com\/fr\/wp-json\/wp\/v2\/media?parent=629177"}],"wp:term":[{"taxonomy":"category","embeddable":true,"href":"https:\/\/www.europesays.com\/fr\/wp-json\/wp\/v2\/categories?post=629177"},{"taxonomy":"post_tag","embeddable":true,"href":"https:\/\/www.europesays.com\/fr\/wp-json\/wp\/v2\/tags?post=629177"}],"curies":[{"name":"wp","href":"https:\/\/api.w.org\/{rel}","templated":true}]}}