{"id":629181,"date":"2025-12-30T05:25:12","date_gmt":"2025-12-30T05:25:12","guid":{"rendered":"https:\/\/www.europesays.com\/fr\/629181\/"},"modified":"2025-12-30T05:25:12","modified_gmt":"2025-12-30T05:25:12","slug":"plus-de-2000e-le-billet-la-folie-autour-de-la-venue-des-plus-grands-sumotoris-a-paris","status":"publish","type":"post","link":"https:\/\/www.europesays.com\/fr\/629181\/","title":{"rendered":"Plus de 2000\u20ac le billet, la folie autour de la venue des plus grands sumotoris \u00e0 Paris"},"content":{"rendered":"<p>\n    Les stars de Sumo d\u00e9barqueront dans la capitale les 13 et 14 juin. Un \u00e9v\u00e9nement qui suscite un \u00e9norme engouement.<\/p>\n<p class=\"fig-paragraph\">Les 13 et 14 juin l\u2019Accor Arena de Paris-Bercy aura une \u00e2me japonaise avec la venue exceptionnelle des plus grands Sumotoris de la plan\u00e8te. La salle parisienne va accueillir pendant deux jours les meilleurs athl\u00e8tes pour un tournoi organis\u00e9 plus de 30 ans apr\u00e8s le dernier \u00e9v\u00e9nement de ce type en France.<\/p>\n<p>                                            2071 euros la place la plus ch\u00e8re<\/p>\n<p class=\"fig-paragraph\">Une comp\u00e9tition qui soul\u00e8ve un \u00e9norme engouement puisque \u00e0 six mois de cette grande f\u00eate de la culture japonaise, quasiment toutes les places ont \u00e9t\u00e9 vendues. Le prix des billets les plus chers permettant d\u2019\u00eatre plac\u00e9s au premier rang, \u00e0 quelques m\u00e8tres seulement du tatami et des lutteurs, a \u00e9t\u00e9 fix\u00e9 \u00e0 plus de 2000 euros (2071\u20ac exactement). Ce lundi, il n\u2019en restait qu\u2019une dizaine de disponibles. Les places les moins ch\u00e8res, situ\u00e9es en tribunes hautes, partent pour 80 euros.<\/p>\n<p>                                            <a class=\"fig-a11y-skip\" href=\"#fig-a11y-skip-main-inarticle\" data-module=\"a11y-skip\" data-context=\"was @visible\"><br \/>\n    Passer la publicit\u00e9<br \/>\n<\/a>            <\/p>\n<p class=\"fig-paragraph\">Cette prise d\u2019assaut de la billetterie n\u2019est pas une surprise. Si les d\u00e9placements \u00e0 l\u2019\u00e9tranger des stars de la discipline \u00e9taient fr\u00e9quents dans les ann\u00e9es 1980 et 1990, le robinet a \u00e9t\u00e9 totalement coup\u00e9 depuis 2005. Apr\u00e8s avoir gard\u00e9 l\u2019exclusivit\u00e9 des tournois sur l\u2019archipel japonais ces vingt derni\u00e8res ann\u00e9es, l\u2019Association japonaise de sumo (AJS) a d\u00e9cid\u00e9 de s\u2019exporter de nouveau alors que la demande a explos\u00e9 derni\u00e8rement.<\/p>\n<p>                                            Le Sumo port\u00e9 par une s\u00e9rie Netflix et le Covid<\/p>\n<p class=\"fig-paragraph\">De nombreux fans \u00e9trangers\u00a0<a href=\"http:\/\/www.lefigaro.fr\/international\/public-vieillissant-pratiques-d-un-autre-age-pour-durer-le-sumo-s-exporte-en-dehors-du-japon-20250709\" data-fig-type=\"Article\" data-gtm-custom-categorie=\"navigation\" data-gtm-custom-action=\"crossclick\" data-gtm-custom-label=\"Contextuel\" data-gtm-event=\"customEventSPE\" data-fig-domain=\"LEFIGARO\" target=\"_blank\" rel=\"noopener\">sont devenus accros \u00e0 ce sport pendant la p\u00e9riode de confinement du Covid-19<\/a>, mais aussi gr\u00e2ce au succ\u00e8s de la s\u00e9rie Netflix \u00abSanctuary\u00bb, v\u00e9ritable plong\u00e9e dans l\u2019univers du sumo et ses traditions. \u00abLe sumo est devenu si populaire \u00e0 l\u2019\u00e9tranger au cours des six ou sept derni\u00e8res ann\u00e9es que les organisateurs subissent une pression \u00e9norme pour les faire venir\u00bb, a r\u00e9cemment confi\u00e9 \u00e0 l\u2019AFP John Gunning, ancien lutteur amateur de sumo aujourd\u2019hui commentateur \u00e0 la t\u00e9l\u00e9vision japonaise.<\/p>\n<p>                                            Des tournois r\u00e9guliers \u00e0 Paris\u00a0?<\/p>\n<p class=\"fig-paragraph\">Une premi\u00e8re exhibition s\u2019est tenue du 15 au 19 octobre 2025 au Royal Albert Hall de Londres et Paris a \u00e9t\u00e9 choisi pour accueillir les l\u00e9gendes du tatami juste avant l\u2019\u00e9t\u00e9 en 2026. Les promoteurs europ\u00e9ens aspirent \u00e0 ce que les tournois de sumo deviennent un rendez-vous r\u00e9gulier, \u00e0 l\u2019instar des tourn\u00e9es des \u00e9quipes de football dans les march\u00e9s \u00e9mergents ou de la NBA, qui se rend r\u00e9guli\u00e8rement en Europe, comme actuellement \u00e0 Paris.<\/p>\n","protected":false},"excerpt":{"rendered":"Les stars de Sumo d\u00e9barqueront dans la capitale les 13 et 14 juin. Un \u00e9v\u00e9nement qui suscite un&hellip;\n","protected":false},"author":2,"featured_media":629182,"comment_status":"","ping_status":"","sticky":false,"template":"","format":"standard","meta":{"footnotes":""},"categories":[1888],"tags":[2466,1111,1928,2465,2464,11,1927,1977,1981,451,207,1777,2468,674,63,1454,1011,27,66,447,2467,1457,2182,12,1926,626,1925,25,1980,479,2259,1467],"class_list":{"0":"post-629181","1":"post","2":"type-post","3":"status-publish","4":"format-standard","5":"has-post-thumbnail","7":"category-paris","8":"tag-2466","9":"tag-actu","10":"tag-actu-paris","11":"tag-actu-sport","12":"tag-actualite-sportive","13":"tag-actualites","14":"tag-actualites-paris","15":"tag-auto","16":"tag-classement","17":"tag-coupe-du-monde","18":"tag-cyclisme","19":"tag-eu","20":"tag-euro-foot","21":"tag-europe","22":"tag-football","23":"tag-formule-1","24":"tag-fr","25":"tag-france","26":"tag-ligue-1","27":"tag-ligue-des-champions","28":"tag-live-sport","29":"tag-moto","30":"tag-nba","31":"tag-news","32":"tag-news-paris","33":"tag-paris","34":"tag-paris-news","35":"tag-republique-francaise","36":"tag-resultats","37":"tag-rugby","38":"tag-score","39":"tag-tennis"},"share_on_mastodon":{"url":"https:\/\/pubeurope.com\/@fr\/115806858487768761","error":""},"_links":{"self":[{"href":"https:\/\/www.europesays.com\/fr\/wp-json\/wp\/v2\/posts\/629181","targetHints":{"allow":["GET"]}}],"collection":[{"href":"https:\/\/www.europesays.com\/fr\/wp-json\/wp\/v2\/posts"}],"about":[{"href":"https:\/\/www.europesays.com\/fr\/wp-json\/wp\/v2\/types\/post"}],"author":[{"embeddable":true,"href":"https:\/\/www.europesays.com\/fr\/wp-json\/wp\/v2\/users\/2"}],"replies":[{"embeddable":true,"href":"https:\/\/www.europesays.com\/fr\/wp-json\/wp\/v2\/comments?post=629181"}],"version-history":[{"count":0,"href":"https:\/\/www.europesays.com\/fr\/wp-json\/wp\/v2\/posts\/629181\/revisions"}],"wp:featuredmedia":[{"embeddable":true,"href":"https:\/\/www.europesays.com\/fr\/wp-json\/wp\/v2\/media\/629182"}],"wp:attachment":[{"href":"https:\/\/www.europesays.com\/fr\/wp-json\/wp\/v2\/media?parent=629181"}],"wp:term":[{"taxonomy":"category","embeddable":true,"href":"https:\/\/www.europesays.com\/fr\/wp-json\/wp\/v2\/categories?post=629181"},{"taxonomy":"post_tag","embeddable":true,"href":"https:\/\/www.europesays.com\/fr\/wp-json\/wp\/v2\/tags?post=629181"}],"curies":[{"name":"wp","href":"https:\/\/api.w.org\/{rel}","templated":true}]}}