{"id":629183,"date":"2025-12-30T05:26:14","date_gmt":"2025-12-30T05:26:14","guid":{"rendered":"https:\/\/www.europesays.com\/fr\/629183\/"},"modified":"2025-12-30T05:26:14","modified_gmt":"2025-12-30T05:26:14","slug":"ouverture-billetterie-ce-mardi-a-14h00-pour-ubb-sfp-actualites-union-bordeaux-begles-ubb-rugby","status":"publish","type":"post","link":"https:\/\/www.europesays.com\/fr\/629183\/","title":{"rendered":"Ouverture billetterie ce mardi \u00e0 14h00 pour UBB-SFP ! &#8211; Actualit\u00e9s &#8211; Union Bordeaux B\u00e8gles (UBB Rugby)"},"content":{"rendered":"<p>                    La billetterie ouvrira demain\u00a0pour la r\u00e9ception\u00a0du Stade Fran\u00e7ais \u00e0\u00a0Chaban ! Samedi 24\u00a0janvier\u00a0\u00e0 14h30\u00a0nos girondins recevront Paris, pour la 15e journ\u00e9e\u00a0de TOP 14. Les billets seront disponibles d\u00e8s demain, mardi 30\u00a0d\u00e9cembre, \u00e0 14h00.<\/p>\n<p><img loading=\"lazy\" decoding=\"async\" src=\"https:\/\/www.europesays.com\/fr\/wp-content\/uploads\/2025\/12\/Horizontal copie-ubbrsfp.jpg\" alt=\"\" width=\"1200\" height=\"1200\"\/><\/p>\n<p>En janvier, nos girondins joueront pas moins de cinq\u00a0rencontres dont trois \u00e0 domicile, face au Racing 92, \u00e0 Northampton et donc le <strong>Stade Fran\u00e7ais Paris, le samedi 24 janvier prochain.<\/strong> Pour cette rencontre nos Bordeaux &amp; Blanc accueilleront les parisiens au stade Chaban-Delmas \u00e0 14H30 !<\/p>\n<p>Apr\u00e8s leur large d\u00e9faite au match aller (28-7), nos joueurs auront \u00e0 coeur de se rattraper <strong>face aux soldats roses actuellement quatri\u00e8mes du classement<\/strong>..\u00a0Ne manquez pas l&rsquo;\u00e9v\u00e8nement !\u00a0<a class=\"link-btn link-btn-arrow\" style=\"font-family: var(--_font-family-body);\" href=\"https:\/\/billetterie.ubbrugby.com\/fr\" target=\"_blank\" rel=\"noopener\">c&rsquo;est par ici\u00a0<\/a><\/p>\n<p><img loading=\"lazy\" decoding=\"async\" src=\"https:\/\/www.europesays.com\/fr\/wp-content\/uploads\/2025\/12\/WhatsApp Image 2025-12-29 at 15.27.00 (1).jpeg\" alt=\"\" width=\"1200\" height=\"1200\"\/><br \/>\nLEs infos<\/p>\n<p>L&rsquo;ouverture de la\u00a0billetterie<strong> pour cette rencontre<\/strong>\u00a0aura lieu demain<strong>\u00a0mardi 30\u00a0d\u00e9cembre \u00e0 14h00<\/strong>\u00a0sur notre<strong>\u00a0site billetterie.\u00a0<\/strong><\/p>\n<p style=\"text-align: center;\"><a class=\"btn\" href=\"https:\/\/billetterie.ubbrugby.com\/fr\" target=\"_blank\" rel=\"noopener\">LA BILLETTERIE<\/a><\/p>\n<p>Vous pourrez \u00e9galement vous procurez des billets\u00a0au point billetterie du club situ\u00e9 \u00e0 l&rsquo;UBB Store (Bord&rsquo;eau Village) tous les jours de 10h \u00e0 19h.<\/p>\n<p>Les tarifs :<\/p>\n<p>Pour cette saison \u00e0 domicile nous vous proposons des tarifs allant de 10\u20ac en CAT6 \u00e0 75\u20ac en CAT1 en Plein Tarif.<\/p>\n<p><strong> <img loading=\"lazy\" decoding=\"async\" src=\"https:\/\/www.europesays.com\/fr\/wp-content\/uploads\/2025\/12\/TARIFS-BDX-CHABAN-2526_1.png\" alt=\"\" width=\"776\" height=\"776\"\/><\/strong><\/p>\n<p><strong>Pour rappel, le Tarif R\u00e9duit est applicable pour les jeunes n\u00e9s apr\u00e8s le 1er janvier 2006, les \u00e9tudiants avec une carte \u00e9tudiante officielle, ou les personnes poss\u00e9dant une carte CMI d\u2019invalidit\u00e9 ou priorit\u00e9.<\/strong>\u00a0<\/p>\n","protected":false},"excerpt":{"rendered":"La billetterie ouvrira demain\u00a0pour la r\u00e9ception\u00a0du Stade Fran\u00e7ais \u00e0\u00a0Chaban ! Samedi 24\u00a0janvier\u00a0\u00e0 14h30\u00a0nos girondins recevront Paris, pour la&hellip;\n","protected":false},"author":2,"featured_media":629184,"comment_status":"","ping_status":"","sticky":false,"template":"","format":"standard","meta":{"footnotes":""},"categories":[1888],"tags":[1111,1928,47,11,1927,4402,1997,4404,4401,4356,4400,4357,1983,1777,674,1011,27,1987,1114,2947,955,12,1926,626,1925,4048,25,479,517,2858,478,4364,4403,1264],"class_list":{"0":"post-629183","1":"post","2":"type-post","3":"status-publish","4":"format-standard","5":"has-post-thumbnail","7":"category-paris","8":"tag-actu","9":"tag-actu-paris","10":"tag-actualite","11":"tag-actualites","12":"tag-actualites-paris","13":"tag-begles","14":"tag-bordeaux","15":"tag-chaban","16":"tag-challenge-cup","17":"tag-coronavirus","18":"tag-covid","19":"tag-covid-19","20":"tag-essai","21":"tag-eu","22":"tag-europe","23":"tag-fr","24":"tag-france","25":"tag-girondins","26":"tag-infos","27":"tag-lnr","28":"tag-match","29":"tag-news","30":"tag-news-paris","31":"tag-paris","32":"tag-paris-news","33":"tag-presse","34":"tag-republique-francaise","35":"tag-rugby","36":"tag-sport","37":"tag-stade","38":"tag-top-14","39":"tag-ubb","40":"tag-union","41":"tag-victoire"},"share_on_mastodon":{"url":"https:\/\/pubeurope.com\/@fr\/115806862411525938","error":""},"_links":{"self":[{"href":"https:\/\/www.europesays.com\/fr\/wp-json\/wp\/v2\/posts\/629183","targetHints":{"allow":["GET"]}}],"collection":[{"href":"https:\/\/www.europesays.com\/fr\/wp-json\/wp\/v2\/posts"}],"about":[{"href":"https:\/\/www.europesays.com\/fr\/wp-json\/wp\/v2\/types\/post"}],"author":[{"embeddable":true,"href":"https:\/\/www.europesays.com\/fr\/wp-json\/wp\/v2\/users\/2"}],"replies":[{"embeddable":true,"href":"https:\/\/www.europesays.com\/fr\/wp-json\/wp\/v2\/comments?post=629183"}],"version-history":[{"count":0,"href":"https:\/\/www.europesays.com\/fr\/wp-json\/wp\/v2\/posts\/629183\/revisions"}],"wp:featuredmedia":[{"embeddable":true,"href":"https:\/\/www.europesays.com\/fr\/wp-json\/wp\/v2\/media\/629184"}],"wp:attachment":[{"href":"https:\/\/www.europesays.com\/fr\/wp-json\/wp\/v2\/media?parent=629183"}],"wp:term":[{"taxonomy":"category","embeddable":true,"href":"https:\/\/www.europesays.com\/fr\/wp-json\/wp\/v2\/categories?post=629183"},{"taxonomy":"post_tag","embeddable":true,"href":"https:\/\/www.europesays.com\/fr\/wp-json\/wp\/v2\/tags?post=629183"}],"curies":[{"name":"wp","href":"https:\/\/api.w.org\/{rel}","templated":true}]}}