{"id":629189,"date":"2025-12-30T05:29:15","date_gmt":"2025-12-30T05:29:15","guid":{"rendered":"https:\/\/www.europesays.com\/fr\/629189\/"},"modified":"2025-12-30T05:29:15","modified_gmt":"2025-12-30T05:29:15","slug":"poutine-modifie-les-armoiries-de-la-russie","status":"publish","type":"post","link":"https:\/\/www.europesays.com\/fr\/629189\/","title":{"rendered":"Poutine modifie les armoiries de la Russie"},"content":{"rendered":"<p class=\"ap-StoryElement ap-StoryElement--mb ap-StoryText\">Ce lundi 29 d\u00e9cembre, des amendements portant sur la loi \u00ab\u00a0relative \u00e0 l&#8217;embl\u00e8me d&rsquo;\u00c9tat de la F\u00e9d\u00e9ration de Russie\u00a0\u00bb ont \u00e9t\u00e9 approuv\u00e9s. A pr\u00e9sent, \u00ab\u00a0des petites couronnes, la grande couronne et le globe sont surmont\u00e9s de croix \u00e0 quatre pointes droites et \u00e9gales, aux extr\u00e9mit\u00e9s s&rsquo;\u00e9largissant\u00a0\u00bb. Une pr\u00e9c\u00e9dente modification avait \u00e9tabli des losanges \u00e0 la place des croix.<\/p>\n<p><a href=\"https:\/\/www.lalibre.be\/international\/europe\/guerre-ukraine-russie\/2025\/12\/29\/poutine-affirme-que-les-troupes-russes-avancent-avec-assurance-et-que-les-ukrainiens-se-replient-partout-3PKHSWJ665AEHDW5VR3SNVX67Q\/\" target=\"_self\" class=\"ap-StoryInterstitialLink ap-StoryElement ap-StoryElement--mb\" rel=\"noopener\">Poutine affirme que les troupes russes \u00ab\u00a0avancent avec assurance\u00a0\u00bb et que les ukrainiens se \u00ab\u00a0replient partout\u00a0\u00bb<\/a><\/p>\n<p class=\"ap-StoryElement ap-StoryElement--mb ap-StoryText\">En mai 2025, une nouvelle version des armoiries avait \u00e9t\u00e9 publi\u00e9e pour illustrer le site web et la cha\u00eene Telegram du Kremlin. L&rsquo;ancienne version avait \u00e9t\u00e9 vivement critiqu\u00e9e par des personnalit\u00e9s influentes et des mouvements religieux. \u00ab\u00a0Ce ne sont pas de petits d\u00e9tails, c&rsquo;est un symbole du pouvoir, c&rsquo;est l&rsquo;appartenance \u00e0 une religion d\u00e9termin\u00e9e\u00a0\u00bb, expliquait le r\u00e9alisateur Nikita Mikhalkov.<\/p>\n","protected":false},"excerpt":{"rendered":"Ce lundi 29 d\u00e9cembre, des amendements portant sur la loi \u00ab\u00a0relative \u00e0 l&#8217;embl\u00e8me d&rsquo;\u00c9tat de la F\u00e9d\u00e9ration de&hellip;\n","protected":false},"author":2,"featured_media":629190,"comment_status":"","ping_status":"","sticky":false,"template":"","format":"standard","meta":{"footnotes":""},"categories":[1591],"tags":[11,1887,1227,12,9024,1885,1886,132],"class_list":{"0":"post-629189","1":"post","2":"type-post","3":"status-publish","4":"format-standard","5":"has-post-thumbnail","7":"category-russie","8":"tag-actualites","9":"tag-federation-de-russie","10":"tag-horizontal","11":"tag-news","12":"tag-politics","13":"tag-russia","14":"tag-russian-federation","15":"tag-russie"},"share_on_mastodon":{"url":"https:\/\/pubeurope.com\/@fr\/115806874134470732","error":""},"_links":{"self":[{"href":"https:\/\/www.europesays.com\/fr\/wp-json\/wp\/v2\/posts\/629189","targetHints":{"allow":["GET"]}}],"collection":[{"href":"https:\/\/www.europesays.com\/fr\/wp-json\/wp\/v2\/posts"}],"about":[{"href":"https:\/\/www.europesays.com\/fr\/wp-json\/wp\/v2\/types\/post"}],"author":[{"embeddable":true,"href":"https:\/\/www.europesays.com\/fr\/wp-json\/wp\/v2\/users\/2"}],"replies":[{"embeddable":true,"href":"https:\/\/www.europesays.com\/fr\/wp-json\/wp\/v2\/comments?post=629189"}],"version-history":[{"count":0,"href":"https:\/\/www.europesays.com\/fr\/wp-json\/wp\/v2\/posts\/629189\/revisions"}],"wp:featuredmedia":[{"embeddable":true,"href":"https:\/\/www.europesays.com\/fr\/wp-json\/wp\/v2\/media\/629190"}],"wp:attachment":[{"href":"https:\/\/www.europesays.com\/fr\/wp-json\/wp\/v2\/media?parent=629189"}],"wp:term":[{"taxonomy":"category","embeddable":true,"href":"https:\/\/www.europesays.com\/fr\/wp-json\/wp\/v2\/categories?post=629189"},{"taxonomy":"post_tag","embeddable":true,"href":"https:\/\/www.europesays.com\/fr\/wp-json\/wp\/v2\/tags?post=629189"}],"curies":[{"name":"wp","href":"https:\/\/api.w.org\/{rel}","templated":true}]}}